{"id":5059,"date":"2012-10-24T23:19:27","date_gmt":"2012-10-24T22:19:27","guid":{"rendered":"http:\/\/www.sclbadenbaden.de\/?p=5059"},"modified":"2012-10-24T23:23:14","modified_gmt":"2012-10-24T22:23:14","slug":"roman-fruh-zum-ehrenmitglied-ernannt","status":"publish","type":"post","link":"https:\/\/www.sclbadenbaden.de\/?p=5059","title":{"rendered":"Roman Fr\u00fch zum Ehrenmitglied ernannt"},"content":{"rendered":"<p><a href=\"http:\/\/www.sclbadenbaden.de\/wp-content\/uploads\/2012\/10\/Roman-Fr\u00fch-web.jpg\"><img loading=\"lazy\" decoding=\"async\" class=\"alignleft size-thumbnail wp-image-5060\" title=\"v.l. Raimund Rosch, Ehrenmitglied Roman Fr\u00fch, Bernd Hefter, Gerhard Trunz\" src=\"http:\/\/www.sclbadenbaden.de\/wp-content\/uploads\/2012\/10\/Roman-Fr\u00fch-web-150x100.jpg\" alt=\"\" width=\"150\" height=\"100\" srcset=\"https:\/\/www.sclbadenbaden.de\/wp-content\/uploads\/2012\/10\/Roman-Fr\u00fch-web-150x100.jpg 150w, https:\/\/www.sclbadenbaden.de\/wp-content\/uploads\/2012\/10\/Roman-Fr\u00fch-web-300x200.jpg 300w, https:\/\/www.sclbadenbaden.de\/wp-content\/uploads\/2012\/10\/Roman-Fr\u00fch-web.jpg 1024w\" sizes=\"auto, (max-width: 150px) 100vw, 150px\" \/><\/a>Che \u2013 Zum Saisonabschluss der Gesundheitssport-Gruppe, dem harten Kern im  SCL Heel Baden-Baden, gab es in der \u201eBlume\u201c in Balg eine seltene Ehrung. F\u00fcr seine gro\u00dfen Verdienste f\u00fcr den SCL Heel Baden-Baden und die 56 j\u00e4hrige Mitgliedschaft in der Leichtathletik wurde Roman Fr\u00fch zum Ehrenmitglied ernannt. Vorstand Bernd Hefter w\u00fcrdigte Roman Fr\u00fch f\u00fcr seine Treue zum Verein und seine gro\u00dfen Verdienste als Organisator und Helfer bei unz\u00e4hligen\u00a0<!--more-->Veranstaltungen. \u201eAuf Roman Fr\u00fch war und ist immer Verlass, er ist eine S\u00e4ule des Vereinslebens und allseits beliebt und er ist gr\u00fcndungsmitglied des SCL Heel\u201c, so Hefter.<\/p>\n<p>\u00dcber sein sportliches Interesse hinaus beeindruckt das neue Ehrenmitglied immer wieder durch seine fundierten kulturellen und literarischen Kenntnisse. Ein Wissensschatz, der schon oft im Kreis der Leichtathletik-Freunde f\u00fcr interessante Stunden gesorgt hat, denn Roman Fr\u00fch hat sich auch immer als hervorragender Redner pr\u00e4sentiert. Unter anhaltendem Applaus sprach Roman Fr\u00fch auch die Solidarit\u00e4t und Unterst\u00fctzung der gesamten  Gesundheitssport-Gruppe mit der Arbeit des SCL Heel Vorstands aus.  Der Verein hat mit Heinz Mayer (Ehrenvorsitzender), Heidrun Rosch, Wolfgang Bolg und Willi Jost jetzt f\u00fcnf Ehrenmitglieder.<\/p>\n","protected":false},"excerpt":{"rendered":"<p>Che \u2013 Zum Saisonabschluss der Gesundheitssport-Gruppe, dem harten Kern im SCL Heel Baden-Baden, gab es in der \u201eBlume\u201c in Balg eine seltene Ehrung. F\u00fcr seine gro\u00dfen Verdienste f\u00fcr den SCL Heel Baden-Baden und die 56 j\u00e4hrige Mitgliedschaft in der Leichtathletik wurde Roman Fr\u00fch zum Ehrenmitglied ernannt. Vorstand Bernd Hefter w\u00fcrdigte Roman Fr\u00fch f\u00fcr seine Treue [&hellip;]<\/p>\n","protected":false},"author":20,"featured_media":0,"comment_status":"open","ping_status":"open","sticky":false,"template":"","format":"standard","meta":{"footnotes":""},"categories":[11,12],"tags":[],"class_list":["post-5059","post","type-post","status-publish","format-standard","hentry","category-vereinsfeier","category-vorstand"],"_links":{"self":[{"href":"https:\/\/www.sclbadenbaden.de\/index.php?rest_route=\/wp\/v2\/posts\/5059","targetHints":{"allow":["GET"]}}],"collection":[{"href":"https:\/\/www.sclbadenbaden.de\/index.php?rest_route=\/wp\/v2\/posts"}],"about":[{"href":"https:\/\/www.sclbadenbaden.de\/index.php?rest_route=\/wp\/v2\/types\/post"}],"author":[{"embeddable":true,"href":"https:\/\/www.sclbadenbaden.de\/index.php?rest_route=\/wp\/v2\/users\/20"}],"replies":[{"embeddable":true,"href":"https:\/\/www.sclbadenbaden.de\/index.php?rest_route=%2Fwp%2Fv2%2Fcomments&post=5059"}],"version-history":[{"count":5,"href":"https:\/\/www.sclbadenbaden.de\/index.php?rest_route=\/wp\/v2\/posts\/5059\/revisions"}],"predecessor-version":[{"id":5064,"href":"https:\/\/www.sclbadenbaden.de\/index.php?rest_route=\/wp\/v2\/posts\/5059\/revisions\/5064"}],"wp:attachment":[{"href":"https:\/\/www.sclbadenbaden.de\/index.php?rest_route=%2Fwp%2Fv2%2Fmedia&parent=5059"}],"wp:term":[{"taxonomy":"category","embeddable":true,"href":"https:\/\/www.sclbadenbaden.de\/index.php?rest_route=%2Fwp%2Fv2%2Fcategories&post=5059"},{"taxonomy":"post_tag","embeddable":true,"href":"https:\/\/www.sclbadenbaden.de\/index.php?rest_route=%2Fwp%2Fv2%2Ftags&post=5059"}],"curies":[{"name":"wp","href":"https:\/\/api.w.org\/{rel}","templated":true}]}}