{"id":5034,"date":"2012-10-14T16:09:43","date_gmt":"2012-10-14T15:09:43","guid":{"rendered":"http:\/\/www.sclbadenbaden.de\/?p=5034"},"modified":"2012-10-14T16:43:02","modified_gmt":"2012-10-14T15:43:02","slug":"carl-dohmann-ein-sportler-mit-visionen-das-portrat","status":"publish","type":"post","link":"https:\/\/www.sclbadenbaden.de\/?p=5034","title":{"rendered":"Carl Dohmann &#8211; ein Sportler mit Visionen \/ Das Portr\u00e4t"},"content":{"rendered":"<p><a href=\"http:\/\/www.sclbadenbaden.de\/wp-content\/uploads\/2012\/10\/MG_7021.jpg\"><img loading=\"lazy\" decoding=\"async\" class=\"alignleft size-thumbnail wp-image-5036\" title=\"Carl Dohmann mit Goldmedaille\" src=\"http:\/\/www.sclbadenbaden.de\/wp-content\/uploads\/2012\/10\/MG_7021-122x150.jpg\" alt=\"\" width=\"122\" height=\"150\" srcset=\"https:\/\/www.sclbadenbaden.de\/wp-content\/uploads\/2012\/10\/MG_7021-122x150.jpg 122w, https:\/\/www.sclbadenbaden.de\/wp-content\/uploads\/2012\/10\/MG_7021-245x300.jpg 245w, https:\/\/www.sclbadenbaden.de\/wp-content\/uploads\/2012\/10\/MG_7021.jpg 683w\" sizes=\"auto, (max-width: 122px) 100vw, 122px\" \/><\/a>Che \u2013\u00a0Wenn er geht, dann drehen sich die M\u00e4dels in Freiburg schon mal um: Race-Walker Carl Dohmann vom SCL Heel Baden-Baden ist meistens so schnell gehend unterwegs, dass ihn immer wieder erstaunte Blicke treffen. Er geht und ist doch schneller als die meisten Jogger, die auf der gleichen Piste trainieren. Er geht auch stilistisch so perfekt und \u00e4sthetisch, dass ein neues Bild vom Gehen als Hochleistungssport entsteht.\u00a0Wenn er dann nach 20 Kilometern sein Trainingspensum abgearbeitet hat, widmet sich der Deutsche Juniorenmeister \u00fcber 30 Kilometer Gehen nur zu gern dem studentischen Leben.<\/p>\n<p><!--more-->\u201eJa, auch als Hochleistungssportler sitze ich gerne mit Freunden zusammen in einer Kneipe und trinke das ein oder andere Bier, weil man dabei so wunderbar ins diskutieren kommt und das macht schlie\u00dflich den Reiz des Studiums aus\u201c.<\/p>\n<p>Carl Dohmann muss es wissen. Er hat eben erst seinen Bachelor in Geschichte und Soziologie gemacht und damit schon einige studentische Erfahrungen in Freiburg gesammelt. Jetzt nimmt er ein neues Studienfach in Angriff. Ab dem neuen Semester studiert Carl Dohmann Volkswirtschaft an der Freiburger Uni, in der noch immer der Geist des Wirtschafts-Nobelpreistr\u00e4gers Friedrich August von Hayek schwebt. \u201eDie Idee f\u00fcr Volkswirtschaft kam eigentlich durch die Euro- und Wirtschaftskrise\u201c, sagt er selbstbewusst. \u201eIch will einfach mehr erfahren \u00fcber die Hintergr\u00fcnde und Zusammenh\u00e4nge f\u00fcr das Auf und Ab in der Wirtschaft\u201c. Dahinter steht sicher auch seine berufliche Vision. Carl Dohmann will, wie sein Vater, Journalist werden. Da kommt ein breites Fachwissen durchaus gelegen.<\/p>\n<p>Sportlich hat sich der 22 j\u00e4hrige Baden-Badener f\u00fcr die n\u00e4chsten Jahre einiges vorgenommen. Im kommenden Jahr ist die Universiade in Russland im Visier, da m\u00f6chte er \u00fcber 20 Kilometer angreifen und seine Schlappe von Shenzhen (China) vergessen machen. Dort sah er nach 15 Kilometern wegen Gehfehlern die rote Karte. Damals war er von einer schmerzhaften Knieverletzung geplagt, die ist jetzt \u00fcberwunden, deshalb konnte er in Gleina bei den deutschen Meisterschaften  \u00fcber 30 Kilometer alles geben und in 2:15,02 Stunden vor seinem Hauptkonkurrenten Hagen Pohle (SC Potsdam) gewinnen.<\/p>\n<p>2014 w\u00fcrde Carl Dohmann gerne bei den Europameisterschaften in Z\u00fcrich dabei sein, 2015 hofft er dann auf die Teilnahme an der Leichtathletik-Weltmeisterschaft in Peking und 2016 ist sein ganz gro\u00dfes Ziel: Die Olympischen Spiele in Rio de Janeiro. Daf\u00fcr wird er neben den 20 Kilometern auch die 50 Kilometer in Angriff nehmen. Trainiert wird Carl Dohmann vom vielfachen deutschen Meister im Gehen und mehrfachen Olympiateilnehmer Robert Ihly. Beide sind hervorragend aufeinander eingespielt und verstehen sich blind. Carl wei\u00df, &#8222;der Robert ist ein ziemlich harter Trainer, der nichts durchgehen l\u00e4sst&#8220;.<a href=\"http:\/\/www.sclbadenbaden.de\/wp-content\/uploads\/2012\/10\/MG_7051.jpg\"><img loading=\"lazy\" decoding=\"async\" class=\"alignleft size-thumbnail wp-image-5035\" title=\"RAce-Walker Carl Dohmann\" src=\"http:\/\/www.sclbadenbaden.de\/wp-content\/uploads\/2012\/10\/MG_7051-150x100.jpg\" alt=\"\" width=\"150\" height=\"100\" srcset=\"https:\/\/www.sclbadenbaden.de\/wp-content\/uploads\/2012\/10\/MG_7051-150x100.jpg 150w, https:\/\/www.sclbadenbaden.de\/wp-content\/uploads\/2012\/10\/MG_7051-300x200.jpg 300w, https:\/\/www.sclbadenbaden.de\/wp-content\/uploads\/2012\/10\/MG_7051.jpg 1024w\" sizes=\"auto, (max-width: 150px) 100vw, 150px\" \/><\/a><\/p>\n<p>Carl Dohmann trainiert eisenhart, bis neun Mal die Woche mit einem Trainingspensum von \u00fcber 200 Kilometern in sieben Tagen. Aber auch das Training hat seine Reize: Schon jetzt sind Trainingslager des Deutschen Leichtathletik Verbandes in S\u00fcdafrika und in Portugal geplant.<\/p>\n<p>Dort hat er entsprechende Trainingspartner, die ihn antreiben. Unter der Woche in Freiburg schlie\u00dft er sich zum Training oft einer Gruppe Jogger an, aber f\u00fcr die ist er meistens zu schnell.<\/p>\n<p>Wenn der Tag dann mit Studium, Training und geselliger Runde abgearbeitet ist, zieht sich Carl Dohmann in seine Freiburger WG zur\u00fcck. Die ist, wie er, ziemlich sportlich drauf \u2013 mit einem Triathleten und zwei Bundesliga-Fu\u00dfballerinnen vom SC Freiburg. Eine Kombination, die f\u00fcr immer gute Stimmung sorgt.<\/p>\n","protected":false},"excerpt":{"rendered":"<p>Che \u2013\u00a0Wenn er geht, dann drehen sich die M\u00e4dels in Freiburg schon mal um: Race-Walker Carl Dohmann vom SCL Heel Baden-Baden ist meistens so schnell gehend unterwegs, dass ihn immer wieder erstaunte Blicke treffen. Er geht und ist doch schneller als die meisten Jogger, die auf der gleichen Piste trainieren. Er geht auch stilistisch so [&hellip;]<\/p>\n","protected":false},"author":20,"featured_media":0,"comment_status":"open","ping_status":"open","sticky":false,"template":"","format":"standard","meta":{"footnotes":""},"categories":[2,3,12],"tags":[],"class_list":["post-5034","post","type-post","status-publish","format-standard","hentry","category-berichte","category-deutsche-meisterschaften","category-vorstand"],"_links":{"self":[{"href":"https:\/\/www.sclbadenbaden.de\/index.php?rest_route=\/wp\/v2\/posts\/5034","targetHints":{"allow":["GET"]}}],"collection":[{"href":"https:\/\/www.sclbadenbaden.de\/index.php?rest_route=\/wp\/v2\/posts"}],"about":[{"href":"https:\/\/www.sclbadenbaden.de\/index.php?rest_route=\/wp\/v2\/types\/post"}],"author":[{"embeddable":true,"href":"https:\/\/www.sclbadenbaden.de\/index.php?rest_route=\/wp\/v2\/users\/20"}],"replies":[{"embeddable":true,"href":"https:\/\/www.sclbadenbaden.de\/index.php?rest_route=%2Fwp%2Fv2%2Fcomments&post=5034"}],"version-history":[{"count":4,"href":"https:\/\/www.sclbadenbaden.de\/index.php?rest_route=\/wp\/v2\/posts\/5034\/revisions"}],"predecessor-version":[{"id":5044,"href":"https:\/\/www.sclbadenbaden.de\/index.php?rest_route=\/wp\/v2\/posts\/5034\/revisions\/5044"}],"wp:attachment":[{"href":"https:\/\/www.sclbadenbaden.de\/index.php?rest_route=%2Fwp%2Fv2%2Fmedia&parent=5034"}],"wp:term":[{"taxonomy":"category","embeddable":true,"href":"https:\/\/www.sclbadenbaden.de\/index.php?rest_route=%2Fwp%2Fv2%2Fcategories&post=5034"},{"taxonomy":"post_tag","embeddable":true,"href":"https:\/\/www.sclbadenbaden.de\/index.php?rest_route=%2Fwp%2Fv2%2Ftags&post=5034"}],"curies":[{"name":"wp","href":"https:\/\/api.w.org\/{rel}","templated":true}]}}