{"id":260,"date":"2007-07-08T14:27:32","date_gmt":"2007-07-08T13:27:32","guid":{"rendered":"http:\/\/www.sclbadenbaden.de\/?p=260"},"modified":"2007-07-08T14:27:32","modified_gmt":"2007-07-08T13:27:32","slug":"adam-domicz-deutscher-seniorenmeister","status":"publish","type":"post","link":"https:\/\/www.sclbadenbaden.de\/?p=260","title":{"rendered":"Adam Domicz Deutscher Seniorenmeister"},"content":{"rendered":"<p><a href=\"http:\/\/www.sclbadenbaden.de\/wp-content\/uploads\/2007\/07\/adam-domicz2.jpg\" title=\"Adam Domicz SCL -Heel Baden-Baden\"><img decoding=\"async\" src=\"http:\/\/www.sclbadenbaden.de\/wp-content\/uploads\/2007\/07\/adam-domicz2.thumbnail.jpg\" alt=\"Adam Domicz SCL -Heel Baden-Baden\" \/><\/a>Nach dem Hallentitel 2007 holte sich Adam Domicz jetzt auch Gold im Freien: Es war sein technisch bester Lauf, bis zur achten H\u00fcrde. Da w\u00e4re der Traum vom Gold \u00fcber 110 Meter H\u00fcrden bei den Deutschen Seniorenmeisterschaften in Zittau fast geplatzt. Mit dem Nachziehbein blieb Adam Domicz (M 40 \/ SCL -Heel Baden-Baden) an der H\u00fcrde h\u00e4ngen und kam fast zum Sturz. Aber er konnte sich abfangen und seinen deutlichen Vorsprung ins Ziel retten.<br \/>\n<a href=\"http:\/\/www.leichtathletik.de\/results\/229_zittau_senioren_06080707.pdf\">Zur Ergebnisliste<\/a><br \/>\n<!--more--><\/p>\n<p>&#8222;Bereits bei der ersten H\u00fcrde hatte ich einen kleinen Vorsprung, ich habe mich unglaublich spritzig gef\u00fchlt und hatte einen perfekten Lauf&#8220;. So konnte Domicz dem Vorjahressieger  und Titelverteidiger Horst Spiegl (Dietenhofen) deutlich auf den Silberrang verweisen.<br \/>\nDass der Baden-Badener nicht erneut seinen eigenen badischen Rekord verbesserte lag ausschlie\u00dflich am zu starken Wind. Die 15,39 Sekunden von Zittau w\u00e4ren eigentlich eine neue Rekordmarke im BLV, aber der Wind blies mit 2,5 Meter\/Sekunde zu stark.<\/p>\n<p>Domicz ist jetzt aber im Bereich des deutschen Rekordes von 15,23 Sekunden. Am kommenden Mittwoch bei den Kreismeisterschaften im Aumattstadion will er versuchen, diesen Rekod zu knacken.<br \/>\nIm Weistsprung belegte Adam Domicz mit 5,85 Meter Platz 8 und \u00fcber 100 Meter flach lief er im Vorlauf 12,26 Sekunden.<\/p>\n","protected":false},"excerpt":{"rendered":"<p>Nach dem Hallentitel 2007 holte sich Adam Domicz jetzt auch Gold im Freien: Es war sein technisch bester Lauf, bis zur achten H\u00fcrde. Da w\u00e4re der Traum vom Gold \u00fcber 110 Meter H\u00fcrden bei den Deutschen Seniorenmeisterschaften in Zittau fast geplatzt. Mit dem Nachziehbein blieb Adam Domicz (M 40 \/ SCL -Heel Baden-Baden) an der [&hellip;]<\/p>\n","protected":false},"author":20,"featured_media":0,"comment_status":"open","ping_status":"open","sticky":false,"template":"","format":"standard","meta":{"footnotes":""},"categories":[3,4],"tags":[],"class_list":["post-260","post","type-post","status-publish","format-standard","hentry","category-deutsche-meisterschaften","category-ergebnisse"],"_links":{"self":[{"href":"https:\/\/www.sclbadenbaden.de\/index.php?rest_route=\/wp\/v2\/posts\/260","targetHints":{"allow":["GET"]}}],"collection":[{"href":"https:\/\/www.sclbadenbaden.de\/index.php?rest_route=\/wp\/v2\/posts"}],"about":[{"href":"https:\/\/www.sclbadenbaden.de\/index.php?rest_route=\/wp\/v2\/types\/post"}],"author":[{"embeddable":true,"href":"https:\/\/www.sclbadenbaden.de\/index.php?rest_route=\/wp\/v2\/users\/20"}],"replies":[{"embeddable":true,"href":"https:\/\/www.sclbadenbaden.de\/index.php?rest_route=%2Fwp%2Fv2%2Fcomments&post=260"}],"version-history":[{"count":0,"href":"https:\/\/www.sclbadenbaden.de\/index.php?rest_route=\/wp\/v2\/posts\/260\/revisions"}],"wp:attachment":[{"href":"https:\/\/www.sclbadenbaden.de\/index.php?rest_route=%2Fwp%2Fv2%2Fmedia&parent=260"}],"wp:term":[{"taxonomy":"category","embeddable":true,"href":"https:\/\/www.sclbadenbaden.de\/index.php?rest_route=%2Fwp%2Fv2%2Fcategories&post=260"},{"taxonomy":"post_tag","embeddable":true,"href":"https:\/\/www.sclbadenbaden.de\/index.php?rest_route=%2Fwp%2Fv2%2Ftags&post=260"}],"curies":[{"name":"wp","href":"https:\/\/api.w.org\/{rel}","templated":true}]}}