{"id":2358,"date":"2010-12-26T17:48:17","date_gmt":"2010-12-26T16:48:17","guid":{"rendered":"http:\/\/www.sclbadenbaden.de\/?p=2358"},"modified":"2010-12-26T17:48:17","modified_gmt":"2010-12-26T16:48:17","slug":"neue-projekte-geplant-jahresabschluss-1","status":"publish","type":"post","link":"https:\/\/www.sclbadenbaden.de\/?p=2358","title":{"rendered":"Neue Projekte geplant &#8211; Jahresabschluss 1"},"content":{"rendered":"<p><a href=\"http:\/\/www.sclbadenbaden.de\/wp-content\/uploads\/2010\/12\/IMG_0471-web.jpg\"><img loading=\"lazy\" decoding=\"async\" class=\"alignleft size-thumbnail wp-image-2359\" title=\"Betriebssport mit Stephan Sch\u00fcrer\" src=\"http:\/\/www.sclbadenbaden.de\/wp-content\/uploads\/2010\/12\/IMG_0471-web-150x100.jpg\" alt=\"\" width=\"150\" height=\"100\" \/><\/a>Che &#8211; Beim SCL Heel Baden-Baden laufen bereits wieder die Vorbereitungen f\u00fcr die neue Saison. 2011 will sich der Verein neue Aufgabenfelder erschlie\u00dfen. Hierzu gibt es bereits konkrete Planungen. &#8222;Der Bedarf an Betriebssport f\u00fcr dynamische\u00a0Unternehmen wird <!--more-->immer gr\u00f6\u00dfer. Hier will der SCL Heel konkrete und attraktive Angebote f\u00fcr Mitarbeiter machen&#8220;, so SCL Heel Vorstand Bernd Hefter.<\/p>\n<p>Bereits in der abgelaufenen Saison wurde ein betriebliches Laufangebot sehr gut aufgenommen. Neben diesem Angebot wird es k\u00fcnftig auch ein R\u00fcckenschul-Angebot f\u00fcr ein hiesiges Unternehmen geben. Solche Angebote, streng nach den Richtlinien der Krankenkassen und der Finanzbeh\u00f6rden, werden jetzt intensiv ausgebaut.<\/p>\n<p>&#8222;Noch nie war Sport so attraktiv und so wichtig wie heute&#8220;, fasst Hefter zusammen. Dies zeige sich an den enormen Einschaltquoten von attraktivenSportveranstaltungen in den Medien. Andererseits fordert die immer h\u00e4rtere und oft einseitige berufliche Belastung der Arbeitnehmer einen k\u00f6rperlichen Ausgleich. Dies gelte in hohem Ma\u00dfe auch f\u00fcr Sch\u00fcler und Jugendliche, die bedingt durch das G 8 immer wenige Zeit f\u00fcr sportliche Bet\u00e4tigungen h\u00e4tten. &#8222;Hier ist es wichtig, dass Eltern bewusst sportliche Freir\u00e4ume f\u00fcr ihre Kinder schaffen&#8220;, res\u00fcmiert Bernd Hefter.<\/p>\n<p>Der SCL Heel hat deshalb mit Beginn des Wintertrainings seine sportlichen Angebote f\u00fcr Kinder und Jugendliche weiter ausgebaut, um m\u00f6glichst vielen Sch\u00fclerinnen und Sch\u00fclern gute Trainingsbedingungen zu bieten. Daf\u00fcr stehen dem SCL Heel insgesamt elf Trainer zur Verf\u00fcgung. Aber auch hier werden f\u00fcr die Zukunft weitere Trainer und \u00dcbungsleiter mit Spezialqualifikation wie Physiotherapie besch\u00e4ftigt.<\/p>\n<p>Sportlich beginnt f\u00fcr den Leichtathletik-Verein die Hallensaison am 22. Januar. Da findet bereits der erste Wettkampf in Luxemburg statt. In Europas modernster Leichtathletik Halle werden sich die SCL Heel-Sch\u00fcler zusammen mit den Mannheimer Sportlern der MTG mit dem Nachwuchs aus dem kleinen Gro\u00dfherzogtum messen. Mit der MTG Mannheim unterh\u00e4lt der SCL Heel Baden-Baden bei Sch\u00fclern und Jugendlichen eine Startgemeinschaft. Ziel ist f\u00fcr das Sch\u00fcler- wie auch das Jugendteam die Qualifikation f\u00fcr das Finale der Deutschen Mannschaftsmeisterschaften.<\/p>\n<p>Der SCL Heel Baden-Baden ist ein traditionsreicher aber auch ein junger Verein. Vor f\u00fcnf Jahren hat sich der SCL Heel als Verein selbst\u00e4ndig gemacht. Seither hat die Mitgliederzahl enorm zugenommen. Heute hat der SCL Heel fast 450 Mitglieder. Knapp 200 sind Sch\u00fcler und Jugendliche.<\/p>\n<p><a href=\"http:\/\/www.sclbadenbaden.de\/wp-content\/uploads\/2010\/12\/IMG_1826-web.jpg\"><img loading=\"lazy\" decoding=\"async\" class=\"alignleft size-thumbnail wp-image-2361\" title=\"Carl Dohmann Nr. 1\" src=\"http:\/\/www.sclbadenbaden.de\/wp-content\/uploads\/2010\/12\/IMG_1826-web-150x87.jpg\" alt=\"\" width=\"150\" height=\"87\" \/><\/a>Sportlich lief die Saison 2010 erneut \u00fcberaus erfolgreich. Supergeher Carl Dohmann gl\u00e4nzte mit der deutschen Juniorenmeisterschaft im 10.000 Meter Gehen und einer Silbermedaille \u00fcber 20 Kilometer. In der deutschen Bestenliste der M\u00e4nner steht Dohmann \u00fcber beide Strecken jeweils auf Rang vier. Er ist der einzige Geher, der sich unter die starken Race-Walker aus Berlin und Potsdam mischen konnte. Seine Bestzeit \u00fcber 20 Kilometer ging der Baden-Badener im britischen Bedford in 1:26,04 Stunden.<\/p>\n<p><a href=\"http:\/\/www.sclbadenbaden.de\/wp-content\/uploads\/2010\/12\/IMG_0423-web.jpg\"><img loading=\"lazy\" decoding=\"async\" class=\"alignleft size-thumbnail wp-image-2360\" title=\"Adam Domicz und sein Tempo Team\" src=\"http:\/\/www.sclbadenbaden.de\/wp-content\/uploads\/2010\/12\/IMG_0423-web-150x100.jpg\" alt=\"\" width=\"150\" height=\"100\" \/><\/a>SCL Heel H\u00fcrdenspinter Adam Domicz hat auch 2010 wieder \u00fcberzeugt. Er wurde baden-w\u00fcrttembergischer Meister \u00fcber 110 Meter H\u00fcrden und holte sich zwei Silbermedaillen bei den deutschen Meisterschaften im Hochsprung  und \u00fcber 110 Meter H\u00fcrden. Als Trainer feierte Domicz mit seinem Tempo-Team gro\u00dfe Erfolge. Insgesamt errangen SCL Heel Sportler 14 Landesmeisterschaften (Fortsetzung folgt).<\/p>\n","protected":false},"excerpt":{"rendered":"<p>Che &#8211; Beim SCL Heel Baden-Baden laufen bereits wieder die Vorbereitungen f\u00fcr die neue Saison. 2011 will sich der Verein neue Aufgabenfelder erschlie\u00dfen. Hierzu gibt es bereits konkrete Planungen. &#8222;Der Bedarf an Betriebssport f\u00fcr dynamische\u00a0Unternehmen wird<\/p>\n","protected":false},"author":20,"featured_media":0,"comment_status":"open","ping_status":"open","sticky":false,"template":"","format":"standard","meta":{"footnotes":""},"categories":[2],"tags":[],"class_list":["post-2358","post","type-post","status-publish","format-standard","hentry","category-berichte"],"_links":{"self":[{"href":"https:\/\/www.sclbadenbaden.de\/index.php?rest_route=\/wp\/v2\/posts\/2358","targetHints":{"allow":["GET"]}}],"collection":[{"href":"https:\/\/www.sclbadenbaden.de\/index.php?rest_route=\/wp\/v2\/posts"}],"about":[{"href":"https:\/\/www.sclbadenbaden.de\/index.php?rest_route=\/wp\/v2\/types\/post"}],"author":[{"embeddable":true,"href":"https:\/\/www.sclbadenbaden.de\/index.php?rest_route=\/wp\/v2\/users\/20"}],"replies":[{"embeddable":true,"href":"https:\/\/www.sclbadenbaden.de\/index.php?rest_route=%2Fwp%2Fv2%2Fcomments&post=2358"}],"version-history":[{"count":0,"href":"https:\/\/www.sclbadenbaden.de\/index.php?rest_route=\/wp\/v2\/posts\/2358\/revisions"}],"wp:attachment":[{"href":"https:\/\/www.sclbadenbaden.de\/index.php?rest_route=%2Fwp%2Fv2%2Fmedia&parent=2358"}],"wp:term":[{"taxonomy":"category","embeddable":true,"href":"https:\/\/www.sclbadenbaden.de\/index.php?rest_route=%2Fwp%2Fv2%2Fcategories&post=2358"},{"taxonomy":"post_tag","embeddable":true,"href":"https:\/\/www.sclbadenbaden.de\/index.php?rest_route=%2Fwp%2Fv2%2Ftags&post=2358"}],"curies":[{"name":"wp","href":"https:\/\/api.w.org\/{rel}","templated":true}]}}