{"id":23475,"date":"2026-04-26T07:44:21","date_gmt":"2026-04-26T06:44:21","guid":{"rendered":"https:\/\/www.sclbadenbaden.de\/?p=23475"},"modified":"2026-04-26T07:44:21","modified_gmt":"2026-04-26T06:44:21","slug":"lucy-lehmann-gewinnt-kreistitel-ueber-800-meter-dreimal-gab-es-platz-2","status":"publish","type":"post","link":"https:\/\/www.sclbadenbaden.de\/?p=23475","title":{"rendered":"Lucy Lehmann gewinnt Kreistitel \u00fcber 800 Meter \/ dreimal gab es Platz 2"},"content":{"rendered":"\n<figure class=\"wp-block-image size-full\"><a href=\"https:\/\/www.sclbadenbaden.de\/wp-content\/uploads\/2026\/04\/Laufgruppe-Huegelsheim.jpeg\"><img loading=\"lazy\" decoding=\"async\" width=\"1183\" height=\"493\" src=\"https:\/\/www.sclbadenbaden.de\/wp-content\/uploads\/2026\/04\/Laufgruppe-Huegelsheim.jpeg\" alt=\"\" class=\"wp-image-23476\"\/><\/a><\/figure>\n\n\n\n<p>hs: Bei den Kreismeisterschaften in H\u00fcgelsheim traten zw\u00f6lf Teilnehmer des SCL Heel Baden-Baden bei fr\u00fchlingshaftem Wetter auf Strecken \u00fcber 800m, 2000m und 3000m an.<\/p>\n\n\n\n<!--more-->\n\n\n\n<p>In der Altersklasse M10 erzielte Oskar mit einer Zeit von 3:02,92 den zweiten Platz. Joaquin belegte mit 3:15,42 Rang sechs. Die Klasse W10 konnte ebenfalls einen zweiten Platz verzeichnen; Jale erreichte diesen mit einer starken Leistung von 3:06,39. Mia absolvierte ihr erstes Rennen f\u00fcr den SCL Heel und beendete das Rennen mit 3:55,23 auf dem siebten Platz.<\/p>\n\n\n\n<p>F\u00fcr die M11 ging Jonas an den Start und belegte mit 3:19,60 den zw\u00f6lften Rang. In der gleichen Altersklasse erzielte Lucy bei den M\u00e4dchen einen souver\u00e4nen Sieg. Sie gewann den Kreistitel und stellte mit 2:52,86 eine pers\u00f6nliche Bestzeit auf. Silvia erreichte ebenfalls eine neue pers\u00f6nliche Bestzeit von 3:06,79, was zu einem f\u00fcnften Platz f\u00fchrte.<\/p>\n\n\n\n<p>Die Starterinnen der Klasse W12 traten \u00fcber 2000m an: Anneliese und Fritzi beendeten das Rennen nahezu zeitgleich mit 9:44,75 und 9:44,76 und belegten die Pl\u00e4tze vier und f\u00fcnf. Tammo sicherte sich in der M12 eine Vizemeisterschaft mit einer Zeit von 7:35,47. Finn erreichte mit 7:59,21 den vierten Platz und verfehlte damit knapp das Podium.<\/p>\n\n\n\n<p>Benjamin, letzter Starter des Tages f\u00fcr den Verein, absolvierte die 3000m in 11:25,19 und erreichte den dritten Platz auf dem Siegerpodest.<\/p>\n\n\n\n<figure class=\"wp-block-gallery has-nested-images columns-default is-cropped wp-block-gallery-1 is-layout-flex wp-block-gallery-is-layout-flex\">\n<figure class=\"wp-block-image size-large\"><a href=\"https:\/\/www.sclbadenbaden.de\/wp-content\/uploads\/2026\/04\/1a4fb8a1-6704-4e81-87f8-862023b77369.jpeg\"><img loading=\"lazy\" decoding=\"async\" width=\"768\" height=\"1024\" data-id=\"23481\" src=\"https:\/\/www.sclbadenbaden.de\/wp-content\/uploads\/2026\/04\/1a4fb8a1-6704-4e81-87f8-862023b77369-768x1024.jpeg\" alt=\"\" class=\"wp-image-23481\" srcset=\"https:\/\/www.sclbadenbaden.de\/wp-content\/uploads\/2026\/04\/1a4fb8a1-6704-4e81-87f8-862023b77369-768x1024.jpeg 768w, https:\/\/www.sclbadenbaden.de\/wp-content\/uploads\/2026\/04\/1a4fb8a1-6704-4e81-87f8-862023b77369-225x300.jpeg 225w, https:\/\/www.sclbadenbaden.de\/wp-content\/uploads\/2026\/04\/1a4fb8a1-6704-4e81-87f8-862023b77369-113x150.jpeg 113w, https:\/\/www.sclbadenbaden.de\/wp-content\/uploads\/2026\/04\/1a4fb8a1-6704-4e81-87f8-862023b77369-1152x1536.jpeg 1152w, https:\/\/www.sclbadenbaden.de\/wp-content\/uploads\/2026\/04\/1a4fb8a1-6704-4e81-87f8-862023b77369.jpeg 1200w\" sizes=\"auto, (max-width: 768px) 100vw, 768px\" \/><\/a><\/figure>\n\n\n\n<figure class=\"wp-block-image size-large\"><a href=\"https:\/\/www.sclbadenbaden.de\/wp-content\/uploads\/2026\/04\/cda3953a-e53d-47ba-b858-efafe9291ae6.jpeg\"><img loading=\"lazy\" decoding=\"async\" width=\"768\" height=\"1024\" data-id=\"23484\" src=\"https:\/\/www.sclbadenbaden.de\/wp-content\/uploads\/2026\/04\/cda3953a-e53d-47ba-b858-efafe9291ae6-768x1024.jpeg\" alt=\"\" class=\"wp-image-23484\" srcset=\"https:\/\/www.sclbadenbaden.de\/wp-content\/uploads\/2026\/04\/cda3953a-e53d-47ba-b858-efafe9291ae6-768x1024.jpeg 768w, https:\/\/www.sclbadenbaden.de\/wp-content\/uploads\/2026\/04\/cda3953a-e53d-47ba-b858-efafe9291ae6-225x300.jpeg 225w, https:\/\/www.sclbadenbaden.de\/wp-content\/uploads\/2026\/04\/cda3953a-e53d-47ba-b858-efafe9291ae6-113x150.jpeg 113w, https:\/\/www.sclbadenbaden.de\/wp-content\/uploads\/2026\/04\/cda3953a-e53d-47ba-b858-efafe9291ae6-1152x1536.jpeg 1152w, https:\/\/www.sclbadenbaden.de\/wp-content\/uploads\/2026\/04\/cda3953a-e53d-47ba-b858-efafe9291ae6.jpeg 1200w\" sizes=\"auto, (max-width: 768px) 100vw, 768px\" \/><\/a><\/figure>\n\n\n\n<figure class=\"wp-block-image size-large\"><a href=\"https:\/\/www.sclbadenbaden.de\/wp-content\/uploads\/2026\/04\/f5e99567-840f-4cba-aa4d-20892e523ada.jpeg\"><img loading=\"lazy\" decoding=\"async\" width=\"727\" height=\"395\" data-id=\"23479\" src=\"https:\/\/www.sclbadenbaden.de\/wp-content\/uploads\/2026\/04\/f5e99567-840f-4cba-aa4d-20892e523ada.jpeg\" alt=\"\" class=\"wp-image-23479\" srcset=\"https:\/\/www.sclbadenbaden.de\/wp-content\/uploads\/2026\/04\/f5e99567-840f-4cba-aa4d-20892e523ada.jpeg 727w, https:\/\/www.sclbadenbaden.de\/wp-content\/uploads\/2026\/04\/f5e99567-840f-4cba-aa4d-20892e523ada-300x163.jpeg 300w, https:\/\/www.sclbadenbaden.de\/wp-content\/uploads\/2026\/04\/f5e99567-840f-4cba-aa4d-20892e523ada-150x81.jpeg 150w\" sizes=\"auto, (max-width: 727px) 100vw, 727px\" \/><\/a><\/figure>\n\n\n\n<figure class=\"wp-block-image size-large\"><a href=\"https:\/\/www.sclbadenbaden.de\/wp-content\/uploads\/2026\/04\/f6472b00-ebe1-409a-ac09-ef800470d552.jpeg\"><img loading=\"lazy\" decoding=\"async\" width=\"1024\" height=\"925\" data-id=\"23485\" src=\"https:\/\/www.sclbadenbaden.de\/wp-content\/uploads\/2026\/04\/f6472b00-ebe1-409a-ac09-ef800470d552-1024x925.jpeg\" alt=\"\" class=\"wp-image-23485\" srcset=\"https:\/\/www.sclbadenbaden.de\/wp-content\/uploads\/2026\/04\/f6472b00-ebe1-409a-ac09-ef800470d552-1024x925.jpeg 1024w, https:\/\/www.sclbadenbaden.de\/wp-content\/uploads\/2026\/04\/f6472b00-ebe1-409a-ac09-ef800470d552-300x271.jpeg 300w, https:\/\/www.sclbadenbaden.de\/wp-content\/uploads\/2026\/04\/f6472b00-ebe1-409a-ac09-ef800470d552-150x136.jpeg 150w, https:\/\/www.sclbadenbaden.de\/wp-content\/uploads\/2026\/04\/f6472b00-ebe1-409a-ac09-ef800470d552-768x694.jpeg 768w, https:\/\/www.sclbadenbaden.de\/wp-content\/uploads\/2026\/04\/f6472b00-ebe1-409a-ac09-ef800470d552.jpeg 1200w\" sizes=\"auto, (max-width: 1024px) 100vw, 1024px\" \/><\/a><\/figure>\n\n\n\n<figure class=\"wp-block-image size-large\"><a href=\"https:\/\/www.sclbadenbaden.de\/wp-content\/uploads\/2026\/04\/IMG_7065.jpeg\"><img loading=\"lazy\" decoding=\"async\" width=\"1024\" height=\"768\" data-id=\"23486\" src=\"https:\/\/www.sclbadenbaden.de\/wp-content\/uploads\/2026\/04\/IMG_7065-1024x768.jpeg\" alt=\"\" class=\"wp-image-23486\" srcset=\"https:\/\/www.sclbadenbaden.de\/wp-content\/uploads\/2026\/04\/IMG_7065-1024x768.jpeg 1024w, https:\/\/www.sclbadenbaden.de\/wp-content\/uploads\/2026\/04\/IMG_7065-300x225.jpeg 300w, https:\/\/www.sclbadenbaden.de\/wp-content\/uploads\/2026\/04\/IMG_7065-150x113.jpeg 150w, https:\/\/www.sclbadenbaden.de\/wp-content\/uploads\/2026\/04\/IMG_7065-768x576.jpeg 768w, https:\/\/www.sclbadenbaden.de\/wp-content\/uploads\/2026\/04\/IMG_7065.jpeg 1280w\" sizes=\"auto, (max-width: 1024px) 100vw, 1024px\" \/><\/a><\/figure>\n\n\n\n<figure class=\"wp-block-image size-large\"><a href=\"https:\/\/www.sclbadenbaden.de\/wp-content\/uploads\/2026\/04\/IMG_7067.jpeg\"><img loading=\"lazy\" decoding=\"async\" width=\"1024\" height=\"768\" data-id=\"23487\" src=\"https:\/\/www.sclbadenbaden.de\/wp-content\/uploads\/2026\/04\/IMG_7067-1024x768.jpeg\" alt=\"\" class=\"wp-image-23487\" srcset=\"https:\/\/www.sclbadenbaden.de\/wp-content\/uploads\/2026\/04\/IMG_7067-1024x768.jpeg 1024w, https:\/\/www.sclbadenbaden.de\/wp-content\/uploads\/2026\/04\/IMG_7067-300x225.jpeg 300w, https:\/\/www.sclbadenbaden.de\/wp-content\/uploads\/2026\/04\/IMG_7067-150x113.jpeg 150w, https:\/\/www.sclbadenbaden.de\/wp-content\/uploads\/2026\/04\/IMG_7067-768x576.jpeg 768w, https:\/\/www.sclbadenbaden.de\/wp-content\/uploads\/2026\/04\/IMG_7067.jpeg 1280w\" sizes=\"auto, (max-width: 1024px) 100vw, 1024px\" \/><\/a><\/figure>\n<\/figure>\n","protected":false},"excerpt":{"rendered":"<p>hs: Bei den Kreismeisterschaften in H\u00fcgelsheim traten zw\u00f6lf Teilnehmer des SCL Heel Baden-Baden bei fr\u00fchlingshaftem Wetter auf Strecken \u00fcber 800m, 2000m und 3000m an.<\/p>\n","protected":false},"author":20,"featured_media":0,"comment_status":"open","ping_status":"open","sticky":false,"template":"","format":"standard","meta":{"footnotes":""},"categories":[1,2,4,6,7],"tags":[],"class_list":["post-23475","post","type-post","status-publish","format-standard","hentry","category-badische-meisterschaften","category-berichte","category-ergebnisse","category-jugend","category-kreismeisterschaften"],"_links":{"self":[{"href":"https:\/\/www.sclbadenbaden.de\/index.php?rest_route=\/wp\/v2\/posts\/23475","targetHints":{"allow":["GET"]}}],"collection":[{"href":"https:\/\/www.sclbadenbaden.de\/index.php?rest_route=\/wp\/v2\/posts"}],"about":[{"href":"https:\/\/www.sclbadenbaden.de\/index.php?rest_route=\/wp\/v2\/types\/post"}],"author":[{"embeddable":true,"href":"https:\/\/www.sclbadenbaden.de\/index.php?rest_route=\/wp\/v2\/users\/20"}],"replies":[{"embeddable":true,"href":"https:\/\/www.sclbadenbaden.de\/index.php?rest_route=%2Fwp%2Fv2%2Fcomments&post=23475"}],"version-history":[{"count":1,"href":"https:\/\/www.sclbadenbaden.de\/index.php?rest_route=\/wp\/v2\/posts\/23475\/revisions"}],"predecessor-version":[{"id":23488,"href":"https:\/\/www.sclbadenbaden.de\/index.php?rest_route=\/wp\/v2\/posts\/23475\/revisions\/23488"}],"wp:attachment":[{"href":"https:\/\/www.sclbadenbaden.de\/index.php?rest_route=%2Fwp%2Fv2%2Fmedia&parent=23475"}],"wp:term":[{"taxonomy":"category","embeddable":true,"href":"https:\/\/www.sclbadenbaden.de\/index.php?rest_route=%2Fwp%2Fv2%2Fcategories&post=23475"},{"taxonomy":"post_tag","embeddable":true,"href":"https:\/\/www.sclbadenbaden.de\/index.php?rest_route=%2Fwp%2Fv2%2Ftags&post=23475"}],"curies":[{"name":"wp","href":"https:\/\/api.w.org\/{rel}","templated":true}]}}