{"id":23321,"date":"2026-01-25T19:30:40","date_gmt":"2026-01-25T18:30:40","guid":{"rendered":"https:\/\/www.sclbadenbaden.de\/?p=23321"},"modified":"2026-01-25T19:30:40","modified_gmt":"2026-01-25T18:30:40","slug":"laura-vranes-fliegt-in-mannheim-zur-bestweite","status":"publish","type":"post","link":"https:\/\/www.sclbadenbaden.de\/?p=23321","title":{"rendered":"Laura Vranes fliegt in Mannheim zur Bestweite"},"content":{"rendered":"\n<figure class=\"wp-block-image size-large\"><a href=\"https:\/\/www.sclbadenbaden.de\/wp-content\/uploads\/2026\/01\/Laura-Weit-Anlauf-OG.jpg\"><img loading=\"lazy\" decoding=\"async\" width=\"1024\" height=\"683\" src=\"https:\/\/www.sclbadenbaden.de\/wp-content\/uploads\/2026\/01\/Laura-Weit-Anlauf-OG-1024x683.jpg\" alt=\"\" class=\"wp-image-23322\" srcset=\"https:\/\/www.sclbadenbaden.de\/wp-content\/uploads\/2026\/01\/Laura-Weit-Anlauf-OG-1024x683.jpg 1024w, https:\/\/www.sclbadenbaden.de\/wp-content\/uploads\/2026\/01\/Laura-Weit-Anlauf-OG-300x200.jpg 300w, https:\/\/www.sclbadenbaden.de\/wp-content\/uploads\/2026\/01\/Laura-Weit-Anlauf-OG-150x100.jpg 150w, https:\/\/www.sclbadenbaden.de\/wp-content\/uploads\/2026\/01\/Laura-Weit-Anlauf-OG-768x512.jpg 768w, https:\/\/www.sclbadenbaden.de\/wp-content\/uploads\/2026\/01\/Laura-Weit-Anlauf-OG-1536x1024.jpg 1536w, https:\/\/www.sclbadenbaden.de\/wp-content\/uploads\/2026\/01\/Laura-Weit-Anlauf-OG-2048x1365.jpg 2048w\" sizes=\"auto, (max-width: 1024px) 100vw, 1024px\" \/><\/a><\/figure>\n\n\n\n<p>Bei Jugend-Hallensportfest in Mannheim verbessert sich Laura Vranes W15 im Weitsprung um 20 Zentimeter. Mit starken 4,85 Meter wird sie in dem hochkar\u00e4tig besetzten Wettbewerb Sechste. \u00dcber 60 Meter bleibt sie nur zwei Hundertstel \u00fcber ihrer Top-Zeit von Offenburg. Sie l\u00e4uft 8,46 Sekunden und schrammt als Neunte haarscharf am Finale vorbei. (Foto: Bernd Hefter) <\/p>\n","protected":false},"excerpt":{"rendered":"<p>Bei Jugend-Hallensportfest in Mannheim verbessert sich Laura Vranes W15 im Weitsprung um 20 Zentimeter. Mit starken 4,85 Meter wird sie in dem hochkar\u00e4tig besetzten Wettbewerb Sechste. \u00dcber 60 Meter bleibt sie nur zwei Hundertstel \u00fcber ihrer Top-Zeit von Offenburg. Sie l\u00e4uft 8,46 Sekunden und schrammt als Neunte haarscharf am Finale vorbei. (Foto: Bernd Hefter)<\/p>\n","protected":false},"author":20,"featured_media":0,"comment_status":"open","ping_status":"open","sticky":false,"template":"","format":"standard","meta":{"footnotes":""},"categories":[2,4,6],"tags":[],"class_list":["post-23321","post","type-post","status-publish","format-standard","hentry","category-berichte","category-ergebnisse","category-jugend"],"_links":{"self":[{"href":"https:\/\/www.sclbadenbaden.de\/index.php?rest_route=\/wp\/v2\/posts\/23321","targetHints":{"allow":["GET"]}}],"collection":[{"href":"https:\/\/www.sclbadenbaden.de\/index.php?rest_route=\/wp\/v2\/posts"}],"about":[{"href":"https:\/\/www.sclbadenbaden.de\/index.php?rest_route=\/wp\/v2\/types\/post"}],"author":[{"embeddable":true,"href":"https:\/\/www.sclbadenbaden.de\/index.php?rest_route=\/wp\/v2\/users\/20"}],"replies":[{"embeddable":true,"href":"https:\/\/www.sclbadenbaden.de\/index.php?rest_route=%2Fwp%2Fv2%2Fcomments&post=23321"}],"version-history":[{"count":1,"href":"https:\/\/www.sclbadenbaden.de\/index.php?rest_route=\/wp\/v2\/posts\/23321\/revisions"}],"predecessor-version":[{"id":23323,"href":"https:\/\/www.sclbadenbaden.de\/index.php?rest_route=\/wp\/v2\/posts\/23321\/revisions\/23323"}],"wp:attachment":[{"href":"https:\/\/www.sclbadenbaden.de\/index.php?rest_route=%2Fwp%2Fv2%2Fmedia&parent=23321"}],"wp:term":[{"taxonomy":"category","embeddable":true,"href":"https:\/\/www.sclbadenbaden.de\/index.php?rest_route=%2Fwp%2Fv2%2Fcategories&post=23321"},{"taxonomy":"post_tag","embeddable":true,"href":"https:\/\/www.sclbadenbaden.de\/index.php?rest_route=%2Fwp%2Fv2%2Ftags&post=23321"}],"curies":[{"name":"wp","href":"https:\/\/api.w.org\/{rel}","templated":true}]}}