{"id":23295,"date":"2026-01-24T19:37:35","date_gmt":"2026-01-24T18:37:35","guid":{"rendered":"https:\/\/www.sclbadenbaden.de\/?p=23295"},"modified":"2026-01-24T19:37:35","modified_gmt":"2026-01-24T18:37:35","slug":"ehrungen-fuer-carl-dohmann-bernd-hefter-und-arne-haase","status":"publish","type":"post","link":"https:\/\/www.sclbadenbaden.de\/?p=23295","title":{"rendered":"Ehrungen f\u00fcr Carl Dohmann, Bernd Hefter und Arne Haase"},"content":{"rendered":"\n<figure class=\"wp-block-gallery has-nested-images columns-default is-cropped wp-block-gallery-1 is-layout-flex wp-block-gallery-is-layout-flex\">\n<figure class=\"wp-block-image size-large\"><a href=\"https:\/\/www.sclbadenbaden.de\/wp-content\/uploads\/2026\/01\/Carl2-2.jpg\"><img decoding=\"async\" data-id=\"23300\" src=\"https:\/\/www.sclbadenbaden.de\/wp-content\/uploads\/2026\/01\/Carl2-2.jpg\" alt=\"\" class=\"wp-image-23300\"\/><\/a><\/figure>\n\n\n\n<figure class=\"wp-block-image size-large\"><a href=\"https:\/\/www.sclbadenbaden.de\/wp-content\/uploads\/2026\/01\/Bernd-Armin.jpg\"><img loading=\"lazy\" decoding=\"async\" width=\"1285\" height=\"979\" data-id=\"23297\" src=\"https:\/\/www.sclbadenbaden.de\/wp-content\/uploads\/2026\/01\/Bernd-Armin.jpg\" alt=\"\" class=\"wp-image-23297\"\/><\/a><\/figure>\n<\/figure>\n\n\n\n<p>Carl Dohmann war in seinen besten Wettkampf-Jahren der Dauer-Abonnent f\u00fcr den Sportler-des-Jahres-Titel. Wie kein anderer Baden-Badener hatte er auf Europa-, Weltmeisterschaften und Olympischen Spielen Erfolge gesammelt.Mit einem Marathon im Gehen beendete Carl Dohmann im Oktober nun seine Leistungssport-Karriere. Jetzt hat der Sportausschuss Carl f\u00fcr sein sportliches \u201eLebenswerk\u201c geehrt.<\/p>\n\n\n\n<!--more-->\n\n\n\n<p>Sportausschuss-Pr\u00e4sident Armin Zeitvogel erinnerte an die vielen H\u00f6hepunkte von Carls Karriere: Mehr als zehn deutsche Meistertitel hat er zusammen mit seinem Trainer Robert Ihly gewonnen, an zwei Olympischen Spielen, 7 Weltmeisterschaften und 9 Europameisterschaften hat er teilgenommen. Seine gr\u00f6\u00dften internationalen Erfolge waren der 5. Platz bei den Europameisterschaften 2018 in Berlin und Platz 7 bei der Weltmeisterschaft in Doha. Mit der Nationalmannschaft gewann Carl Dohmann 2015 Gold beim Europacup der Geher in Spanien, 2021 Silber bei den Europa-Meisterschaften in Tschechien und 2022 Bronze bei den Geher-Weltmeisterschaften im Oman.<\/p>\n\n\n\n<p>Mit dieser Ehrung verabschiedet sich Carl aus Baden-Baden. Seit seiner Studentenzeit lebt er bereits in Freiburg. Dort will er nun weiter Sport treiben, aber nicht mehr im Hochleistungs-Modus.<\/p>\n\n\n\n<p>SCL Heel Vorstand Bernd Hefter wurde von Armin Zeitvogel mit der Alfred Wolf Ged\u00e4chtnis-Medaille ausgezeichnet. Sie wird j\u00e4hrlich an verdiente Sportfunktion\u00e4re vergeben. Armin Zeitvogel w\u00fcrdigte das gro\u00dfe Engagement von Bernd beim Aufbau des SCL Heel: \u201cEin 20-j\u00e4hriges Lebenswerk das weiter ausgebaut werden will\u201d, so Armin Zeitvogel. Er erinnerte an die Gr\u00fcndungsphase des SCL Heel, den Bau der SCL Heel Sport-Halle beim Aumattstadion, die Entwicklung des Heel-Laufs und an Bernd Hefters Engagement f\u00fcr das Aumattstadion als zentrale Baden-Badener Sportst\u00e4tte. \u201cEs ist sein Wohnzimmer\u201d.<\/p>\n\n\n\n<p>Obwohl nicht anwesend, wird Arne Haase, der SCL Heel Dauerl\u00e4ufer, f\u00fcr sein fortw\u00e4hrendes Lauf-Engagement geehrt. Arne Haase ist 93, einst der \u00e4lteste Marathon-L\u00e4ufer Deutschlands. Auch in diesem Jahr war er wieder aktiv, beim Heel-Lauf und beim Herbstlauf in \u00d6tigheim stand Arne auf dem Treppchen. Die Sparkasse Baden-Baden hat Arne eine lebenslange j\u00e4hrliche Sport-Rente zugesagt: einen Euro f\u00fcr jedes Lebensjahr. Nun kommen 93 Euro und wie Armin Zeitvogel am\u00fcsiert hinzuf\u00fcgt, 41 Cent, zusammen. Daf\u00fcr kann der \u00fcberzeugte Vegetarier Arne Haase nun bei Edeka Neukauf fleischlos shoppen. &nbsp;&nbsp;&nbsp;<\/p>\n","protected":false},"excerpt":{"rendered":"<p>Carl Dohmann war in seinen besten Wettkampf-Jahren der Dauer-Abonnent f\u00fcr den Sportler-des-Jahres-Titel. Wie kein anderer Baden-Badener hatte er auf Europa-, Weltmeisterschaften und Olympischen Spielen Erfolge gesammelt.Mit einem Marathon im Gehen beendete Carl Dohmann im Oktober nun seine Leistungssport-Karriere. Jetzt hat der Sportausschuss Carl f\u00fcr sein sportliches \u201eLebenswerk\u201c geehrt.<\/p>\n","protected":false},"author":20,"featured_media":0,"comment_status":"open","ping_status":"open","sticky":false,"template":"","format":"standard","meta":{"footnotes":""},"categories":[9],"tags":[],"class_list":["post-23295","post","type-post","status-publish","format-standard","hentry","category-sportlerehrungen"],"_links":{"self":[{"href":"https:\/\/www.sclbadenbaden.de\/index.php?rest_route=\/wp\/v2\/posts\/23295","targetHints":{"allow":["GET"]}}],"collection":[{"href":"https:\/\/www.sclbadenbaden.de\/index.php?rest_route=\/wp\/v2\/posts"}],"about":[{"href":"https:\/\/www.sclbadenbaden.de\/index.php?rest_route=\/wp\/v2\/types\/post"}],"author":[{"embeddable":true,"href":"https:\/\/www.sclbadenbaden.de\/index.php?rest_route=\/wp\/v2\/users\/20"}],"replies":[{"embeddable":true,"href":"https:\/\/www.sclbadenbaden.de\/index.php?rest_route=%2Fwp%2Fv2%2Fcomments&post=23295"}],"version-history":[{"count":1,"href":"https:\/\/www.sclbadenbaden.de\/index.php?rest_route=\/wp\/v2\/posts\/23295\/revisions"}],"predecessor-version":[{"id":23301,"href":"https:\/\/www.sclbadenbaden.de\/index.php?rest_route=\/wp\/v2\/posts\/23295\/revisions\/23301"}],"wp:attachment":[{"href":"https:\/\/www.sclbadenbaden.de\/index.php?rest_route=%2Fwp%2Fv2%2Fmedia&parent=23295"}],"wp:term":[{"taxonomy":"category","embeddable":true,"href":"https:\/\/www.sclbadenbaden.de\/index.php?rest_route=%2Fwp%2Fv2%2Fcategories&post=23295"},{"taxonomy":"post_tag","embeddable":true,"href":"https:\/\/www.sclbadenbaden.de\/index.php?rest_route=%2Fwp%2Fv2%2Ftags&post=23295"}],"curies":[{"name":"wp","href":"https:\/\/api.w.org\/{rel}","templated":true}]}}