{"id":23279,"date":"2026-01-24T18:53:25","date_gmt":"2026-01-24T17:53:25","guid":{"rendered":"https:\/\/www.sclbadenbaden.de\/?p=23279"},"modified":"2026-01-24T18:57:39","modified_gmt":"2026-01-24T17:57:39","slug":"gold-silber-und-bronze-medaillen-fuer-scl-heel-athleten-bei-der-sportlerehrung","status":"publish","type":"post","link":"https:\/\/www.sclbadenbaden.de\/?p=23279","title":{"rendered":"Gold, Silber und Bronze-Medaillen f\u00fcr SCL Heel Athleten bei der Sportlerehrung"},"content":{"rendered":"\n<figure class=\"wp-block-image size-large\"><a href=\"https:\/\/www.sclbadenbaden.de\/wp-content\/uploads\/2026\/01\/IMG_3966-scaled.jpg\"><img loading=\"lazy\" decoding=\"async\" width=\"1024\" height=\"435\" src=\"https:\/\/www.sclbadenbaden.de\/wp-content\/uploads\/2026\/01\/IMG_3966-1024x435.jpg\" alt=\"\" class=\"wp-image-23280\" srcset=\"https:\/\/www.sclbadenbaden.de\/wp-content\/uploads\/2026\/01\/IMG_3966-1024x435.jpg 1024w, https:\/\/www.sclbadenbaden.de\/wp-content\/uploads\/2026\/01\/IMG_3966-300x127.jpg 300w, https:\/\/www.sclbadenbaden.de\/wp-content\/uploads\/2026\/01\/IMG_3966-150x64.jpg 150w, https:\/\/www.sclbadenbaden.de\/wp-content\/uploads\/2026\/01\/IMG_3966-768x326.jpg 768w, https:\/\/www.sclbadenbaden.de\/wp-content\/uploads\/2026\/01\/IMG_3966-1536x652.jpg 1536w, https:\/\/www.sclbadenbaden.de\/wp-content\/uploads\/2026\/01\/IMG_3966-2048x869.jpg 2048w\" sizes=\"auto, (max-width: 1024px) 100vw, 1024px\" \/><\/a><\/figure>\n\n\n\n<p>Che \u2013 Damit hatten sie nun \u00fcberhaupt nicht gerechnet: Die Deutschen 3 x 800 Meter Meisterinnen von Hamburg sind nun Mannschaft des Jahres 2025. Gek\u00fcrt wurden Susanne Graf, Nicole Bauer-K\u00f6hler und Elke Wagner im Rahmen der j\u00e4hrlichen Sportlerehrung von Stadt und Sportausschuss in der Eventakademie. \u00dcberreicht wurden die Medaillen vom 1. B\u00fcrgermeister Alexander Wieland und Armin Zeitvogel, dem Pr\u00e4sidenten des Sportausschusses der Vereine.<\/p>\n\n\n\n<!--more-->\n\n\n\n<p>Neben einer schicken Troph\u00e4e gab es f\u00fcr das Team einen Scheck der Sparkasse. Zuvor wurden die drei SCL Heel Damen bereits f\u00fcr ihren DM-Sieg mit der Goldmedaille der Stadt ausgezeichnet. Die Mannschaft des Jahres wird unter allen erfolgreichen st\u00e4dtischen Teams vom Sportausschuss ausgew\u00e4hlt. Neben der Team-Wertung gab es f\u00fcr die SCL Heel Athletinnen und Athleten weitere Medaillen f\u00fcr erfolgreiche Meisterschafts-Platzierungen. Carl Dohmann gewann Silber f\u00fcr seinen zweiten Platz bei der DM im 35 km Gehen. Weitere Silbermedaillen gab es f\u00fcr Susanne Graf (BW Meisterin 800 Meter), Elke Wagner (BW Hallenmeisterin 800 Meter) und Birgit Marzluf (BW Meisterin 800 Meter).Bronzemedaillen f\u00fcr zweite bzw. dritte Pl\u00e4tze bei Landesmeisterschaften erhielten Nicole Bauer-K\u00f6hler und Olexiy Klychko. Bunt wurde es, als die beiden SCL Heel Kinder-Teams f\u00fcr Siege beim Baden-Finale in der Kinder-Leichtathletik geehrt wurden und alle in ihren roten Jacken auf der B\u00fchne standen. Dem U8 Team geh\u00f6rten &nbsp;Leo Sch\u00fctze, Adam Batmaz, Merveille Wowoi, Carl Schulde, Oskar Schnepf, Bezawit Atanaw Ayele, Maya Osipova, Jaison Khamba, Tu Anh Nguyen, Olivia Esser, Ela Alarcin an. F\u00fcr das U10 Team k\u00e4mpften Nikola Piwowarska, Medina Mazreku, Fatima Lee, Nathalie Schleh, Nephi Bosal, Frederik H\u00f6lzle, Luis Abrar, Emil Aliamkin, Hendrik Kett, Finian Firchau, Oskar Gediehn. (Fotos (8): Bernd Hefter)<\/p>\n\n\n\n<figure class=\"wp-block-gallery has-nested-images columns-default is-cropped wp-block-gallery-1 is-layout-flex wp-block-gallery-is-layout-flex\">\n<figure class=\"wp-block-image size-large\"><a href=\"https:\/\/www.sclbadenbaden.de\/wp-content\/uploads\/2026\/01\/3-x-800-Damen2-scaled.jpg\"><img loading=\"lazy\" decoding=\"async\" width=\"1024\" height=\"471\" data-id=\"23283\" src=\"https:\/\/www.sclbadenbaden.de\/wp-content\/uploads\/2026\/01\/3-x-800-Damen2-1024x471.jpg\" alt=\"\" class=\"wp-image-23283\" srcset=\"https:\/\/www.sclbadenbaden.de\/wp-content\/uploads\/2026\/01\/3-x-800-Damen2-1024x471.jpg 1024w, https:\/\/www.sclbadenbaden.de\/wp-content\/uploads\/2026\/01\/3-x-800-Damen2-300x138.jpg 300w, https:\/\/www.sclbadenbaden.de\/wp-content\/uploads\/2026\/01\/3-x-800-Damen2-150x69.jpg 150w, https:\/\/www.sclbadenbaden.de\/wp-content\/uploads\/2026\/01\/3-x-800-Damen2-768x353.jpg 768w, https:\/\/www.sclbadenbaden.de\/wp-content\/uploads\/2026\/01\/3-x-800-Damen2-1536x706.jpg 1536w, https:\/\/www.sclbadenbaden.de\/wp-content\/uploads\/2026\/01\/3-x-800-Damen2-2048x941.jpg 2048w\" sizes=\"auto, (max-width: 1024px) 100vw, 1024px\" \/><\/a><\/figure>\n\n\n\n<figure class=\"wp-block-image size-large\"><a href=\"https:\/\/www.sclbadenbaden.de\/wp-content\/uploads\/2026\/01\/Birgit.jpg\"><img loading=\"lazy\" decoding=\"async\" width=\"1024\" height=\"650\" data-id=\"23281\" src=\"https:\/\/www.sclbadenbaden.de\/wp-content\/uploads\/2026\/01\/Birgit-1024x650.jpg\" alt=\"\" class=\"wp-image-23281\" srcset=\"https:\/\/www.sclbadenbaden.de\/wp-content\/uploads\/2026\/01\/Birgit-1024x650.jpg 1024w, https:\/\/www.sclbadenbaden.de\/wp-content\/uploads\/2026\/01\/Birgit-300x191.jpg 300w, https:\/\/www.sclbadenbaden.de\/wp-content\/uploads\/2026\/01\/Birgit-150x95.jpg 150w, https:\/\/www.sclbadenbaden.de\/wp-content\/uploads\/2026\/01\/Birgit-768x488.jpg 768w, https:\/\/www.sclbadenbaden.de\/wp-content\/uploads\/2026\/01\/Birgit-1536x975.jpg 1536w, https:\/\/www.sclbadenbaden.de\/wp-content\/uploads\/2026\/01\/Birgit-2048x1300.jpg 2048w\" sizes=\"auto, (max-width: 1024px) 100vw, 1024px\" \/><\/a><\/figure>\n\n\n\n<figure class=\"wp-block-image size-large\"><a href=\"https:\/\/www.sclbadenbaden.de\/wp-content\/uploads\/2026\/01\/Carl-scaled.jpg\"><img loading=\"lazy\" decoding=\"async\" width=\"1024\" height=\"768\" data-id=\"23284\" src=\"https:\/\/www.sclbadenbaden.de\/wp-content\/uploads\/2026\/01\/Carl-1024x768.jpg\" alt=\"\" class=\"wp-image-23284\" srcset=\"https:\/\/www.sclbadenbaden.de\/wp-content\/uploads\/2026\/01\/Carl-1024x768.jpg 1024w, https:\/\/www.sclbadenbaden.de\/wp-content\/uploads\/2026\/01\/Carl-300x225.jpg 300w, https:\/\/www.sclbadenbaden.de\/wp-content\/uploads\/2026\/01\/Carl-150x112.jpg 150w, https:\/\/www.sclbadenbaden.de\/wp-content\/uploads\/2026\/01\/Carl-768x576.jpg 768w, https:\/\/www.sclbadenbaden.de\/wp-content\/uploads\/2026\/01\/Carl-1536x1152.jpg 1536w, https:\/\/www.sclbadenbaden.de\/wp-content\/uploads\/2026\/01\/Carl-2048x1536.jpg 2048w\" sizes=\"auto, (max-width: 1024px) 100vw, 1024px\" \/><\/a><\/figure>\n\n\n\n<figure class=\"wp-block-image size-large\"><a href=\"https:\/\/www.sclbadenbaden.de\/wp-content\/uploads\/2026\/01\/Elke.jpg\"><img loading=\"lazy\" decoding=\"async\" width=\"1024\" height=\"639\" data-id=\"23282\" src=\"https:\/\/www.sclbadenbaden.de\/wp-content\/uploads\/2026\/01\/Elke-1024x639.jpg\" alt=\"\" class=\"wp-image-23282\" srcset=\"https:\/\/www.sclbadenbaden.de\/wp-content\/uploads\/2026\/01\/Elke-1024x639.jpg 1024w, https:\/\/www.sclbadenbaden.de\/wp-content\/uploads\/2026\/01\/Elke-300x187.jpg 300w, https:\/\/www.sclbadenbaden.de\/wp-content\/uploads\/2026\/01\/Elke-150x94.jpg 150w, https:\/\/www.sclbadenbaden.de\/wp-content\/uploads\/2026\/01\/Elke-768x480.jpg 768w, https:\/\/www.sclbadenbaden.de\/wp-content\/uploads\/2026\/01\/Elke-1536x959.jpg 1536w, https:\/\/www.sclbadenbaden.de\/wp-content\/uploads\/2026\/01\/Elke-2048x1279.jpg 2048w\" sizes=\"auto, (max-width: 1024px) 100vw, 1024px\" \/><\/a><\/figure>\n\n\n\n<figure class=\"wp-block-image size-large\"><a href=\"https:\/\/www.sclbadenbaden.de\/wp-content\/uploads\/2026\/01\/IMG_3943.jpg\"><img loading=\"lazy\" decoding=\"async\" width=\"1024\" height=\"589\" data-id=\"23287\" src=\"https:\/\/www.sclbadenbaden.de\/wp-content\/uploads\/2026\/01\/IMG_3943-1024x589.jpg\" alt=\"\" class=\"wp-image-23287\" srcset=\"https:\/\/www.sclbadenbaden.de\/wp-content\/uploads\/2026\/01\/IMG_3943-1024x589.jpg 1024w, https:\/\/www.sclbadenbaden.de\/wp-content\/uploads\/2026\/01\/IMG_3943-300x173.jpg 300w, https:\/\/www.sclbadenbaden.de\/wp-content\/uploads\/2026\/01\/IMG_3943-150x86.jpg 150w, https:\/\/www.sclbadenbaden.de\/wp-content\/uploads\/2026\/01\/IMG_3943-768x442.jpg 768w, https:\/\/www.sclbadenbaden.de\/wp-content\/uploads\/2026\/01\/IMG_3943-1536x884.jpg 1536w, https:\/\/www.sclbadenbaden.de\/wp-content\/uploads\/2026\/01\/IMG_3943-2048x1178.jpg 2048w\" sizes=\"auto, (max-width: 1024px) 100vw, 1024px\" \/><\/a><\/figure>\n\n\n\n<figure class=\"wp-block-image size-large\"><a href=\"https:\/\/www.sclbadenbaden.de\/wp-content\/uploads\/2026\/01\/IMG_3959.jpg\"><img loading=\"lazy\" decoding=\"async\" width=\"1024\" height=\"712\" data-id=\"23290\" src=\"https:\/\/www.sclbadenbaden.de\/wp-content\/uploads\/2026\/01\/IMG_3959-1024x712.jpg\" alt=\"\" class=\"wp-image-23290\" srcset=\"https:\/\/www.sclbadenbaden.de\/wp-content\/uploads\/2026\/01\/IMG_3959-1024x712.jpg 1024w, https:\/\/www.sclbadenbaden.de\/wp-content\/uploads\/2026\/01\/IMG_3959-300x209.jpg 300w, https:\/\/www.sclbadenbaden.de\/wp-content\/uploads\/2026\/01\/IMG_3959-150x104.jpg 150w, https:\/\/www.sclbadenbaden.de\/wp-content\/uploads\/2026\/01\/IMG_3959-768x534.jpg 768w, https:\/\/www.sclbadenbaden.de\/wp-content\/uploads\/2026\/01\/IMG_3959-1536x1068.jpg 1536w, https:\/\/www.sclbadenbaden.de\/wp-content\/uploads\/2026\/01\/IMG_3959.jpg 1722w\" sizes=\"auto, (max-width: 1024px) 100vw, 1024px\" \/><\/a><\/figure>\n\n\n\n<figure class=\"wp-block-image size-large\"><a href=\"https:\/\/www.sclbadenbaden.de\/wp-content\/uploads\/2026\/01\/IMG_3966-1-scaled.jpg\"><img loading=\"lazy\" decoding=\"async\" width=\"1024\" height=\"435\" data-id=\"23288\" src=\"https:\/\/www.sclbadenbaden.de\/wp-content\/uploads\/2026\/01\/IMG_3966-1-1024x435.jpg\" alt=\"\" class=\"wp-image-23288\" srcset=\"https:\/\/www.sclbadenbaden.de\/wp-content\/uploads\/2026\/01\/IMG_3966-1-1024x435.jpg 1024w, https:\/\/www.sclbadenbaden.de\/wp-content\/uploads\/2026\/01\/IMG_3966-1-300x127.jpg 300w, https:\/\/www.sclbadenbaden.de\/wp-content\/uploads\/2026\/01\/IMG_3966-1-150x64.jpg 150w, https:\/\/www.sclbadenbaden.de\/wp-content\/uploads\/2026\/01\/IMG_3966-1-768x326.jpg 768w, https:\/\/www.sclbadenbaden.de\/wp-content\/uploads\/2026\/01\/IMG_3966-1-1536x652.jpg 1536w, https:\/\/www.sclbadenbaden.de\/wp-content\/uploads\/2026\/01\/IMG_3966-1-2048x869.jpg 2048w\" sizes=\"auto, (max-width: 1024px) 100vw, 1024px\" \/><\/a><\/figure>\n\n\n\n<figure class=\"wp-block-image size-large\"><a href=\"https:\/\/www.sclbadenbaden.de\/wp-content\/uploads\/2026\/01\/U8-U10-scaled.jpg\"><img loading=\"lazy\" decoding=\"async\" width=\"1024\" height=\"658\" data-id=\"23289\" src=\"https:\/\/www.sclbadenbaden.de\/wp-content\/uploads\/2026\/01\/U8-U10-1024x658.jpg\" alt=\"\" class=\"wp-image-23289\" srcset=\"https:\/\/www.sclbadenbaden.de\/wp-content\/uploads\/2026\/01\/U8-U10-1024x658.jpg 1024w, https:\/\/www.sclbadenbaden.de\/wp-content\/uploads\/2026\/01\/U8-U10-300x193.jpg 300w, https:\/\/www.sclbadenbaden.de\/wp-content\/uploads\/2026\/01\/U8-U10-150x96.jpg 150w, https:\/\/www.sclbadenbaden.de\/wp-content\/uploads\/2026\/01\/U8-U10-768x493.jpg 768w, https:\/\/www.sclbadenbaden.de\/wp-content\/uploads\/2026\/01\/U8-U10-1536x986.jpg 1536w, https:\/\/www.sclbadenbaden.de\/wp-content\/uploads\/2026\/01\/U8-U10-2048x1315.jpg 2048w\" sizes=\"auto, (max-width: 1024px) 100vw, 1024px\" \/><\/a><\/figure>\n<\/figure>\n","protected":false},"excerpt":{"rendered":"<p>Che \u2013 Damit hatten sie nun \u00fcberhaupt nicht gerechnet: Die Deutschen 3 x 800 Meter Meisterinnen von Hamburg sind nun Mannschaft des Jahres 2025. Gek\u00fcrt wurden Susanne Graf, Nicole Bauer-K\u00f6hler und Elke Wagner im Rahmen der j\u00e4hrlichen Sportlerehrung von Stadt und Sportausschuss in der Eventakademie. \u00dcberreicht wurden die Medaillen vom 1. B\u00fcrgermeister Alexander Wieland und [&hellip;]<\/p>\n","protected":false},"author":20,"featured_media":0,"comment_status":"open","ping_status":"open","sticky":false,"template":"","format":"standard","meta":{"footnotes":""},"categories":[9],"tags":[],"class_list":["post-23279","post","type-post","status-publish","format-standard","hentry","category-sportlerehrungen"],"_links":{"self":[{"href":"https:\/\/www.sclbadenbaden.de\/index.php?rest_route=\/wp\/v2\/posts\/23279","targetHints":{"allow":["GET"]}}],"collection":[{"href":"https:\/\/www.sclbadenbaden.de\/index.php?rest_route=\/wp\/v2\/posts"}],"about":[{"href":"https:\/\/www.sclbadenbaden.de\/index.php?rest_route=\/wp\/v2\/types\/post"}],"author":[{"embeddable":true,"href":"https:\/\/www.sclbadenbaden.de\/index.php?rest_route=\/wp\/v2\/users\/20"}],"replies":[{"embeddable":true,"href":"https:\/\/www.sclbadenbaden.de\/index.php?rest_route=%2Fwp%2Fv2%2Fcomments&post=23279"}],"version-history":[{"count":4,"href":"https:\/\/www.sclbadenbaden.de\/index.php?rest_route=\/wp\/v2\/posts\/23279\/revisions"}],"predecessor-version":[{"id":23294,"href":"https:\/\/www.sclbadenbaden.de\/index.php?rest_route=\/wp\/v2\/posts\/23279\/revisions\/23294"}],"wp:attachment":[{"href":"https:\/\/www.sclbadenbaden.de\/index.php?rest_route=%2Fwp%2Fv2%2Fmedia&parent=23279"}],"wp:term":[{"taxonomy":"category","embeddable":true,"href":"https:\/\/www.sclbadenbaden.de\/index.php?rest_route=%2Fwp%2Fv2%2Fcategories&post=23279"},{"taxonomy":"post_tag","embeddable":true,"href":"https:\/\/www.sclbadenbaden.de\/index.php?rest_route=%2Fwp%2Fv2%2Ftags&post=23279"}],"curies":[{"name":"wp","href":"https:\/\/api.w.org\/{rel}","templated":true}]}}