{"id":23276,"date":"2026-01-24T08:36:11","date_gmt":"2026-01-24T07:36:11","guid":{"rendered":"https:\/\/www.sclbadenbaden.de\/?p=23276"},"modified":"2026-01-24T08:36:11","modified_gmt":"2026-01-24T07:36:11","slug":"mannschaft-des-jahres-2025-die-3-x-800-m-damenstaffel","status":"publish","type":"post","link":"https:\/\/www.sclbadenbaden.de\/?p=23276","title":{"rendered":"Mannschaft des Jahres 2025 &#8211; die 3 x 800 m Damenstaffel"},"content":{"rendered":"\n<figure class=\"wp-block-image size-large\"><a href=\"https:\/\/www.sclbadenbaden.de\/wp-content\/uploads\/2026\/01\/260119_SCL_Anzeige-Mannschaft-des-Jahres.jpg\"><img loading=\"lazy\" decoding=\"async\" width=\"1024\" height=\"895\" src=\"https:\/\/www.sclbadenbaden.de\/wp-content\/uploads\/2026\/01\/260119_SCL_Anzeige-Mannschaft-des-Jahres-1024x895.jpg\" alt=\"\" class=\"wp-image-23277\" srcset=\"https:\/\/www.sclbadenbaden.de\/wp-content\/uploads\/2026\/01\/260119_SCL_Anzeige-Mannschaft-des-Jahres-1024x895.jpg 1024w, https:\/\/www.sclbadenbaden.de\/wp-content\/uploads\/2026\/01\/260119_SCL_Anzeige-Mannschaft-des-Jahres-300x262.jpg 300w, https:\/\/www.sclbadenbaden.de\/wp-content\/uploads\/2026\/01\/260119_SCL_Anzeige-Mannschaft-des-Jahres-150x131.jpg 150w, https:\/\/www.sclbadenbaden.de\/wp-content\/uploads\/2026\/01\/260119_SCL_Anzeige-Mannschaft-des-Jahres-768x671.jpg 768w, https:\/\/www.sclbadenbaden.de\/wp-content\/uploads\/2026\/01\/260119_SCL_Anzeige-Mannschaft-des-Jahres-1536x1343.jpg 1536w, https:\/\/www.sclbadenbaden.de\/wp-content\/uploads\/2026\/01\/260119_SCL_Anzeige-Mannschaft-des-Jahres-2048x1790.jpg 2048w\" sizes=\"auto, (max-width: 1024px) 100vw, 1024px\" \/><\/a><\/figure>\n\n\n\n<p>Sie gewannen Gold bei der Deutschen Meisterschaft in Hamburg \u00fcber 3 x 800 Meter. Jetzt wurden Nicole Bauer-K\u00f6hler, Susanne Graf und Elke Wagner vom Baden-Badener Sportausschuss zur Mannschaft des Jahres 2025 gek\u00fcrt. Die feierliche Verleihung mit vielen positiven \u00dcberraschungen f\u00fcr den SCL Heel fand am Freitag Abend in der Eventakademie statt. Ausf\u00fchrlicher Bericht mit Bildern folgt.  <\/p>\n","protected":false},"excerpt":{"rendered":"<p>Sie gewannen Gold bei der Deutschen Meisterschaft in Hamburg \u00fcber 3 x 800 Meter. Jetzt wurden Nicole Bauer-K\u00f6hler, Susanne Graf und Elke Wagner vom Baden-Badener Sportausschuss zur Mannschaft des Jahres 2025 gek\u00fcrt. Die feierliche Verleihung mit vielen positiven \u00dcberraschungen f\u00fcr den SCL Heel fand am Freitag Abend in der Eventakademie statt. Ausf\u00fchrlicher Bericht mit Bildern [&hellip;]<\/p>\n","protected":false},"author":20,"featured_media":0,"comment_status":"open","ping_status":"open","sticky":false,"template":"","format":"standard","meta":{"footnotes":""},"categories":[2,9,10],"tags":[],"class_list":["post-23276","post","type-post","status-publish","format-standard","hentry","category-berichte","category-sportlerehrungen","category-veranstaltungen"],"_links":{"self":[{"href":"https:\/\/www.sclbadenbaden.de\/index.php?rest_route=\/wp\/v2\/posts\/23276","targetHints":{"allow":["GET"]}}],"collection":[{"href":"https:\/\/www.sclbadenbaden.de\/index.php?rest_route=\/wp\/v2\/posts"}],"about":[{"href":"https:\/\/www.sclbadenbaden.de\/index.php?rest_route=\/wp\/v2\/types\/post"}],"author":[{"embeddable":true,"href":"https:\/\/www.sclbadenbaden.de\/index.php?rest_route=\/wp\/v2\/users\/20"}],"replies":[{"embeddable":true,"href":"https:\/\/www.sclbadenbaden.de\/index.php?rest_route=%2Fwp%2Fv2%2Fcomments&post=23276"}],"version-history":[{"count":1,"href":"https:\/\/www.sclbadenbaden.de\/index.php?rest_route=\/wp\/v2\/posts\/23276\/revisions"}],"predecessor-version":[{"id":23278,"href":"https:\/\/www.sclbadenbaden.de\/index.php?rest_route=\/wp\/v2\/posts\/23276\/revisions\/23278"}],"wp:attachment":[{"href":"https:\/\/www.sclbadenbaden.de\/index.php?rest_route=%2Fwp%2Fv2%2Fmedia&parent=23276"}],"wp:term":[{"taxonomy":"category","embeddable":true,"href":"https:\/\/www.sclbadenbaden.de\/index.php?rest_route=%2Fwp%2Fv2%2Fcategories&post=23276"},{"taxonomy":"post_tag","embeddable":true,"href":"https:\/\/www.sclbadenbaden.de\/index.php?rest_route=%2Fwp%2Fv2%2Ftags&post=23276"}],"curies":[{"name":"wp","href":"https:\/\/api.w.org\/{rel}","templated":true}]}}