{"id":23155,"date":"2025-10-26T19:59:26","date_gmt":"2025-10-26T18:59:26","guid":{"rendered":"https:\/\/www.sclbadenbaden.de\/?p=23155"},"modified":"2025-10-26T20:02:03","modified_gmt":"2025-10-26T19:02:03","slug":"marathon-gehen-in-zittau-war-es-das-karriere-ende-fuer-carl-dohmann","status":"publish","type":"post","link":"https:\/\/www.sclbadenbaden.de\/?p=23155","title":{"rendered":"Marathon-Gehen in Zittau: War es das Karriere-Ende f\u00fcr Carl Dohmann?"},"content":{"rendered":"\n<figure class=\"wp-block-image size-full is-resized\"><a href=\"https:\/\/www.sclbadenbaden.de\/wp-content\/uploads\/2025\/10\/Carl-Zittau-1.jpeg\"><img loading=\"lazy\" decoding=\"async\" width=\"480\" height=\"411\" src=\"https:\/\/www.sclbadenbaden.de\/wp-content\/uploads\/2025\/10\/Carl-Zittau-1.jpeg\" alt=\"\" class=\"wp-image-23156\" style=\"width:840px;height:auto\"\/><\/a><figcaption class=\"wp-element-caption\">Carl Dohmann beim Marathon-Gehen in Zittau. Foto: Claus Heinrich<\/figcaption><\/figure>\n\n\n\n<p>Che \u2013 War der erste Marathon im Gehen auch sein Letzter? SCL Heel Race Walker Carl Dohmann ist nach seinen starken Auftritten \u00fcber 5000 Meter in Lahr und dem Geher-Marathon in Zittau etwas gespalten. Karriere fortsetzen oder jetzt beenden? Noch denkt er dar\u00fcber nach, Sport will er aber weiterhin betreiben, das steht au\u00dfer Frage.<\/p>\n\n\n\n<!--more-->\n\n\n\n<figure class=\"wp-block-image size-full is-resized\"><a href=\"https:\/\/www.sclbadenbaden.de\/wp-content\/uploads\/2025\/10\/Carl-Zittau-2.jpeg\"><img loading=\"lazy\" decoding=\"async\" width=\"480\" height=\"316\" src=\"https:\/\/www.sclbadenbaden.de\/wp-content\/uploads\/2025\/10\/Carl-Zittau-2.jpeg\" alt=\"\" class=\"wp-image-23160\" style=\"width:840px;height:auto\" srcset=\"https:\/\/www.sclbadenbaden.de\/wp-content\/uploads\/2025\/10\/Carl-Zittau-2.jpeg 480w, https:\/\/www.sclbadenbaden.de\/wp-content\/uploads\/2025\/10\/Carl-Zittau-2-300x198.jpeg 300w, https:\/\/www.sclbadenbaden.de\/wp-content\/uploads\/2025\/10\/Carl-Zittau-2-150x99.jpeg 150w\" sizes=\"auto, (max-width: 480px) 100vw, 480px\" \/><\/a><\/figure>\n\n\n\n<p>Zittau bot den ersten Geher-Marathon in Deutschland. Carl hat sich die ganze Saison auf diesen Wettkampf vorbereitet und extra noch ein H\u00f6hentraining in den Pyren\u00e4en eingeschoben. Mit Erfolg. Der Marathon war international stark besetzt. Carl Dohmann hat sein gesetztes Ziel erreicht, ging in 3:09,58 Stunden, genau zwei Sekunden unter den anvisierten 3:10 Stunden.<\/p>\n\n\n\n<p>\u201eDas Rennen hat Spa\u00df gemacht, ich habe meinen Rhythmus gefunden und hatte eine gute Position im Verfolger-Feld. Da hatte ich viel F\u00fchrungsarbeit \u00fcbernommen. Erst die letzten sieben Kilometer wurden dann&nbsp; richtig hart\u201c, fasst Carl Dohmann das Rennen zusammen. Im Schnitt ging er die 1ooo Meter in 4:30 Minuten, schneller als bei so manchem Rennen in der Vergangenheit.<\/p>\n\n\n\n<p>Der Marathon im Gehen wird sich die kommenden zwei Jahre etablieren, bei der EM, der Team-Weltmeisterschaft 2026 und auch bei der WM 2027. Carl Dohmann sieht die Strecke als Kompromiss zwischen 35 und 50 Kilometern. Seine gr\u00f6\u00dften Erfolge erzielte der Race-Walker auf der ganz langen Strecke. Karriere-H\u00f6hepunkt war sicher der siebte Platz bei der Hitze-WM in Doha 2019.<\/p>\n\n\n\n<p>Internationale Medaillen erzielte der vielfache Deutsche Meister im Team-Gehen mit der Nationalmannschaft: 2021 Silber bei der Team-Europameisterschaft \u00fcber 50 Kilometer und 2022 Bronze bei der Team-Weltmeisterschaft \u00fcber 20 Kilometer.<\/p>\n\n\n\n<p>Trotz dieser Erfolge hatte Carl Dohmann so manches sportliche Tief zu \u00fcberstehen. Corona-Erkrankungen und Verletzungen haben ihn immer wieder ausgebremst. In den letzten Jahren kamen dann neben dem Training berufliche Belastungen hinzu. Aktuell arbeitet er am Sportwissenschaftlichen Institut der Uni Freiburg und schlie\u00dft bis Ende Dezember noch ein Fernstudium f\u00fcr Unternehmenskommunikation ab. 2026 wird er sein Leben also neu sortieren m\u00fcssen. Aktuell lotet Carl Dohmann also aus, ob und wie viel Zeit f\u00fcr das Training noch bleiben wird.<\/p>\n\n\n\n<p>Schon am kommenden Wochenende wartet eine neue Herausforderung auf ihn. Der \u00d6sterreichische Leichtathletik Verband l\u00e4dt Carl nach Salzburg ein. Dort h\u00e4lt er einen Vortrag vor Nachwuchs-Gehern \u00fcber die H\u00f6hen und Tiefen im Sport.<\/p>\n","protected":false},"excerpt":{"rendered":"<p>Che \u2013 War der erste Marathon im Gehen auch sein Letzter? SCL Heel Race Walker Carl Dohmann ist nach seinen starken Auftritten \u00fcber 5000 Meter in Lahr und dem Geher-Marathon in Zittau etwas gespalten. Karriere fortsetzen oder jetzt beenden? Noch denkt er dar\u00fcber nach, Sport will er aber weiterhin betreiben, das steht au\u00dfer Frage.<\/p>\n","protected":false},"author":20,"featured_media":0,"comment_status":"open","ping_status":"open","sticky":false,"template":"","format":"standard","meta":{"footnotes":""},"categories":[2,4],"tags":[],"class_list":["post-23155","post","type-post","status-publish","format-standard","hentry","category-berichte","category-ergebnisse"],"_links":{"self":[{"href":"https:\/\/www.sclbadenbaden.de\/index.php?rest_route=\/wp\/v2\/posts\/23155","targetHints":{"allow":["GET"]}}],"collection":[{"href":"https:\/\/www.sclbadenbaden.de\/index.php?rest_route=\/wp\/v2\/posts"}],"about":[{"href":"https:\/\/www.sclbadenbaden.de\/index.php?rest_route=\/wp\/v2\/types\/post"}],"author":[{"embeddable":true,"href":"https:\/\/www.sclbadenbaden.de\/index.php?rest_route=\/wp\/v2\/users\/20"}],"replies":[{"embeddable":true,"href":"https:\/\/www.sclbadenbaden.de\/index.php?rest_route=%2Fwp%2Fv2%2Fcomments&post=23155"}],"version-history":[{"count":4,"href":"https:\/\/www.sclbadenbaden.de\/index.php?rest_route=\/wp\/v2\/posts\/23155\/revisions"}],"predecessor-version":[{"id":23161,"href":"https:\/\/www.sclbadenbaden.de\/index.php?rest_route=\/wp\/v2\/posts\/23155\/revisions\/23161"}],"wp:attachment":[{"href":"https:\/\/www.sclbadenbaden.de\/index.php?rest_route=%2Fwp%2Fv2%2Fmedia&parent=23155"}],"wp:term":[{"taxonomy":"category","embeddable":true,"href":"https:\/\/www.sclbadenbaden.de\/index.php?rest_route=%2Fwp%2Fv2%2Fcategories&post=23155"},{"taxonomy":"post_tag","embeddable":true,"href":"https:\/\/www.sclbadenbaden.de\/index.php?rest_route=%2Fwp%2Fv2%2Ftags&post=23155"}],"curies":[{"name":"wp","href":"https:\/\/api.w.org\/{rel}","templated":true}]}}