{"id":23133,"date":"2025-10-25T18:34:59","date_gmt":"2025-10-25T17:34:59","guid":{"rendered":"https:\/\/www.sclbadenbaden.de\/?p=23133"},"modified":"2025-10-25T18:34:59","modified_gmt":"2025-10-25T17:34:59","slug":"silber-fuer-scl-heel-u10-team-beim-finale-der-vr-talentiade-in-wiesloch","status":"publish","type":"post","link":"https:\/\/www.sclbadenbaden.de\/?p=23133","title":{"rendered":"Silber f\u00fcr SCL Heel U10 Team beim Finale der VR Talentiade in Wiesloch"},"content":{"rendered":"\n<figure class=\"wp-block-image size-large\"><a href=\"https:\/\/www.sclbadenbaden.de\/wp-content\/uploads\/2025\/10\/TCOE0081.jpg\"><img loading=\"lazy\" decoding=\"async\" width=\"1024\" height=\"607\" src=\"https:\/\/www.sclbadenbaden.de\/wp-content\/uploads\/2025\/10\/TCOE0081-1024x607.jpg\" alt=\"\" class=\"wp-image-23134\" srcset=\"https:\/\/www.sclbadenbaden.de\/wp-content\/uploads\/2025\/10\/TCOE0081-1024x607.jpg 1024w, https:\/\/www.sclbadenbaden.de\/wp-content\/uploads\/2025\/10\/TCOE0081-300x178.jpg 300w, https:\/\/www.sclbadenbaden.de\/wp-content\/uploads\/2025\/10\/TCOE0081-150x89.jpg 150w, https:\/\/www.sclbadenbaden.de\/wp-content\/uploads\/2025\/10\/TCOE0081-768x455.jpg 768w, https:\/\/www.sclbadenbaden.de\/wp-content\/uploads\/2025\/10\/TCOE0081.jpg 1406w\" sizes=\"auto, (max-width: 1024px) 100vw, 1024px\" \/><\/a><\/figure>\n\n\n\n<p>Che \u2013 <a><\/a>Die SCL Heel Kinder feierten in dieser Saison unglaubliche Erfolge. Im Fr\u00fchjahr gewannen die U8 und U10 Sportlerinnen und Sportler das Baden-Finale in Freiburg. Jetzt standen sie erneut im Finale der \u201eVR Talentiade\u201c.<\/p>\n\n\n\n<!--more-->\n\n\n\n<p>Kinder-Leichtathletik steht ganz hoch im Kurs. Jungs und M\u00e4dchen starten als Team, absolvieren spannende und immer wieder wechselnde \u00dcbungen, die Schnelligkeit, Zielgenauigkeit, gute Hochsprung-Technik und Spa\u00df am Sport erfordern.<\/p>\n\n\n\n<p>Die Jungs und M\u00e4dels der U10 haben sich w\u00e4hrend der Sommersaison durch mehrere Siege bei regionalen KiLa-Veranstaltungen f\u00fcr die \u201eVR Talentiade\u201c in Wiesloch qualifiziert. Da waren nur die neun besten Teams aus ganz Baden am Start. F\u00fcr den SCL Heel gingen Nathalie Schleh, Medina Mazreku, Oskar Gediehn, Frederik H\u00f6lzle, Nephi Bosal, Emil Aliamkin und Hendrik Kett ins Rennen. Das waren die \u00dcbungen: 20 Meter fliegender Sprint, 30 Meter Hindernisstaffel, Weit-Hochsprung, Medizinballsto\u00dfen und ein Team-Biathloin. Alles gut gelaufen, das SCL Heel Team belegte in der Endabrechnung einen ganz starken zweiten Platz und untermauert erneut sein herausragende Position im Badischen. &nbsp;Betreut wurde das Team von Helmuth Schleh, Faruk und Lejla Mazreku.&nbsp;<\/p>\n\n\n\n<figure class=\"wp-block-gallery has-nested-images columns-default is-cropped wp-block-gallery-1 is-layout-flex wp-block-gallery-is-layout-flex\">\n<figure class=\"wp-block-image size-large\"><a href=\"https:\/\/www.sclbadenbaden.de\/wp-content\/uploads\/2025\/10\/WQEX9946.jpg\"><img loading=\"lazy\" decoding=\"async\" width=\"1024\" height=\"679\" data-id=\"23149\" src=\"https:\/\/www.sclbadenbaden.de\/wp-content\/uploads\/2025\/10\/WQEX9946-1024x679.jpg\" alt=\"\" class=\"wp-image-23149\" srcset=\"https:\/\/www.sclbadenbaden.de\/wp-content\/uploads\/2025\/10\/WQEX9946-1024x679.jpg 1024w, https:\/\/www.sclbadenbaden.de\/wp-content\/uploads\/2025\/10\/WQEX9946-300x199.jpg 300w, https:\/\/www.sclbadenbaden.de\/wp-content\/uploads\/2025\/10\/WQEX9946-150x99.jpg 150w, https:\/\/www.sclbadenbaden.de\/wp-content\/uploads\/2025\/10\/WQEX9946-768x509.jpg 768w, https:\/\/www.sclbadenbaden.de\/wp-content\/uploads\/2025\/10\/WQEX9946.jpg 1482w\" sizes=\"auto, (max-width: 1024px) 100vw, 1024px\" \/><\/a><\/figure>\n\n\n\n<figure class=\"wp-block-image size-large\"><a href=\"https:\/\/www.sclbadenbaden.de\/wp-content\/uploads\/2025\/10\/KGNJ5711.jpg\"><img loading=\"lazy\" decoding=\"async\" width=\"1024\" height=\"809\" data-id=\"23142\" src=\"https:\/\/www.sclbadenbaden.de\/wp-content\/uploads\/2025\/10\/KGNJ5711-1024x809.jpg\" alt=\"\" class=\"wp-image-23142\" srcset=\"https:\/\/www.sclbadenbaden.de\/wp-content\/uploads\/2025\/10\/KGNJ5711-1024x809.jpg 1024w, https:\/\/www.sclbadenbaden.de\/wp-content\/uploads\/2025\/10\/KGNJ5711-300x237.jpg 300w, https:\/\/www.sclbadenbaden.de\/wp-content\/uploads\/2025\/10\/KGNJ5711-150x118.jpg 150w, https:\/\/www.sclbadenbaden.de\/wp-content\/uploads\/2025\/10\/KGNJ5711-768x606.jpg 768w, https:\/\/www.sclbadenbaden.de\/wp-content\/uploads\/2025\/10\/KGNJ5711-1536x1213.jpg 1536w, https:\/\/www.sclbadenbaden.de\/wp-content\/uploads\/2025\/10\/KGNJ5711.jpg 1716w\" sizes=\"auto, (max-width: 1024px) 100vw, 1024px\" \/><\/a><\/figure>\n\n\n\n<figure class=\"wp-block-image size-large\"><a href=\"https:\/\/www.sclbadenbaden.de\/wp-content\/uploads\/2025\/10\/MHOJ8490.jpg\"><img loading=\"lazy\" decoding=\"async\" width=\"1024\" height=\"635\" data-id=\"23140\" src=\"https:\/\/www.sclbadenbaden.de\/wp-content\/uploads\/2025\/10\/MHOJ8490-1024x635.jpg\" alt=\"\" class=\"wp-image-23140\" srcset=\"https:\/\/www.sclbadenbaden.de\/wp-content\/uploads\/2025\/10\/MHOJ8490-1024x635.jpg 1024w, https:\/\/www.sclbadenbaden.de\/wp-content\/uploads\/2025\/10\/MHOJ8490-300x186.jpg 300w, https:\/\/www.sclbadenbaden.de\/wp-content\/uploads\/2025\/10\/MHOJ8490-150x93.jpg 150w, https:\/\/www.sclbadenbaden.de\/wp-content\/uploads\/2025\/10\/MHOJ8490-768x476.jpg 768w, https:\/\/www.sclbadenbaden.de\/wp-content\/uploads\/2025\/10\/MHOJ8490-1536x952.jpg 1536w, https:\/\/www.sclbadenbaden.de\/wp-content\/uploads\/2025\/10\/MHOJ8490.jpg 1754w\" sizes=\"auto, (max-width: 1024px) 100vw, 1024px\" \/><\/a><\/figure>\n\n\n\n<figure class=\"wp-block-image size-large\"><a href=\"https:\/\/www.sclbadenbaden.de\/wp-content\/uploads\/2025\/10\/MQTS2757.jpg\"><img loading=\"lazy\" decoding=\"async\" width=\"1024\" height=\"654\" data-id=\"23137\" src=\"https:\/\/www.sclbadenbaden.de\/wp-content\/uploads\/2025\/10\/MQTS2757-1024x654.jpg\" alt=\"\" class=\"wp-image-23137\" srcset=\"https:\/\/www.sclbadenbaden.de\/wp-content\/uploads\/2025\/10\/MQTS2757-1024x654.jpg 1024w, https:\/\/www.sclbadenbaden.de\/wp-content\/uploads\/2025\/10\/MQTS2757-300x192.jpg 300w, https:\/\/www.sclbadenbaden.de\/wp-content\/uploads\/2025\/10\/MQTS2757-150x96.jpg 150w, https:\/\/www.sclbadenbaden.de\/wp-content\/uploads\/2025\/10\/MQTS2757-768x490.jpg 768w, https:\/\/www.sclbadenbaden.de\/wp-content\/uploads\/2025\/10\/MQTS2757.jpg 1170w\" sizes=\"auto, (max-width: 1024px) 100vw, 1024px\" \/><\/a><\/figure>\n\n\n\n<figure class=\"wp-block-image size-large\"><a href=\"https:\/\/www.sclbadenbaden.de\/wp-content\/uploads\/2025\/10\/PSDH7383.jpg\"><img loading=\"lazy\" decoding=\"async\" width=\"1025\" height=\"839\" data-id=\"23135\" src=\"https:\/\/www.sclbadenbaden.de\/wp-content\/uploads\/2025\/10\/PSDH7383.jpg\" alt=\"\" class=\"wp-image-23135\" srcset=\"https:\/\/www.sclbadenbaden.de\/wp-content\/uploads\/2025\/10\/PSDH7383.jpg 1025w, https:\/\/www.sclbadenbaden.de\/wp-content\/uploads\/2025\/10\/PSDH7383-300x246.jpg 300w, https:\/\/www.sclbadenbaden.de\/wp-content\/uploads\/2025\/10\/PSDH7383-150x123.jpg 150w, https:\/\/www.sclbadenbaden.de\/wp-content\/uploads\/2025\/10\/PSDH7383-768x629.jpg 768w\" sizes=\"auto, (max-width: 1025px) 100vw, 1025px\" \/><\/a><\/figure>\n\n\n\n<figure class=\"wp-block-image size-large\"><a href=\"https:\/\/www.sclbadenbaden.de\/wp-content\/uploads\/2025\/10\/SIVF1895.jpg\"><img loading=\"lazy\" decoding=\"async\" width=\"1024\" height=\"588\" data-id=\"23139\" src=\"https:\/\/www.sclbadenbaden.de\/wp-content\/uploads\/2025\/10\/SIVF1895-1024x588.jpg\" alt=\"\" class=\"wp-image-23139\" srcset=\"https:\/\/www.sclbadenbaden.de\/wp-content\/uploads\/2025\/10\/SIVF1895-1024x588.jpg 1024w, https:\/\/www.sclbadenbaden.de\/wp-content\/uploads\/2025\/10\/SIVF1895-300x172.jpg 300w, https:\/\/www.sclbadenbaden.de\/wp-content\/uploads\/2025\/10\/SIVF1895-150x86.jpg 150w, https:\/\/www.sclbadenbaden.de\/wp-content\/uploads\/2025\/10\/SIVF1895-768x441.jpg 768w, https:\/\/www.sclbadenbaden.de\/wp-content\/uploads\/2025\/10\/SIVF1895-1536x882.jpg 1536w, https:\/\/www.sclbadenbaden.de\/wp-content\/uploads\/2025\/10\/SIVF1895.jpg 1644w\" sizes=\"auto, (max-width: 1024px) 100vw, 1024px\" \/><\/a><\/figure>\n\n\n\n<figure class=\"wp-block-image size-large\"><a href=\"https:\/\/www.sclbadenbaden.de\/wp-content\/uploads\/2025\/10\/SNWU3286.jpg\"><img loading=\"lazy\" decoding=\"async\" width=\"1024\" height=\"899\" data-id=\"23138\" src=\"https:\/\/www.sclbadenbaden.de\/wp-content\/uploads\/2025\/10\/SNWU3286-1024x899.jpg\" alt=\"\" class=\"wp-image-23138\" srcset=\"https:\/\/www.sclbadenbaden.de\/wp-content\/uploads\/2025\/10\/SNWU3286-1024x899.jpg 1024w, https:\/\/www.sclbadenbaden.de\/wp-content\/uploads\/2025\/10\/SNWU3286-300x264.jpg 300w, https:\/\/www.sclbadenbaden.de\/wp-content\/uploads\/2025\/10\/SNWU3286-150x132.jpg 150w, https:\/\/www.sclbadenbaden.de\/wp-content\/uploads\/2025\/10\/SNWU3286-768x675.jpg 768w, https:\/\/www.sclbadenbaden.de\/wp-content\/uploads\/2025\/10\/SNWU3286.jpg 1135w\" sizes=\"auto, (max-width: 1024px) 100vw, 1024px\" \/><\/a><\/figure>\n\n\n\n<figure class=\"wp-block-image size-large\"><a href=\"https:\/\/www.sclbadenbaden.de\/wp-content\/uploads\/2025\/10\/SQDR6094.jpg\"><img loading=\"lazy\" decoding=\"async\" width=\"1024\" height=\"678\" data-id=\"23143\" src=\"https:\/\/www.sclbadenbaden.de\/wp-content\/uploads\/2025\/10\/SQDR6094-1024x678.jpg\" alt=\"\" class=\"wp-image-23143\" srcset=\"https:\/\/www.sclbadenbaden.de\/wp-content\/uploads\/2025\/10\/SQDR6094-1024x678.jpg 1024w, https:\/\/www.sclbadenbaden.de\/wp-content\/uploads\/2025\/10\/SQDR6094-300x199.jpg 300w, https:\/\/www.sclbadenbaden.de\/wp-content\/uploads\/2025\/10\/SQDR6094-150x99.jpg 150w, https:\/\/www.sclbadenbaden.de\/wp-content\/uploads\/2025\/10\/SQDR6094-768x508.jpg 768w, https:\/\/www.sclbadenbaden.de\/wp-content\/uploads\/2025\/10\/SQDR6094.jpg 1200w\" sizes=\"auto, (max-width: 1024px) 100vw, 1024px\" \/><\/a><\/figure>\n\n\n\n<figure class=\"wp-block-image size-large\"><a href=\"https:\/\/www.sclbadenbaden.de\/wp-content\/uploads\/2025\/10\/TCOE0081-1.jpg\"><img loading=\"lazy\" decoding=\"async\" width=\"1024\" height=\"607\" data-id=\"23144\" src=\"https:\/\/www.sclbadenbaden.de\/wp-content\/uploads\/2025\/10\/TCOE0081-1-1024x607.jpg\" alt=\"\" class=\"wp-image-23144\" srcset=\"https:\/\/www.sclbadenbaden.de\/wp-content\/uploads\/2025\/10\/TCOE0081-1-1024x607.jpg 1024w, https:\/\/www.sclbadenbaden.de\/wp-content\/uploads\/2025\/10\/TCOE0081-1-300x178.jpg 300w, https:\/\/www.sclbadenbaden.de\/wp-content\/uploads\/2025\/10\/TCOE0081-1-150x89.jpg 150w, https:\/\/www.sclbadenbaden.de\/wp-content\/uploads\/2025\/10\/TCOE0081-1-768x455.jpg 768w, https:\/\/www.sclbadenbaden.de\/wp-content\/uploads\/2025\/10\/TCOE0081-1.jpg 1406w\" sizes=\"auto, (max-width: 1024px) 100vw, 1024px\" \/><\/a><\/figure>\n\n\n\n<figure class=\"wp-block-image size-large\"><a href=\"https:\/\/www.sclbadenbaden.de\/wp-content\/uploads\/2025\/10\/TEMP4620.jpg\"><img loading=\"lazy\" decoding=\"async\" width=\"1024\" height=\"845\" data-id=\"23145\" src=\"https:\/\/www.sclbadenbaden.de\/wp-content\/uploads\/2025\/10\/TEMP4620-1024x845.jpg\" alt=\"\" class=\"wp-image-23145\" srcset=\"https:\/\/www.sclbadenbaden.de\/wp-content\/uploads\/2025\/10\/TEMP4620-1024x845.jpg 1024w, https:\/\/www.sclbadenbaden.de\/wp-content\/uploads\/2025\/10\/TEMP4620-300x247.jpg 300w, https:\/\/www.sclbadenbaden.de\/wp-content\/uploads\/2025\/10\/TEMP4620-150x124.jpg 150w, https:\/\/www.sclbadenbaden.de\/wp-content\/uploads\/2025\/10\/TEMP4620-768x634.jpg 768w, https:\/\/www.sclbadenbaden.de\/wp-content\/uploads\/2025\/10\/TEMP4620.jpg 1137w\" sizes=\"auto, (max-width: 1024px) 100vw, 1024px\" \/><\/a><\/figure>\n\n\n\n<figure class=\"wp-block-image size-large\"><a href=\"https:\/\/www.sclbadenbaden.de\/wp-content\/uploads\/2025\/10\/UKAW3737.jpg\"><img loading=\"lazy\" decoding=\"async\" width=\"1024\" height=\"741\" data-id=\"23146\" src=\"https:\/\/www.sclbadenbaden.de\/wp-content\/uploads\/2025\/10\/UKAW3737-1024x741.jpg\" alt=\"\" class=\"wp-image-23146\" srcset=\"https:\/\/www.sclbadenbaden.de\/wp-content\/uploads\/2025\/10\/UKAW3737-1024x741.jpg 1024w, https:\/\/www.sclbadenbaden.de\/wp-content\/uploads\/2025\/10\/UKAW3737-300x217.jpg 300w, https:\/\/www.sclbadenbaden.de\/wp-content\/uploads\/2025\/10\/UKAW3737-150x109.jpg 150w, https:\/\/www.sclbadenbaden.de\/wp-content\/uploads\/2025\/10\/UKAW3737-768x556.jpg 768w, https:\/\/www.sclbadenbaden.de\/wp-content\/uploads\/2025\/10\/UKAW3737.jpg 1107w\" sizes=\"auto, (max-width: 1024px) 100vw, 1024px\" \/><\/a><\/figure>\n\n\n\n<figure class=\"wp-block-image size-large\"><a href=\"https:\/\/www.sclbadenbaden.de\/wp-content\/uploads\/2025\/10\/UZRV2093.jpg\"><img loading=\"lazy\" decoding=\"async\" width=\"1024\" height=\"661\" data-id=\"23147\" src=\"https:\/\/www.sclbadenbaden.de\/wp-content\/uploads\/2025\/10\/UZRV2093-1024x661.jpg\" alt=\"\" class=\"wp-image-23147\" srcset=\"https:\/\/www.sclbadenbaden.de\/wp-content\/uploads\/2025\/10\/UZRV2093-1024x661.jpg 1024w, https:\/\/www.sclbadenbaden.de\/wp-content\/uploads\/2025\/10\/UZRV2093-300x194.jpg 300w, https:\/\/www.sclbadenbaden.de\/wp-content\/uploads\/2025\/10\/UZRV2093-150x97.jpg 150w, https:\/\/www.sclbadenbaden.de\/wp-content\/uploads\/2025\/10\/UZRV2093-768x496.jpg 768w, https:\/\/www.sclbadenbaden.de\/wp-content\/uploads\/2025\/10\/UZRV2093-1536x992.jpg 1536w, https:\/\/www.sclbadenbaden.de\/wp-content\/uploads\/2025\/10\/UZRV2093.jpg 1600w\" sizes=\"auto, (max-width: 1024px) 100vw, 1024px\" \/><\/a><\/figure>\n\n\n\n<figure class=\"wp-block-image size-large\"><a href=\"https:\/\/www.sclbadenbaden.de\/wp-content\/uploads\/2025\/10\/VPIS0387.jpg\"><img loading=\"lazy\" decoding=\"async\" width=\"1024\" height=\"767\" data-id=\"23148\" src=\"https:\/\/www.sclbadenbaden.de\/wp-content\/uploads\/2025\/10\/VPIS0387-1024x767.jpg\" alt=\"\" class=\"wp-image-23148\" srcset=\"https:\/\/www.sclbadenbaden.de\/wp-content\/uploads\/2025\/10\/VPIS0387-1024x767.jpg 1024w, https:\/\/www.sclbadenbaden.de\/wp-content\/uploads\/2025\/10\/VPIS0387-300x225.jpg 300w, https:\/\/www.sclbadenbaden.de\/wp-content\/uploads\/2025\/10\/VPIS0387-150x112.jpg 150w, https:\/\/www.sclbadenbaden.de\/wp-content\/uploads\/2025\/10\/VPIS0387-768x575.jpg 768w, https:\/\/www.sclbadenbaden.de\/wp-content\/uploads\/2025\/10\/VPIS0387.jpg 1200w\" sizes=\"auto, (max-width: 1024px) 100vw, 1024px\" \/><\/a><\/figure>\n\n\n\n<figure class=\"wp-block-image size-large\"><a href=\"https:\/\/www.sclbadenbaden.de\/wp-content\/uploads\/2025\/10\/WGLS4073.jpg\"><img loading=\"lazy\" decoding=\"async\" width=\"1024\" height=\"627\" data-id=\"23150\" src=\"https:\/\/www.sclbadenbaden.de\/wp-content\/uploads\/2025\/10\/WGLS4073-1024x627.jpg\" alt=\"\" class=\"wp-image-23150\" srcset=\"https:\/\/www.sclbadenbaden.de\/wp-content\/uploads\/2025\/10\/WGLS4073-1024x627.jpg 1024w, https:\/\/www.sclbadenbaden.de\/wp-content\/uploads\/2025\/10\/WGLS4073-300x184.jpg 300w, https:\/\/www.sclbadenbaden.de\/wp-content\/uploads\/2025\/10\/WGLS4073-150x92.jpg 150w, https:\/\/www.sclbadenbaden.de\/wp-content\/uploads\/2025\/10\/WGLS4073-768x470.jpg 768w, https:\/\/www.sclbadenbaden.de\/wp-content\/uploads\/2025\/10\/WGLS4073-1536x940.jpg 1536w, https:\/\/www.sclbadenbaden.de\/wp-content\/uploads\/2025\/10\/WGLS4073.jpg 1908w\" sizes=\"auto, (max-width: 1024px) 100vw, 1024px\" \/><\/a><\/figure>\n\n\n\n<figure class=\"wp-block-image size-large\"><a href=\"https:\/\/www.sclbadenbaden.de\/wp-content\/uploads\/2025\/10\/WQEX9946.jpg\"><img loading=\"lazy\" decoding=\"async\" width=\"1024\" height=\"679\" data-id=\"23149\" src=\"https:\/\/www.sclbadenbaden.de\/wp-content\/uploads\/2025\/10\/WQEX9946-1024x679.jpg\" alt=\"\" class=\"wp-image-23149\" srcset=\"https:\/\/www.sclbadenbaden.de\/wp-content\/uploads\/2025\/10\/WQEX9946-1024x679.jpg 1024w, https:\/\/www.sclbadenbaden.de\/wp-content\/uploads\/2025\/10\/WQEX9946-300x199.jpg 300w, https:\/\/www.sclbadenbaden.de\/wp-content\/uploads\/2025\/10\/WQEX9946-150x99.jpg 150w, https:\/\/www.sclbadenbaden.de\/wp-content\/uploads\/2025\/10\/WQEX9946-768x509.jpg 768w, https:\/\/www.sclbadenbaden.de\/wp-content\/uploads\/2025\/10\/WQEX9946.jpg 1482w\" sizes=\"auto, (max-width: 1024px) 100vw, 1024px\" \/><\/a><\/figure>\n\n\n\n<figure class=\"wp-block-image size-large\"><a href=\"https:\/\/www.sclbadenbaden.de\/wp-content\/uploads\/2025\/10\/XEGZ7296.jpg\"><img loading=\"lazy\" decoding=\"async\" width=\"1024\" height=\"859\" data-id=\"23151\" src=\"https:\/\/www.sclbadenbaden.de\/wp-content\/uploads\/2025\/10\/XEGZ7296-1024x859.jpg\" alt=\"\" class=\"wp-image-23151\" srcset=\"https:\/\/www.sclbadenbaden.de\/wp-content\/uploads\/2025\/10\/XEGZ7296-1024x859.jpg 1024w, https:\/\/www.sclbadenbaden.de\/wp-content\/uploads\/2025\/10\/XEGZ7296-300x252.jpg 300w, https:\/\/www.sclbadenbaden.de\/wp-content\/uploads\/2025\/10\/XEGZ7296-150x126.jpg 150w, https:\/\/www.sclbadenbaden.de\/wp-content\/uploads\/2025\/10\/XEGZ7296-768x645.jpg 768w, https:\/\/www.sclbadenbaden.de\/wp-content\/uploads\/2025\/10\/XEGZ7296.jpg 1176w\" sizes=\"auto, (max-width: 1024px) 100vw, 1024px\" \/><\/a><\/figure>\n\n\n\n<figure class=\"wp-block-image size-large\"><a href=\"https:\/\/www.sclbadenbaden.de\/wp-content\/uploads\/2025\/10\/XJZU1796.jpg\"><img loading=\"lazy\" decoding=\"async\" width=\"1024\" height=\"404\" data-id=\"23152\" src=\"https:\/\/www.sclbadenbaden.de\/wp-content\/uploads\/2025\/10\/XJZU1796-1024x404.jpg\" alt=\"\" class=\"wp-image-23152\" srcset=\"https:\/\/www.sclbadenbaden.de\/wp-content\/uploads\/2025\/10\/XJZU1796-1024x404.jpg 1024w, https:\/\/www.sclbadenbaden.de\/wp-content\/uploads\/2025\/10\/XJZU1796-300x118.jpg 300w, https:\/\/www.sclbadenbaden.de\/wp-content\/uploads\/2025\/10\/XJZU1796-150x59.jpg 150w, https:\/\/www.sclbadenbaden.de\/wp-content\/uploads\/2025\/10\/XJZU1796-768x303.jpg 768w, https:\/\/www.sclbadenbaden.de\/wp-content\/uploads\/2025\/10\/XJZU1796-1536x606.jpg 1536w, https:\/\/www.sclbadenbaden.de\/wp-content\/uploads\/2025\/10\/XJZU1796.jpg 1686w\" sizes=\"auto, (max-width: 1024px) 100vw, 1024px\" \/><\/a><\/figure>\n<\/figure>\n","protected":false},"excerpt":{"rendered":"<p>Che \u2013 Die SCL Heel Kinder feierten in dieser Saison unglaubliche Erfolge. Im Fr\u00fchjahr gewannen die U8 und U10 Sportlerinnen und Sportler das Baden-Finale in Freiburg. Jetzt standen sie erneut im Finale der \u201eVR Talentiade\u201c.<\/p>\n","protected":false},"author":20,"featured_media":0,"comment_status":"open","ping_status":"open","sticky":false,"template":"","format":"standard","meta":{"footnotes":""},"categories":[1,2,4,6],"tags":[],"class_list":["post-23133","post","type-post","status-publish","format-standard","hentry","category-badische-meisterschaften","category-berichte","category-ergebnisse","category-jugend"],"_links":{"self":[{"href":"https:\/\/www.sclbadenbaden.de\/index.php?rest_route=\/wp\/v2\/posts\/23133","targetHints":{"allow":["GET"]}}],"collection":[{"href":"https:\/\/www.sclbadenbaden.de\/index.php?rest_route=\/wp\/v2\/posts"}],"about":[{"href":"https:\/\/www.sclbadenbaden.de\/index.php?rest_route=\/wp\/v2\/types\/post"}],"author":[{"embeddable":true,"href":"https:\/\/www.sclbadenbaden.de\/index.php?rest_route=\/wp\/v2\/users\/20"}],"replies":[{"embeddable":true,"href":"https:\/\/www.sclbadenbaden.de\/index.php?rest_route=%2Fwp%2Fv2%2Fcomments&post=23133"}],"version-history":[{"count":1,"href":"https:\/\/www.sclbadenbaden.de\/index.php?rest_route=\/wp\/v2\/posts\/23133\/revisions"}],"predecessor-version":[{"id":23153,"href":"https:\/\/www.sclbadenbaden.de\/index.php?rest_route=\/wp\/v2\/posts\/23133\/revisions\/23153"}],"wp:attachment":[{"href":"https:\/\/www.sclbadenbaden.de\/index.php?rest_route=%2Fwp%2Fv2%2Fmedia&parent=23133"}],"wp:term":[{"taxonomy":"category","embeddable":true,"href":"https:\/\/www.sclbadenbaden.de\/index.php?rest_route=%2Fwp%2Fv2%2Fcategories&post=23133"},{"taxonomy":"post_tag","embeddable":true,"href":"https:\/\/www.sclbadenbaden.de\/index.php?rest_route=%2Fwp%2Fv2%2Ftags&post=23133"}],"curies":[{"name":"wp","href":"https:\/\/api.w.org\/{rel}","templated":true}]}}