{"id":23126,"date":"2025-10-23T18:51:32","date_gmt":"2025-10-23T17:51:32","guid":{"rendered":"https:\/\/www.sclbadenbaden.de\/?p=23126"},"modified":"2025-10-23T18:55:28","modified_gmt":"2025-10-23T17:55:28","slug":"erstmals-marathon-gehen-im-saechsischen-zittau","status":"publish","type":"post","link":"https:\/\/www.sclbadenbaden.de\/?p=23126","title":{"rendered":"Erstmals Marathon-Gehen im s\u00e4chsischen Zittau"},"content":{"rendered":"\n<figure class=\"wp-block-image size-large\"><a href=\"https:\/\/www.sclbadenbaden.de\/wp-content\/uploads\/2025\/10\/Carl-Nathaniel-2.jpg\"><img loading=\"lazy\" decoding=\"async\" width=\"1024\" height=\"492\" src=\"https:\/\/www.sclbadenbaden.de\/wp-content\/uploads\/2025\/10\/Carl-Nathaniel-2-1024x492.jpg\" alt=\"\" class=\"wp-image-23127\" srcset=\"https:\/\/www.sclbadenbaden.de\/wp-content\/uploads\/2025\/10\/Carl-Nathaniel-2-1024x492.jpg 1024w, https:\/\/www.sclbadenbaden.de\/wp-content\/uploads\/2025\/10\/Carl-Nathaniel-2-300x144.jpg 300w, https:\/\/www.sclbadenbaden.de\/wp-content\/uploads\/2025\/10\/Carl-Nathaniel-2-150x72.jpg 150w, https:\/\/www.sclbadenbaden.de\/wp-content\/uploads\/2025\/10\/Carl-Nathaniel-2-768x369.jpg 768w, https:\/\/www.sclbadenbaden.de\/wp-content\/uploads\/2025\/10\/Carl-Nathaniel-2.jpg 1285w\" sizes=\"auto, (max-width: 1024px) 100vw, 1024px\" \/><\/a><figcaption class=\"wp-element-caption\">Carl Dohmann (links) und Nathaniel Seiler Anfang Oktober beim Tempo-Gehen in Lahr. Carl ging die 5000 Meter in deutscher Jahresbestzeit.<\/figcaption><\/figure>\n\n\n\n<p class=\"has-text-align-left\">Es ist die Premiere, nicht nur f\u00fcr SCL Heel Race-Walker Carl Dohmann. Es ist \u00fcberhaut die Premiere f\u00fcr ein Gehen \u00fcber die Marathon-Distanz von 42,195 Kilometer. Diesem Rennen am Samstag (25.10.) fiebert Carl schon den ganzen Sommer entgegen.<\/p>\n\n\n\n<!--more-->\n\n\n\n<p>Endlich wieder mal eine lange Distanz, genau die Mitte zwischen den 35 und den 50 Kilometern, jubelt Carl, der bekannterma\u00dfen seine gr\u00f6\u00dften Erfolge \u00fcber 50 Kilometer erzielt hat. 5. der Europameisterschaften, 7. der Weltmeisterschaften in Doha jeweils \u00fcber 50 Kilometer. An diesem Samstag ist Carl Dohmann in Zittau am Start und neben ihm an der Startlinie steht Trainingspartner Nathaniel Seiler (TV B\u00fchlertal). Beide waren zuletzt in bestechender Form. Beim 5000 Meter Tempo-Gehen in Lahr erzielte Carl in 20:11,60 Minuten eine deutsche Jahresbestzeit, Nathaniel kam nur einen Wimpernschlag sp\u00e4ter ins Ziel. Beide hatten tags zuvor bereits 40 Kilometer geprobt und ein Hartes Training in den Knochen. Die Vorbereitung auf diesen Marathon lief im H\u00f6hentraining der Pyren\u00e4en.  <\/p>\n","protected":false},"excerpt":{"rendered":"<p>Es ist die Premiere, nicht nur f\u00fcr SCL Heel Race-Walker Carl Dohmann. Es ist \u00fcberhaut die Premiere f\u00fcr ein Gehen \u00fcber die Marathon-Distanz von 42,195 Kilometer. Diesem Rennen am Samstag (25.10.) fiebert Carl schon den ganzen Sommer entgegen.<\/p>\n","protected":false},"author":20,"featured_media":0,"comment_status":"open","ping_status":"open","sticky":false,"template":"","format":"standard","meta":{"footnotes":""},"categories":[2,10],"tags":[],"class_list":["post-23126","post","type-post","status-publish","format-standard","hentry","category-berichte","category-veranstaltungen"],"_links":{"self":[{"href":"https:\/\/www.sclbadenbaden.de\/index.php?rest_route=\/wp\/v2\/posts\/23126","targetHints":{"allow":["GET"]}}],"collection":[{"href":"https:\/\/www.sclbadenbaden.de\/index.php?rest_route=\/wp\/v2\/posts"}],"about":[{"href":"https:\/\/www.sclbadenbaden.de\/index.php?rest_route=\/wp\/v2\/types\/post"}],"author":[{"embeddable":true,"href":"https:\/\/www.sclbadenbaden.de\/index.php?rest_route=\/wp\/v2\/users\/20"}],"replies":[{"embeddable":true,"href":"https:\/\/www.sclbadenbaden.de\/index.php?rest_route=%2Fwp%2Fv2%2Fcomments&post=23126"}],"version-history":[{"count":3,"href":"https:\/\/www.sclbadenbaden.de\/index.php?rest_route=\/wp\/v2\/posts\/23126\/revisions"}],"predecessor-version":[{"id":23131,"href":"https:\/\/www.sclbadenbaden.de\/index.php?rest_route=\/wp\/v2\/posts\/23126\/revisions\/23131"}],"wp:attachment":[{"href":"https:\/\/www.sclbadenbaden.de\/index.php?rest_route=%2Fwp%2Fv2%2Fmedia&parent=23126"}],"wp:term":[{"taxonomy":"category","embeddable":true,"href":"https:\/\/www.sclbadenbaden.de\/index.php?rest_route=%2Fwp%2Fv2%2Fcategories&post=23126"},{"taxonomy":"post_tag","embeddable":true,"href":"https:\/\/www.sclbadenbaden.de\/index.php?rest_route=%2Fwp%2Fv2%2Ftags&post=23126"}],"curies":[{"name":"wp","href":"https:\/\/api.w.org\/{rel}","templated":true}]}}