{"id":23062,"date":"2025-09-02T16:43:08","date_gmt":"2025-09-02T15:43:08","guid":{"rendered":"https:\/\/www.sclbadenbaden.de\/?p=23062"},"modified":"2025-09-02T16:43:08","modified_gmt":"2025-09-02T15:43:08","slug":"horst-meyer-zum-ehrenmitglied-ernannt","status":"publish","type":"post","link":"https:\/\/www.sclbadenbaden.de\/?p=23062","title":{"rendered":"Horst Meyer zum Ehrenmitglied ernannt"},"content":{"rendered":"\n<figure class=\"wp-block-image size-full\"><a href=\"https:\/\/www.sclbadenbaden.de\/wp-content\/uploads\/2025\/09\/Hortst-Meyer-Ehrenmitglied_2.jpeg\"><img loading=\"lazy\" decoding=\"async\" width=\"870\" height=\"619\" src=\"https:\/\/www.sclbadenbaden.de\/wp-content\/uploads\/2025\/09\/Hortst-Meyer-Ehrenmitglied_2.jpeg\" alt=\"\" class=\"wp-image-23063\" srcset=\"https:\/\/www.sclbadenbaden.de\/wp-content\/uploads\/2025\/09\/Hortst-Meyer-Ehrenmitglied_2.jpeg 870w, https:\/\/www.sclbadenbaden.de\/wp-content\/uploads\/2025\/09\/Hortst-Meyer-Ehrenmitglied_2-300x213.jpeg 300w, https:\/\/www.sclbadenbaden.de\/wp-content\/uploads\/2025\/09\/Hortst-Meyer-Ehrenmitglied_2-150x107.jpeg 150w, https:\/\/www.sclbadenbaden.de\/wp-content\/uploads\/2025\/09\/Hortst-Meyer-Ehrenmitglied_2-768x546.jpeg 768w\" sizes=\"auto, (max-width: 870px) 100vw, 870px\" \/><\/a><\/figure>\n\n\n\n<p>Der SCL Heel hat ein neues Ehrenmitglied: Anl\u00e4sslich seines 90. Geburtstags wurde Horst Meyer zum Ehrenmitglied ernannt. Seit \u00fcber 40 Jahren ist er Mitglied, zun\u00e4chst im SC Baden-Baden, dann seit der Gr\u00fcndung 2005 im SCL Heel. In all den Jahren f\u00fchlte er sich in der Gesundheitssportgruppe wohl und hat an seiner pers\u00f6nlichen Fitness gearbeitet. Die ist mit 90 immer noch ok! Beruflich war er Musiker beim SWR Sinfonieorchester. F\u00fcr den SCL Heel war er immer wieder bei Veranstaltungen als wertvoller Helfer aktiv. Die Urkunde \u00fcberreichte SCL Heel Vorstandsmitglied J\u00f6rg Falk. <\/p>\n","protected":false},"excerpt":{"rendered":"<p>Der SCL Heel hat ein neues Ehrenmitglied: Anl\u00e4sslich seines 90. Geburtstags wurde Horst Meyer zum Ehrenmitglied ernannt. Seit \u00fcber 40 Jahren ist er Mitglied, zun\u00e4chst im SC Baden-Baden, dann seit der Gr\u00fcndung 2005 im SCL Heel. In all den Jahren f\u00fchlte er sich in der Gesundheitssportgruppe wohl und hat an seiner pers\u00f6nlichen Fitness gearbeitet. Die [&hellip;]<\/p>\n","protected":false},"author":20,"featured_media":0,"comment_status":"open","ping_status":"open","sticky":false,"template":"","format":"standard","meta":{"footnotes":""},"categories":[11,12],"tags":[],"class_list":["post-23062","post","type-post","status-publish","format-standard","hentry","category-vereinsfeier","category-vorstand"],"_links":{"self":[{"href":"https:\/\/www.sclbadenbaden.de\/index.php?rest_route=\/wp\/v2\/posts\/23062","targetHints":{"allow":["GET"]}}],"collection":[{"href":"https:\/\/www.sclbadenbaden.de\/index.php?rest_route=\/wp\/v2\/posts"}],"about":[{"href":"https:\/\/www.sclbadenbaden.de\/index.php?rest_route=\/wp\/v2\/types\/post"}],"author":[{"embeddable":true,"href":"https:\/\/www.sclbadenbaden.de\/index.php?rest_route=\/wp\/v2\/users\/20"}],"replies":[{"embeddable":true,"href":"https:\/\/www.sclbadenbaden.de\/index.php?rest_route=%2Fwp%2Fv2%2Fcomments&post=23062"}],"version-history":[{"count":1,"href":"https:\/\/www.sclbadenbaden.de\/index.php?rest_route=\/wp\/v2\/posts\/23062\/revisions"}],"predecessor-version":[{"id":23064,"href":"https:\/\/www.sclbadenbaden.de\/index.php?rest_route=\/wp\/v2\/posts\/23062\/revisions\/23064"}],"wp:attachment":[{"href":"https:\/\/www.sclbadenbaden.de\/index.php?rest_route=%2Fwp%2Fv2%2Fmedia&parent=23062"}],"wp:term":[{"taxonomy":"category","embeddable":true,"href":"https:\/\/www.sclbadenbaden.de\/index.php?rest_route=%2Fwp%2Fv2%2Fcategories&post=23062"},{"taxonomy":"post_tag","embeddable":true,"href":"https:\/\/www.sclbadenbaden.de\/index.php?rest_route=%2Fwp%2Fv2%2Ftags&post=23062"}],"curies":[{"name":"wp","href":"https:\/\/api.w.org\/{rel}","templated":true}]}}