{"id":22907,"date":"2025-07-13T19:58:35","date_gmt":"2025-07-13T18:58:35","guid":{"rendered":"https:\/\/www.sclbadenbaden.de\/?p=22907"},"modified":"2025-08-07T17:18:41","modified_gmt":"2025-08-07T16:18:41","slug":"dritter-landestitel-fuer-joel-manekeu","status":"publish","type":"post","link":"https:\/\/www.sclbadenbaden.de\/?p=22907","title":{"rendered":"Dritter Landestitel f\u00fcr Joel Manekeu"},"content":{"rendered":"\n<figure class=\"wp-block-image size-large\"><a href=\"https:\/\/www.sclbadenbaden.de\/wp-content\/uploads\/2025\/07\/Joel-Hoch-186-Unscharf.jpeg\"><img loading=\"lazy\" decoding=\"async\" width=\"1024\" height=\"555\" src=\"https:\/\/www.sclbadenbaden.de\/wp-content\/uploads\/2025\/07\/Joel-Hoch-186-Unscharf-1024x555.jpeg\" alt=\"\" class=\"wp-image-22908\" srcset=\"https:\/\/www.sclbadenbaden.de\/wp-content\/uploads\/2025\/07\/Joel-Hoch-186-Unscharf-1024x555.jpeg 1024w, https:\/\/www.sclbadenbaden.de\/wp-content\/uploads\/2025\/07\/Joel-Hoch-186-Unscharf-300x163.jpeg 300w, https:\/\/www.sclbadenbaden.de\/wp-content\/uploads\/2025\/07\/Joel-Hoch-186-Unscharf-150x81.jpeg 150w, https:\/\/www.sclbadenbaden.de\/wp-content\/uploads\/2025\/07\/Joel-Hoch-186-Unscharf-768x416.jpeg 768w, https:\/\/www.sclbadenbaden.de\/wp-content\/uploads\/2025\/07\/Joel-Hoch-186-Unscharf-1536x832.jpeg 1536w, https:\/\/www.sclbadenbaden.de\/wp-content\/uploads\/2025\/07\/Joel-Hoch-186-Unscharf.jpeg 1884w\" sizes=\"auto, (max-width: 1024px) 100vw, 1024px\" \/><\/a><\/figure>\n\n\n\n<p>Che \u2013 Es ist der dritte Titel innerhalb von 4 Wochen: Joel Manekeu r\u00e4umt bei den Landesmeisterschaften ab. Erst wurde er \u00fcberraschen Baden-W\u00fcrttembergischer Meister der U20, dann Badischr U20 Meister und jetzt sicherte er sich in Walldorf auch den Badischen Titel in der M\u00e4nnerklasse. Joel \u00fcberflog 1,82 Meter. Nur denkbar knapp am Titel vorbei flog Caesar Konz im Weitsprung. Mit 6,51 Meter fehlten nur zwei Zentimeter zu Gold. So steht die Saisonbestweite f\u00fcr eine klare Silbermedaille. Foto: Bernd Hefter<\/p>\n\n\n\n<!--more-->\n\n\n\n<p>Zwei vierte Pl\u00e4tze erreichte Maximilian Waldner \u00fcber 200 Meter in 22,33 Sekunden und \u00fcber 400 Meter in 50,40 Sekunden. So schnell lief er die Stadionrunde noch nie. Ebenfalls Bestzeit gab es f\u00fcr Sophia Striebel \u00fcber die Stadionrunde im Frauen-Wettbewerb als Sechste. Die Pl\u00e4tze 5 und sechs belegte Matteo Hoppe M15 im Weitsprung mit 5,63 Meter und im Hochsprung mit 1,55 Meter.<\/p>\n","protected":false},"excerpt":{"rendered":"<p>Che \u2013 Es ist der dritte Titel innerhalb von 4 Wochen: Joel Manekeu r\u00e4umt bei den Landesmeisterschaften ab. Erst wurde er \u00fcberraschen Baden-W\u00fcrttembergischer Meister der U20, dann Badischr U20 Meister und jetzt sicherte er sich in Walldorf auch den Badischen Titel in der M\u00e4nnerklasse. Joel \u00fcberflog 1,82 Meter. Nur denkbar knapp am Titel vorbei flog [&hellip;]<\/p>\n","protected":false},"author":20,"featured_media":0,"comment_status":"open","ping_status":"open","sticky":false,"template":"","format":"standard","meta":{"footnotes":""},"categories":[1,2,4],"tags":[],"class_list":["post-22907","post","type-post","status-publish","format-standard","hentry","category-badische-meisterschaften","category-berichte","category-ergebnisse"],"_links":{"self":[{"href":"https:\/\/www.sclbadenbaden.de\/index.php?rest_route=\/wp\/v2\/posts\/22907","targetHints":{"allow":["GET"]}}],"collection":[{"href":"https:\/\/www.sclbadenbaden.de\/index.php?rest_route=\/wp\/v2\/posts"}],"about":[{"href":"https:\/\/www.sclbadenbaden.de\/index.php?rest_route=\/wp\/v2\/types\/post"}],"author":[{"embeddable":true,"href":"https:\/\/www.sclbadenbaden.de\/index.php?rest_route=\/wp\/v2\/users\/20"}],"replies":[{"embeddable":true,"href":"https:\/\/www.sclbadenbaden.de\/index.php?rest_route=%2Fwp%2Fv2%2Fcomments&post=22907"}],"version-history":[{"count":2,"href":"https:\/\/www.sclbadenbaden.de\/index.php?rest_route=\/wp\/v2\/posts\/22907\/revisions"}],"predecessor-version":[{"id":23033,"href":"https:\/\/www.sclbadenbaden.de\/index.php?rest_route=\/wp\/v2\/posts\/22907\/revisions\/23033"}],"wp:attachment":[{"href":"https:\/\/www.sclbadenbaden.de\/index.php?rest_route=%2Fwp%2Fv2%2Fmedia&parent=22907"}],"wp:term":[{"taxonomy":"category","embeddable":true,"href":"https:\/\/www.sclbadenbaden.de\/index.php?rest_route=%2Fwp%2Fv2%2Fcategories&post=22907"},{"taxonomy":"post_tag","embeddable":true,"href":"https:\/\/www.sclbadenbaden.de\/index.php?rest_route=%2Fwp%2Fv2%2Ftags&post=22907"}],"curies":[{"name":"wp","href":"https:\/\/api.w.org\/{rel}","templated":true}]}}