{"id":21071,"date":"2024-12-16T15:48:56","date_gmt":"2024-12-16T14:48:56","guid":{"rendered":"https:\/\/www.sclbadenbaden.de\/?p=21071"},"modified":"2024-12-16T15:52:16","modified_gmt":"2024-12-16T14:52:16","slug":"der-scl-heel-trauert-um-ehrenmitglied-guenther-menth","status":"publish","type":"post","link":"https:\/\/www.sclbadenbaden.de\/?p=21071","title":{"rendered":"Der SCL Heel trauert um Ehrenmitglied G\u00fcnther Menth"},"content":{"rendered":"\n<figure class=\"wp-block-image size-large is-resized\"><a href=\"https:\/\/sclbadenbaden.de\/wp-content\/uploads\/2024\/12\/Guenther-Menth-U3.jpg\"><img loading=\"lazy\" decoding=\"async\" src=\"https:\/\/sclbadenbaden.de\/wp-content\/uploads\/2024\/12\/Guenther-Menth-U3-939x1024.jpg\" alt=\"\" class=\"wp-image-21072\" width=\"273\" height=\"298\" srcset=\"https:\/\/www.sclbadenbaden.de\/wp-content\/uploads\/2024\/12\/Guenther-Menth-U3-939x1024.jpg 939w, https:\/\/www.sclbadenbaden.de\/wp-content\/uploads\/2024\/12\/Guenther-Menth-U3-275x300.jpg 275w, https:\/\/www.sclbadenbaden.de\/wp-content\/uploads\/2024\/12\/Guenther-Menth-U3-138x150.jpg 138w, https:\/\/www.sclbadenbaden.de\/wp-content\/uploads\/2024\/12\/Guenther-Menth-U3-768x838.jpg 768w, https:\/\/www.sclbadenbaden.de\/wp-content\/uploads\/2024\/12\/Guenther-Menth-U3.jpg 1215w\" sizes=\"auto, (max-width: 273px) 100vw, 273px\" \/><\/a><\/figure>\n\n\n\n<p>Che \u2013 Der SCL Heel Baden-Baden trauert um Ehrenmitglied und Wanderwart G\u00fcnther Menth. Er verstarb nach l\u00e4ngerer Krankheit am vergangenen Donnerstag. \u201eMit G\u00fcnther verliert der SCL Heel nicht nur ein treues Mitglied. Er hat uns viele Jahre auf wunderbaren Wandertouren den Schwarzwald, den Pf\u00e4lzer Wald und den Kaiserstuhl n\u00e4her gebracht und uns \u00fcber die sch\u00f6nsten Wanderwege gef\u00fchrt. Seine freundliche und immer fr\u00f6hliche Stimmung lie\u00df jede seiner Wanderungen zu einem Erlebnis werden\u201c, so SCL Heel Vorstand Bernd Hefter.<\/p>\n\n\n\n<p>G\u00fcnther Menth geh\u00f6rte dem Verein seit 27 Jahren an und hat immer mittwochs in der Gesundheitssportgruppe sein w\u00f6chentliches Training absolviert. Sportlich hielt er sich aber auch mit Wandern fit. Als Mitglied im Schwarzwaldverein organisierte er auch dort unz\u00e4hlige Wandertouren. Alle Wanderungen waren stets perfekt organisiert. Bus- oder Bahnfahrt, Wanderung, Einkehr am Ende und R\u00fcckreise liefen bei G\u00fcnther Menth nach einem minuti\u00f6ses Plan ab. Immer blieb ausreichend Zeit f\u00fcr ein fr\u00f6hliches Beisammensein nach l\u00e4ngerer Wanderung, bevor es auf die R\u00fcckfahrt ging.<\/p>\n\n\n\n<p>Dass auch immer alles klappt, lag an G\u00fcnther Menths akribischer Vorbereitung. Alle Touren erwanderte er sich zun\u00e4chst selbst. Erst wenn alle Details klar waren, nahm er eine Gruppe mit auf Wanderschaft. Wenn es mal zu Versp\u00e4tungen kam, dann lag es an Bussen oder Bahnen, die nicht G\u00fcnther Menths Zeitplanung einhalten wollten und einfach zu sp\u00e4t kamen.<\/p>\n\n\n\n<p>Verdienste erwarb sich G\u00fcnther Menth auch beim j\u00e4hrlichen Heel-Lauf. Regelm\u00e4\u00dfig fungierte er an der W\u00f6rth-Stra\u00dfe als Streckenposten. Neben Sport und Wandern lag sein gro\u00dfes Interesse am Z\u00fcchten von Kakteen, die in seinem Gew\u00e4chshaus \u00fcppig sprie\u00dften.<\/p>\n","protected":false},"excerpt":{"rendered":"<p>Che \u2013 Der SCL Heel Baden-Baden trauert um Ehrenmitglied und Wanderwart G\u00fcnther Menth. Er verstarb nach l\u00e4ngerer Krankheit am vergangenen Donnerstag. \u201eMit G\u00fcnther verliert der SCL Heel nicht nur ein treues Mitglied. Er hat uns viele Jahre auf wunderbaren Wandertouren den Schwarzwald, den Pf\u00e4lzer Wald und den Kaiserstuhl n\u00e4her gebracht und uns \u00fcber die sch\u00f6nsten [&hellip;]<\/p>\n","protected":false},"author":20,"featured_media":0,"comment_status":"open","ping_status":"open","sticky":false,"template":"","format":"standard","meta":{"footnotes":""},"categories":[12],"tags":[],"class_list":["post-21071","post","type-post","status-publish","format-standard","hentry","category-vorstand"],"_links":{"self":[{"href":"https:\/\/www.sclbadenbaden.de\/index.php?rest_route=\/wp\/v2\/posts\/21071","targetHints":{"allow":["GET"]}}],"collection":[{"href":"https:\/\/www.sclbadenbaden.de\/index.php?rest_route=\/wp\/v2\/posts"}],"about":[{"href":"https:\/\/www.sclbadenbaden.de\/index.php?rest_route=\/wp\/v2\/types\/post"}],"author":[{"embeddable":true,"href":"https:\/\/www.sclbadenbaden.de\/index.php?rest_route=\/wp\/v2\/users\/20"}],"replies":[{"embeddable":true,"href":"https:\/\/www.sclbadenbaden.de\/index.php?rest_route=%2Fwp%2Fv2%2Fcomments&post=21071"}],"version-history":[{"count":4,"href":"https:\/\/www.sclbadenbaden.de\/index.php?rest_route=\/wp\/v2\/posts\/21071\/revisions"}],"predecessor-version":[{"id":21076,"href":"https:\/\/www.sclbadenbaden.de\/index.php?rest_route=\/wp\/v2\/posts\/21071\/revisions\/21076"}],"wp:attachment":[{"href":"https:\/\/www.sclbadenbaden.de\/index.php?rest_route=%2Fwp%2Fv2%2Fmedia&parent=21071"}],"wp:term":[{"taxonomy":"category","embeddable":true,"href":"https:\/\/www.sclbadenbaden.de\/index.php?rest_route=%2Fwp%2Fv2%2Fcategories&post=21071"},{"taxonomy":"post_tag","embeddable":true,"href":"https:\/\/www.sclbadenbaden.de\/index.php?rest_route=%2Fwp%2Fv2%2Ftags&post=21071"}],"curies":[{"name":"wp","href":"https:\/\/api.w.org\/{rel}","templated":true}]}}