{"id":21059,"date":"2024-12-14T14:50:19","date_gmt":"2024-12-14T13:50:19","guid":{"rendered":"https:\/\/www.sclbadenbaden.de\/?p=21059"},"modified":"2024-12-14T14:50:19","modified_gmt":"2024-12-14T13:50:19","slug":"helmut-schleh-zum-kila-cup-beauftragten-des-kreises-gewaehlt","status":"publish","type":"post","link":"https:\/\/www.sclbadenbaden.de\/?p=21059","title":{"rendered":"Helmut Schleh zum KiLa-Cup Beauftragten des Kreises gew\u00e4hlt"},"content":{"rendered":"\n<figure class=\"wp-block-image size-large\"><a href=\"https:\/\/sclbadenbaden.de\/wp-content\/uploads\/2024\/12\/IMG_1166-scaled.jpg\"><img loading=\"lazy\" decoding=\"async\" width=\"1024\" height=\"521\" src=\"https:\/\/sclbadenbaden.de\/wp-content\/uploads\/2024\/12\/IMG_1166-1024x521.jpg\" alt=\"\" class=\"wp-image-21060\" srcset=\"https:\/\/www.sclbadenbaden.de\/wp-content\/uploads\/2024\/12\/IMG_1166-1024x521.jpg 1024w, https:\/\/www.sclbadenbaden.de\/wp-content\/uploads\/2024\/12\/IMG_1166-300x153.jpg 300w, https:\/\/www.sclbadenbaden.de\/wp-content\/uploads\/2024\/12\/IMG_1166-150x76.jpg 150w, https:\/\/www.sclbadenbaden.de\/wp-content\/uploads\/2024\/12\/IMG_1166-768x391.jpg 768w, https:\/\/www.sclbadenbaden.de\/wp-content\/uploads\/2024\/12\/IMG_1166-1536x781.jpg 1536w, https:\/\/www.sclbadenbaden.de\/wp-content\/uploads\/2024\/12\/IMG_1166-2048x1041.jpg 2048w\" sizes=\"auto, (max-width: 1024px) 100vw, 1024px\" \/><\/a><\/figure>\n\n\n\n<p>SCL Heel U14 Trainer Helmut Schleh hat ein wichtiges Amt im Leichtathletik-Kreis Rastatt \/ Baden-Baden \/ B\u00fchl \u00fcbernommen: Von den Delegierten der Kreisvereine wurde er einstimmig zum Kinder-Leichtathletik-Beauftragten gew\u00e4hlt. Er ist damit f\u00fcr die Durchf\u00fchrung der KiLa-Cups im Kreis verantwortlich, setzt die Disziplinen und Wettkampfbedingungen fest und ist f\u00fcr die reibungslose Durchf\u00fchrung verantwortlich. Die KiLa-Cups f\u00fcr die 5- bis 13-j\u00e4hrigen Kinder z\u00e4hlen zu den bestbesuchten Leichtathletik-Veranstaltungen. Wenn hunderte Kinder begeistert Sport machen, dann steigen Begeisterung und positive Emotionen bei Sportlern und Eltern. Das Foto zeigt Helmut Schleh mit der wieder gew\u00e4hlten Kreisvorsitzenden Andrea H\u00e4ndel.<\/p>\n","protected":false},"excerpt":{"rendered":"<p>SCL Heel U14 Trainer Helmut Schleh hat ein wichtiges Amt im Leichtathletik-Kreis Rastatt \/ Baden-Baden \/ B\u00fchl \u00fcbernommen: Von den Delegierten der Kreisvereine wurde er einstimmig zum Kinder-Leichtathletik-Beauftragten gew\u00e4hlt. Er ist damit f\u00fcr die Durchf\u00fchrung der KiLa-Cups im Kreis verantwortlich, setzt die Disziplinen und Wettkampfbedingungen fest und ist f\u00fcr die reibungslose Durchf\u00fchrung verantwortlich. Die KiLa-Cups [&hellip;]<\/p>\n","protected":false},"author":20,"featured_media":0,"comment_status":"open","ping_status":"open","sticky":false,"template":"","format":"standard","meta":{"footnotes":""},"categories":[2,7,10,12],"tags":[],"class_list":["post-21059","post","type-post","status-publish","format-standard","hentry","category-berichte","category-kreismeisterschaften","category-veranstaltungen","category-vorstand"],"_links":{"self":[{"href":"https:\/\/www.sclbadenbaden.de\/index.php?rest_route=\/wp\/v2\/posts\/21059","targetHints":{"allow":["GET"]}}],"collection":[{"href":"https:\/\/www.sclbadenbaden.de\/index.php?rest_route=\/wp\/v2\/posts"}],"about":[{"href":"https:\/\/www.sclbadenbaden.de\/index.php?rest_route=\/wp\/v2\/types\/post"}],"author":[{"embeddable":true,"href":"https:\/\/www.sclbadenbaden.de\/index.php?rest_route=\/wp\/v2\/users\/20"}],"replies":[{"embeddable":true,"href":"https:\/\/www.sclbadenbaden.de\/index.php?rest_route=%2Fwp%2Fv2%2Fcomments&post=21059"}],"version-history":[{"count":1,"href":"https:\/\/www.sclbadenbaden.de\/index.php?rest_route=\/wp\/v2\/posts\/21059\/revisions"}],"predecessor-version":[{"id":21061,"href":"https:\/\/www.sclbadenbaden.de\/index.php?rest_route=\/wp\/v2\/posts\/21059\/revisions\/21061"}],"wp:attachment":[{"href":"https:\/\/www.sclbadenbaden.de\/index.php?rest_route=%2Fwp%2Fv2%2Fmedia&parent=21059"}],"wp:term":[{"taxonomy":"category","embeddable":true,"href":"https:\/\/www.sclbadenbaden.de\/index.php?rest_route=%2Fwp%2Fv2%2Fcategories&post=21059"},{"taxonomy":"post_tag","embeddable":true,"href":"https:\/\/www.sclbadenbaden.de\/index.php?rest_route=%2Fwp%2Fv2%2Ftags&post=21059"}],"curies":[{"name":"wp","href":"https:\/\/api.w.org\/{rel}","templated":true}]}}