{"id":20622,"date":"2024-06-20T17:36:55","date_gmt":"2024-06-20T16:36:55","guid":{"rendered":"https:\/\/www.sclbadenbaden.de\/?p=20622"},"modified":"2024-06-20T17:37:23","modified_gmt":"2024-06-20T16:37:23","slug":"ob-dietmar-spaeth-empfaengt-mikaelle-assani","status":"publish","type":"post","link":"https:\/\/www.sclbadenbaden.de\/?p=20622","title":{"rendered":"OB Dietmar Sp\u00e4th empf\u00e4ngt Mikaelle Assani"},"content":{"rendered":"\n<figure class=\"wp-block-image size-large is-resized\"><a href=\"https:\/\/sclbadenbaden.de\/wp-content\/uploads\/2024\/06\/Uebergabe-breit.jpg\"><img loading=\"lazy\" decoding=\"async\" src=\"https:\/\/sclbadenbaden.de\/wp-content\/uploads\/2024\/06\/Uebergabe-breit-1024x509.jpg\" alt=\"\" class=\"wp-image-20623\" width=\"1098\" height=\"545\" srcset=\"https:\/\/www.sclbadenbaden.de\/wp-content\/uploads\/2024\/06\/Uebergabe-breit-1024x509.jpg 1024w, https:\/\/www.sclbadenbaden.de\/wp-content\/uploads\/2024\/06\/Uebergabe-breit-300x149.jpg 300w, https:\/\/www.sclbadenbaden.de\/wp-content\/uploads\/2024\/06\/Uebergabe-breit-150x75.jpg 150w, https:\/\/www.sclbadenbaden.de\/wp-content\/uploads\/2024\/06\/Uebergabe-breit-768x382.jpg 768w, https:\/\/www.sclbadenbaden.de\/wp-content\/uploads\/2024\/06\/Uebergabe-breit-1536x763.jpg 1536w, https:\/\/www.sclbadenbaden.de\/wp-content\/uploads\/2024\/06\/Uebergabe-breit-2048x1018.jpg 2048w\" sizes=\"auto, (max-width: 1098px) 100vw, 1098px\" \/><\/a><figcaption class=\"wp-element-caption\">Mikaelle Assani \u00fcbergab OB Dietmar Sp\u00e4th ein SCL Heel Trikot: v.l. J\u00f6rg Falk, Ricarda Feurer, Katerina Tougaard, Mikaelle Assani, Dietmar Sp\u00e4th und Bernd Hefter<\/figcaption><\/figure>\n\n\n\n<p>Baden-Baden. Oberb\u00fcrgermeister Dietmar Sp\u00e4th hat die Weitspringerin Mikaelle Assani im Rathaus empfangen. Der OB gratulierte der 21-j\u00e4hrigen Athletin, die f\u00fcr den SCL Heel Baden-Baden startet, zu ihrem vierten Platz bei den diesj\u00e4hrigen Leichtathletik-Europameisterschaften in Rom.<\/p>\n\n\n\n<p>\u201eDas ist eine starke Leistung, auf die Sie sehr stolz sein k\u00f6nnen\u201c, lobte Sp\u00e4th die Sportlerin. Bereits im Fr\u00fchjahr belegte die Weitspringerin mit 6,77 Metern bei der Hallen-WM in Glasgow ebenfalls den vierten Platz. Mit 6,91 Metern in Rom, konnte sie diese Leistung nochmals \u00fcbertreffen. Ihr Blick ist allerdings schon auf das n\u00e4chste gro\u00dfe Sportevent gerichtet: Aller Voraussicht nach wird sich f\u00fcr Assani ein Kindheitstraum erf\u00fcllen, wenn sie im Sommer an den Olympischen Spielen in Paris teilnimmt. Zwar steht die offizielle Kadernominierung noch aus, doch mit ihrer Leistung in Rom hat sie die Olympia-Norm bereits erf\u00fcllt. Auf ihren Auftritt auf der ganz gro\u00dfen B\u00fchne bereitet sie sich gemeinsam mit ihrem Trainer Udo Metzler vor. Die beiden wechselten im Dezember 2022 nach Baden-Baden. Der SCL-Vorsitzende Bernd Hefter freut sich sehr \u00fcber die Erfolge der jungen Athletin. Assani sei ein tolles Vorbild f\u00fcr die jungen Sportlerinnen und Sportler und habe noch viel Potenzial f\u00fcr die Zukunft.<\/p>\n","protected":false},"excerpt":{"rendered":"<p>Baden-Baden. Oberb\u00fcrgermeister Dietmar Sp\u00e4th hat die Weitspringerin Mikaelle Assani im Rathaus empfangen. Der OB gratulierte der 21-j\u00e4hrigen Athletin, die f\u00fcr den SCL Heel Baden-Baden startet, zu ihrem vierten Platz bei den diesj\u00e4hrigen Leichtathletik-Europameisterschaften in Rom. \u201eDas ist eine starke Leistung, auf die Sie sehr stolz sein k\u00f6nnen\u201c, lobte Sp\u00e4th die Sportlerin. Bereits im Fr\u00fchjahr belegte [&hellip;]<\/p>\n","protected":false},"author":20,"featured_media":0,"comment_status":"open","ping_status":"open","sticky":false,"template":"","format":"standard","meta":{"footnotes":""},"categories":[2,9,12],"tags":[],"class_list":["post-20622","post","type-post","status-publish","format-standard","hentry","category-berichte","category-sportlerehrungen","category-vorstand"],"_links":{"self":[{"href":"https:\/\/www.sclbadenbaden.de\/index.php?rest_route=\/wp\/v2\/posts\/20622","targetHints":{"allow":["GET"]}}],"collection":[{"href":"https:\/\/www.sclbadenbaden.de\/index.php?rest_route=\/wp\/v2\/posts"}],"about":[{"href":"https:\/\/www.sclbadenbaden.de\/index.php?rest_route=\/wp\/v2\/types\/post"}],"author":[{"embeddable":true,"href":"https:\/\/www.sclbadenbaden.de\/index.php?rest_route=\/wp\/v2\/users\/20"}],"replies":[{"embeddable":true,"href":"https:\/\/www.sclbadenbaden.de\/index.php?rest_route=%2Fwp%2Fv2%2Fcomments&post=20622"}],"version-history":[{"count":2,"href":"https:\/\/www.sclbadenbaden.de\/index.php?rest_route=\/wp\/v2\/posts\/20622\/revisions"}],"predecessor-version":[{"id":20625,"href":"https:\/\/www.sclbadenbaden.de\/index.php?rest_route=\/wp\/v2\/posts\/20622\/revisions\/20625"}],"wp:attachment":[{"href":"https:\/\/www.sclbadenbaden.de\/index.php?rest_route=%2Fwp%2Fv2%2Fmedia&parent=20622"}],"wp:term":[{"taxonomy":"category","embeddable":true,"href":"https:\/\/www.sclbadenbaden.de\/index.php?rest_route=%2Fwp%2Fv2%2Fcategories&post=20622"},{"taxonomy":"post_tag","embeddable":true,"href":"https:\/\/www.sclbadenbaden.de\/index.php?rest_route=%2Fwp%2Fv2%2Ftags&post=20622"}],"curies":[{"name":"wp","href":"https:\/\/api.w.org\/{rel}","templated":true}]}}