{"id":20528,"date":"2024-05-30T07:16:41","date_gmt":"2024-05-30T06:16:41","guid":{"rendered":"https:\/\/www.sclbadenbaden.de\/?p=20528"},"modified":"2024-05-31T12:59:51","modified_gmt":"2024-05-31T11:59:51","slug":"mikaelle-assani-und-trainer-udo-metzler-fuer-rom-nominiert","status":"publish","type":"post","link":"https:\/\/www.sclbadenbaden.de\/?p=20528","title":{"rendered":"MIkaelle Assani und Trainer Udo Metzler f\u00fcr Rom  nominiert"},"content":{"rendered":"\n<figure class=\"wp-block-image size-large\"><a href=\"https:\/\/sclbadenbaden.de\/wp-content\/uploads\/2024\/05\/IMG_8131-scaled.jpg\"><img loading=\"lazy\" decoding=\"async\" width=\"1024\" height=\"683\" src=\"https:\/\/sclbadenbaden.de\/wp-content\/uploads\/2024\/05\/IMG_8131-1024x683.jpg\" alt=\"\" class=\"wp-image-20529\" srcset=\"https:\/\/www.sclbadenbaden.de\/wp-content\/uploads\/2024\/05\/IMG_8131-1024x683.jpg 1024w, https:\/\/www.sclbadenbaden.de\/wp-content\/uploads\/2024\/05\/IMG_8131-300x200.jpg 300w, https:\/\/www.sclbadenbaden.de\/wp-content\/uploads\/2024\/05\/IMG_8131-150x100.jpg 150w, https:\/\/www.sclbadenbaden.de\/wp-content\/uploads\/2024\/05\/IMG_8131-768x512.jpg 768w, https:\/\/www.sclbadenbaden.de\/wp-content\/uploads\/2024\/05\/IMG_8131-1536x1024.jpg 1536w, https:\/\/www.sclbadenbaden.de\/wp-content\/uploads\/2024\/05\/IMG_8131-2048x1365.jpg 2048w\" sizes=\"auto, (max-width: 1024px) 100vw, 1024px\" \/><\/a><\/figure>\n\n\n\n<p>Che \u2013 Mikaelle Assani, die SCL Heel Weitspringerin, ist jetzt offiziell f\u00fcr die Europameisterschaften in Rom (7. \u2013 12. Juni) nominiert. Mit nach Rom fliegt auch ihr Trainer Udo Metzler, der f\u00fcr die EM dem offiziellen Trainerstab angeh\u00f6ren wird. &nbsp;Zuletzt hatte Mikaelle ihren Leistungsstand beim Leichtathletik-Meeting in Dessau noch einmal eindrucksvoll best\u00e4tigt.<\/p>\n\n\n\n<!--more-->\n\n\n\n<p>Mit 6,65 Meter sprang sie Qutdoor-Saisonbestleistung, steigerte sich gegen\u00fcber Ettlingen um einen Zentimeter und wurde Dritte. Wie auch die am Ende siegreiche Malaika Mihambo hatte Mikaelle in Dessau noch gro\u00dfe Probleme mit dem Anlauf. Aber beide hatten mit ihrem sechsten Versuch schlie\u00dflich ihre Bestweiten erzielt. Malaika Mihambo mit 6,79 Meter. Zweite wurde die Kolumbianerin Natalie Linares mit 6,72 Meter.<\/p>\n\n\n\n<p>F\u00fcr Rom ist im Weitsprung neben Malaika Mihambo und Mikaelle Assani noch Laura-Raquel M\u00fcller von der Unterl\u00e4nder LG nominiert. Genau diese drei Damen machten das Weitsprung-Meeting von Ettlingen untereinander aus.<\/p>\n\n\n\n<p>Leider kein Rom Ticket gibt es f\u00fcr Carl Dohmann (SCL Heel). Sein letzter Versuch beim Geher-Meeting im spanischen La Coruna brachten nicht den erhofften Erfolg. Carl Dohmann ging an seinem Geburtstag zwar nur um Sekunden an seiner Saisonbestzeit vorbei und wurde in 1:25:44 Stunden in dem Weltklassefeld 65. Nathaniel Seiler (TV B\u00fchlertal) musste kurz vor dem Ziel das Rennen beenden, wurde nun aber vom DLV f\u00fcr Rom noch \u00fcber die Rangliste nominiert.<\/p>\n","protected":false},"excerpt":{"rendered":"<p>Che \u2013 Mikaelle Assani, die SCL Heel Weitspringerin, ist jetzt offiziell f\u00fcr die Europameisterschaften in Rom (7. \u2013 12. Juni) nominiert. Mit nach Rom fliegt auch ihr Trainer Udo Metzler, der f\u00fcr die EM dem offiziellen Trainerstab angeh\u00f6ren wird. &nbsp;Zuletzt hatte Mikaelle ihren Leistungsstand beim Leichtathletik-Meeting in Dessau noch einmal eindrucksvoll best\u00e4tigt.<\/p>\n","protected":false},"author":20,"featured_media":0,"comment_status":"open","ping_status":"open","sticky":false,"template":"","format":"standard","meta":{"footnotes":""},"categories":[2,5],"tags":[],"class_list":["post-20528","post","type-post","status-publish","format-standard","hentry","category-berichte","category-internationalemeisterschaften"],"_links":{"self":[{"href":"https:\/\/www.sclbadenbaden.de\/index.php?rest_route=\/wp\/v2\/posts\/20528","targetHints":{"allow":["GET"]}}],"collection":[{"href":"https:\/\/www.sclbadenbaden.de\/index.php?rest_route=\/wp\/v2\/posts"}],"about":[{"href":"https:\/\/www.sclbadenbaden.de\/index.php?rest_route=\/wp\/v2\/types\/post"}],"author":[{"embeddable":true,"href":"https:\/\/www.sclbadenbaden.de\/index.php?rest_route=\/wp\/v2\/users\/20"}],"replies":[{"embeddable":true,"href":"https:\/\/www.sclbadenbaden.de\/index.php?rest_route=%2Fwp%2Fv2%2Fcomments&post=20528"}],"version-history":[{"count":3,"href":"https:\/\/www.sclbadenbaden.de\/index.php?rest_route=\/wp\/v2\/posts\/20528\/revisions"}],"predecessor-version":[{"id":20532,"href":"https:\/\/www.sclbadenbaden.de\/index.php?rest_route=\/wp\/v2\/posts\/20528\/revisions\/20532"}],"wp:attachment":[{"href":"https:\/\/www.sclbadenbaden.de\/index.php?rest_route=%2Fwp%2Fv2%2Fmedia&parent=20528"}],"wp:term":[{"taxonomy":"category","embeddable":true,"href":"https:\/\/www.sclbadenbaden.de\/index.php?rest_route=%2Fwp%2Fv2%2Fcategories&post=20528"},{"taxonomy":"post_tag","embeddable":true,"href":"https:\/\/www.sclbadenbaden.de\/index.php?rest_route=%2Fwp%2Fv2%2Ftags&post=20528"}],"curies":[{"name":"wp","href":"https:\/\/api.w.org\/{rel}","templated":true}]}}