{"id":20342,"date":"2024-04-20T13:30:44","date_gmt":"2024-04-20T12:30:44","guid":{"rendered":"https:\/\/www.sclbadenbaden.de\/?p=20342"},"modified":"2024-04-20T13:34:31","modified_gmt":"2024-04-20T12:34:31","slug":"platin-fuer-70-jahre-treue-zur-leichtathletik","status":"publish","type":"post","link":"https:\/\/www.sclbadenbaden.de\/?p=20342","title":{"rendered":"SCL Heel Generalversammlung: &#8222;Platin&#8220; f\u00fcr 70 Jahre Treue zur Leichtathletik"},"content":{"rendered":"\n<figure class=\"wp-block-image size-large\"><a href=\"https:\/\/sclbadenbaden.de\/wp-content\/uploads\/2024\/04\/IMG_9614-scaled.jpg\"><img loading=\"lazy\" decoding=\"async\" width=\"1024\" height=\"536\" src=\"https:\/\/sclbadenbaden.de\/wp-content\/uploads\/2024\/04\/IMG_9614-1024x536.jpg\" alt=\"\" class=\"wp-image-20343\" srcset=\"https:\/\/www.sclbadenbaden.de\/wp-content\/uploads\/2024\/04\/IMG_9614-1024x536.jpg 1024w, https:\/\/www.sclbadenbaden.de\/wp-content\/uploads\/2024\/04\/IMG_9614-300x157.jpg 300w, https:\/\/www.sclbadenbaden.de\/wp-content\/uploads\/2024\/04\/IMG_9614-150x79.jpg 150w, https:\/\/www.sclbadenbaden.de\/wp-content\/uploads\/2024\/04\/IMG_9614-768x402.jpg 768w, https:\/\/www.sclbadenbaden.de\/wp-content\/uploads\/2024\/04\/IMG_9614-1536x805.jpg 1536w, https:\/\/www.sclbadenbaden.de\/wp-content\/uploads\/2024\/04\/IMG_9614-2048x1073.jpg 2048w\" sizes=\"auto, (max-width: 1024px) 100vw, 1024px\" \/><\/a><figcaption class=\"wp-element-caption\">v.l. J\u00f6rg Falk, Roland Beck, Gerhard Kempf, Johanna Feurer, Eckhard Zaltenbach, Katerina Tougaard und Bernd Hefter<\/figcaption><\/figure>\n\n\n\n<p>Che \u2013 \u201eVor 70 Jahren haben wir f\u00fcr den 100 Meter-Lauf noch Startl\u00f6cher gegraben\u201c, erinnert sich Roland Beck. Er und Gerhard Kempf haben 1954 mit Leichtathletik angefangen und sind heute noch Mitglied im SCL Heel. \u201eF\u00fcr diese Treue zum Verein muss es eine ganz besondere Auszeichnung geben\u201c, sagte Vorstand Bernd Hefter anl\u00e4sslich der Generalversammlung und verlieh beiden die Ehrenmitgliedschaft in Platin. Zum Ehrenmitglied wurde auch Eckhard Zaltenbach ernannt.<\/p>\n\n\n\n<!--more-->\n\n\n\n<p>Kempf und Beck haben ein starkes St\u00fcck kurst\u00e4dtische Leichtathletik Geschichte geschrieben und den heutigen Erfolg des SCL Heel mit begr\u00fcndet, so Hefter. Kennengelernt haben sie sich die beiden mit 17 Jahre beim Leichtathletik-Training auf dem damaligen Walter-Herrmann-Sportplatz. Gekreuzt haben sich ihre Wege aber schon nach der Geburt im Josefinenheim: Beide kamen nahezu zeitgleich zur Welt und lagen im gleichen Kinderzimmer.<\/p>\n\n\n\n<p>Gerhard Kempf wie Roland Beck hatten viel Freude am Sport, mussten aber erst mal ackern, damit Leichtathletik auf dem Waltere-Herrmann Sportplatz \u00fcberhaupt m\u00f6glich war. \u201eWir haben uns selbst eine Weitsprunganlage gebaut, Kantensteine gesetzt, Sand herangeschafft und schlie\u00dflich auch die rote Erde f\u00fcr die Anlaufbahn\u201c, erinnert sich Roland Beck. \u201eVor Wettk\u00e4mpfen mussten wir regelm\u00e4\u00dfig das Gras aus der Aschenpiste herausrei\u00dfen und die B ahn ebnen.\u201c<\/p>\n\n\n\n<p>Gerhard Kempf erinnert sich noch an einen&nbsp; Hochsprungwettkampf. 1,70 Meter sprang er im Schersprung und landete nicht weich auf der Matte, sondern im Sand. Als am 16. Juni 1962 das Aumattstadion mit einem sportlichen Wettkampf eingeweiht wurde, startete Gerhard Kempf damals die Laufwettbewerbe. Im gleichen Jahr wurden die Baden-Badener Leichtathleten s\u00fcdbadischer Mannschaftsmeister. Gerhard Kempf war einer der Top-Athleten, vor allem im Hochsprung und Speerwurf.<\/p>\n\n\n\n<p>Roland Beck war weniger der harte Wettk\u00e4mpfer, daf\u00fcr eisern im Training. Er gr\u00fcndete Mitte der 60er Jahre innerhalb der Sport-Club Leichtathletik-Abteilung die \u201eHeilgymnastiker\u201c. Aus dem Sp\u00f6tteln wurde eine Marke, die bis heute als \u201eGesundheitssport\u201c unver\u00e4ndert h\u00f6chste Trainingsqualit\u00e4t f\u00fcr Seniorinnen und Senioren bietet.<\/p>\n\n\n\n<p>\u201eDie Gruppe ist damals stetig gewachsen, da kamen Freundinnen dazu, dann Ehefrauen, schlie\u00dflich die Wettkampfsportler\u201c, erinnert sich Roland Beck. Zun\u00e4chst trainierte er die Gruppe alleine, sp\u00e4ter im w\u00f6chentlichen Wechsel mit Wolfgang Bolg. Heute betreut Stephan Sch\u00fcrer die Gesundheitssportler. Der harte Kern ist seit den 60er Jahren dabei und noch heute aktiv.<\/p>\n\n\n\n<p>Gerhard Kempf und Roland Beck erinnern sich auch an die beiden L\u00e4nderk\u00e4mpfe. Roland Beck sa\u00df im Ziel auf der \u201eLeiter\u201c, die Zeiten wurden mit der Hand gestoppt. Der Franzose Roger Bambuck sprintete damals beim Juniorenl\u00e4nderkampf gegen Frankreich die 100 Meter in 10,2 Sekunden und verpasste den Weltrekord nur um ein Zehntel.<\/p>\n\n\n\n<p>Und was hat beide motiviert, 70 Jahre im gleichen Verein zu bleiben? Sie schw\u00e4rmen von dem tollen Sport und der tollen Gemeinschaft, die bis heute gehalten hat. Roland Beck und einige Mitstreiter trainieren nach wie vor regelm\u00e4\u00dfig im vereinseigenen Kraftraum in der SCL Heel Halle.<\/p>\n\n\n\n<p>Mit Eckhard Zaltenbach zeichnete der SCL Heel Vorstand einen weiteren verdienten Sportler aus, der dem Verein seit fast 40 Jahren die Treue h\u00e4lt und sich bei vielen Veranstaltungen als Kampfrichter und Helfer beteiligt.<\/p>\n\n\n\n<p>Insgesamt konnte Bernd Hefter erneut eine positive Bilanz f\u00fcr die SCL Heel Leichtathletik ziehen: 266 Kinder und Jugendliche und 264 Erwachsene sind im SCL Heel gemeldet, das ist erneut Mitgliederrekord. \u201eWir wachsen mit \u00fcber 20 Trainern in der gesamten Breite, vom Kinder- bis zum Hochleistungssport\u201c, sagte Hefter. Das Kinder-Trainingsangebot wird nun donnerstags von 17 bis 18 Uhr erweitert, das Reha-Sport-Angebot hat sich unter Tina Schmitt-Krumm hervorragend entwickelt. J\u00f6rg Falk wird k\u00fcnftig parallel zum Kindertraining ein Elterntraining f\u00fcr Mamas und Papas anbieten und mit Mikaelle Assani und Carl Dohmann kann der SCL Heel auf gleich zwei Athleten bei den anstehenden Europameisterschaften in Rom und den Olympischen Spielen in Paris hoffen.<\/p>\n\n\n\n<p>Bei so viel positiven Ergebnissen gab es bei den Neuwahlen ein klares Votum: Der alte Vorstand mit Bernd Hefter, Johanna Feurer, Katerina Tougaard und J\u00f6rg Falk bleibt auch der Neue. Kassenpr\u00fcferinnen bleiben Christa Zaltenbach und Angelika Birkle.<\/p>\n","protected":false},"excerpt":{"rendered":"<p>Che \u2013 \u201eVor 70 Jahren haben wir f\u00fcr den 100 Meter-Lauf noch Startl\u00f6cher gegraben\u201c, erinnert sich Roland Beck. Er und Gerhard Kempf haben 1954 mit Leichtathletik angefangen und sind heute noch Mitglied im SCL Heel. \u201eF\u00fcr diese Treue zum Verein muss es eine ganz besondere Auszeichnung geben\u201c, sagte Vorstand Bernd Hefter anl\u00e4sslich der Generalversammlung und [&hellip;]<\/p>\n","protected":false},"author":20,"featured_media":0,"comment_status":"open","ping_status":"open","sticky":false,"template":"","format":"standard","meta":{"footnotes":""},"categories":[2,10,11,12],"tags":[],"class_list":["post-20342","post","type-post","status-publish","format-standard","hentry","category-berichte","category-veranstaltungen","category-vereinsfeier","category-vorstand"],"_links":{"self":[{"href":"https:\/\/www.sclbadenbaden.de\/index.php?rest_route=\/wp\/v2\/posts\/20342","targetHints":{"allow":["GET"]}}],"collection":[{"href":"https:\/\/www.sclbadenbaden.de\/index.php?rest_route=\/wp\/v2\/posts"}],"about":[{"href":"https:\/\/www.sclbadenbaden.de\/index.php?rest_route=\/wp\/v2\/types\/post"}],"author":[{"embeddable":true,"href":"https:\/\/www.sclbadenbaden.de\/index.php?rest_route=\/wp\/v2\/users\/20"}],"replies":[{"embeddable":true,"href":"https:\/\/www.sclbadenbaden.de\/index.php?rest_route=%2Fwp%2Fv2%2Fcomments&post=20342"}],"version-history":[{"count":6,"href":"https:\/\/www.sclbadenbaden.de\/index.php?rest_route=\/wp\/v2\/posts\/20342\/revisions"}],"predecessor-version":[{"id":20350,"href":"https:\/\/www.sclbadenbaden.de\/index.php?rest_route=\/wp\/v2\/posts\/20342\/revisions\/20350"}],"wp:attachment":[{"href":"https:\/\/www.sclbadenbaden.de\/index.php?rest_route=%2Fwp%2Fv2%2Fmedia&parent=20342"}],"wp:term":[{"taxonomy":"category","embeddable":true,"href":"https:\/\/www.sclbadenbaden.de\/index.php?rest_route=%2Fwp%2Fv2%2Fcategories&post=20342"},{"taxonomy":"post_tag","embeddable":true,"href":"https:\/\/www.sclbadenbaden.de\/index.php?rest_route=%2Fwp%2Fv2%2Ftags&post=20342"}],"curies":[{"name":"wp","href":"https:\/\/api.w.org\/{rel}","templated":true}]}}