{"id":20085,"date":"2024-03-12T11:36:17","date_gmt":"2024-03-12T10:36:17","guid":{"rendered":"https:\/\/www.sclbadenbaden.de\/?p=20085"},"modified":"2024-03-12T11:36:38","modified_gmt":"2024-03-12T10:36:38","slug":"ehrung-abschied-einstieg-die-scl-trainersitzung-vom-montag","status":"publish","type":"post","link":"https:\/\/www.sclbadenbaden.de\/?p=20085","title":{"rendered":"Ehrung, Abschied, Einstieg &#8211; die SCL Heel Trainersitzung vom Montag"},"content":{"rendered":"\n<figure class=\"wp-block-image size-large\"><a href=\"https:\/\/sclbadenbaden.de\/wp-content\/uploads\/2024\/03\/Ehrung-fuer-Mikaelle.jpeg\"><img loading=\"lazy\" decoding=\"async\" width=\"1024\" height=\"595\" src=\"https:\/\/sclbadenbaden.de\/wp-content\/uploads\/2024\/03\/Ehrung-fuer-Mikaelle-1024x595.jpeg\" alt=\"\" class=\"wp-image-20086\" srcset=\"https:\/\/www.sclbadenbaden.de\/wp-content\/uploads\/2024\/03\/Ehrung-fuer-Mikaelle-1024x595.jpeg 1024w, https:\/\/www.sclbadenbaden.de\/wp-content\/uploads\/2024\/03\/Ehrung-fuer-Mikaelle-300x174.jpeg 300w, https:\/\/www.sclbadenbaden.de\/wp-content\/uploads\/2024\/03\/Ehrung-fuer-Mikaelle-150x87.jpeg 150w, https:\/\/www.sclbadenbaden.de\/wp-content\/uploads\/2024\/03\/Ehrung-fuer-Mikaelle-768x446.jpeg 768w, https:\/\/www.sclbadenbaden.de\/wp-content\/uploads\/2024\/03\/Ehrung-fuer-Mikaelle.jpeg 1242w\" sizes=\"auto, (max-width: 1024px) 100vw, 1024px\" \/><\/a><\/figure>\n\n\n\n<p>Che \u2013 <a><\/a>Ereignisreiche Trainer-Sitzung am Montag-Abend: Mit Blick auf die beginnende Freiluftsaison und das Sommertraining standen zahlreiche Themen zur Diskussion. Dabei segelt der SCL Heel weiterhin auf einer Erfolgswelle. Nicht nur an der Weltspitze springt der der Club mit, sondern auch an der Basis beim Nachwuchs l\u00e4uft es rund.<\/p>\n\n\n\n<!--more-->\n\n\n\n<p>Zur Basis: Gleich zwei SCL Heel Teams, die U8 und die U10, konnten sich f\u00fcr das Baden-Finale im Kinderleichtathletik-Cup qualifizieren. Das Finale findet am Samstag, 6. April, in der Freiburger Messehalle statt. Geplant ist eine gemeinschaftliche Anreise per Bus.<\/p>\n\n\n\n<p>Zur Weltspitze: Mit ihrem 4. Platz bei der Hallen-Weltmeisterschaft in Glasgow z\u00e4hlt SCL Heel Weitspringerin Mikaelle Assani zum Favoritenkreis bei den Olympischen Spielen im Sommer in Paris. Mikaelle wurde zusammen mit ihrem Trainer Udo Metzler und Co-Trainer Michael Schnepf in der Runde mit Applaus begr\u00fc\u00dft. Zudem gab es eine Ehrung nachzuholen. Als WM-Teilnehmerin konnte sie nicht bei der diesj\u00e4hrigen Sportlerehrung dabei sein und ihre Troph\u00e4e als Sportlerin des Jahres entgegen nehmen. Bernd Hefter \u00fcberreichte Ihr neben einem Blumenstrau\u00df auch die Goldmedaille der Stadt und die neu gestaltete Skulptur.<\/p>\n\n\n\n<figure class=\"wp-block-image size-large\"><a href=\"https:\/\/sclbadenbaden.de\/wp-content\/uploads\/2024\/03\/Verabschiedung-Julia-Kalbach.jpeg\"><img loading=\"lazy\" decoding=\"async\" width=\"1024\" height=\"517\" src=\"https:\/\/sclbadenbaden.de\/wp-content\/uploads\/2024\/03\/Verabschiedung-Julia-Kalbach-1024x517.jpeg\" alt=\"\" class=\"wp-image-20087\" srcset=\"https:\/\/www.sclbadenbaden.de\/wp-content\/uploads\/2024\/03\/Verabschiedung-Julia-Kalbach-1024x517.jpeg 1024w, https:\/\/www.sclbadenbaden.de\/wp-content\/uploads\/2024\/03\/Verabschiedung-Julia-Kalbach-300x151.jpeg 300w, https:\/\/www.sclbadenbaden.de\/wp-content\/uploads\/2024\/03\/Verabschiedung-Julia-Kalbach-150x76.jpeg 150w, https:\/\/www.sclbadenbaden.de\/wp-content\/uploads\/2024\/03\/Verabschiedung-Julia-Kalbach-768x387.jpeg 768w, https:\/\/www.sclbadenbaden.de\/wp-content\/uploads\/2024\/03\/Verabschiedung-Julia-Kalbach.jpeg 1348w\" sizes=\"auto, (max-width: 1024px) 100vw, 1024px\" \/><\/a><\/figure>\n\n\n\n<p>Nach zehn Jahren als Trainerin f\u00fcr Kinderleichtathletik schied Julia Kalbach aus beruflichen Gr\u00fcnden aus dem SCL Heel-Trainerteam aus. Bernd Hefter dankte Julia Kalbach f\u00fcr zehn sehr engagierte und erfolgreiche Jahre und lobte ihre F\u00e4higkeit, Kinder zu motivieren und anzuleiten, ohne dabei autorit\u00e4r zu wirken. \u201eWir verlieren Dich nur mit zwei weinenden Augen\u201c, so der SCL Heel Vorsitzende. Sollte es aber \u201ebrennen\u201c dann will Julia Kalbach auch mal einspringen.<\/p>\n\n\n\n<p>Die L\u00fccke im 24-k\u00f6pfigen Trainer-Team des SCL Heel wird k\u00fcnftig Diana Lehmann Lehmann schlie\u00dfen, die bereits seit einiger Zeit in der U10 und U12 Gruppe unterst\u00fctzt. Mit Melanie Wieczoreck-Haubus, Fahime Mu\u00dfler und Helmut Schleh sind aktuell drei Trainerinnen und Trainer auf Lehrg\u00e4ngen f\u00fcr eine C-Trainer-Lizenz.<\/p>\n\n\n\n<figure class=\"wp-block-image size-large\"><a href=\"https:\/\/sclbadenbaden.de\/wp-content\/uploads\/2024\/03\/Begruessung-Diana-Lehmann.jpeg\"><img loading=\"lazy\" decoding=\"async\" width=\"1024\" height=\"655\" src=\"https:\/\/sclbadenbaden.de\/wp-content\/uploads\/2024\/03\/Begruessung-Diana-Lehmann-1024x655.jpeg\" alt=\"\" class=\"wp-image-20088\" srcset=\"https:\/\/www.sclbadenbaden.de\/wp-content\/uploads\/2024\/03\/Begruessung-Diana-Lehmann-1024x655.jpeg 1024w, https:\/\/www.sclbadenbaden.de\/wp-content\/uploads\/2024\/03\/Begruessung-Diana-Lehmann-300x192.jpeg 300w, https:\/\/www.sclbadenbaden.de\/wp-content\/uploads\/2024\/03\/Begruessung-Diana-Lehmann-150x96.jpeg 150w, https:\/\/www.sclbadenbaden.de\/wp-content\/uploads\/2024\/03\/Begruessung-Diana-Lehmann-768x491.jpeg 768w, https:\/\/www.sclbadenbaden.de\/wp-content\/uploads\/2024\/03\/Begruessung-Diana-Lehmann.jpeg 1324w\" sizes=\"auto, (max-width: 1024px) 100vw, 1024px\" \/><\/a><\/figure>\n\n\n\n<p>Besprochen wurden auch wichtige Termine:<br>17. April: SCL Heel Generalversammlung<\/p>\n\n\n\n<p>24. April: SCL Power-Check \u2013 der Sparkassenpokal<\/p>\n\n\n\n<p>11. Mai: Kunterbunter Kindernachmittag \/Kurhaus<\/p>\n\n\n\n<p>28. Juni: Heel-Lauf<\/p>\n","protected":false},"excerpt":{"rendered":"<p>Che \u2013 Ereignisreiche Trainer-Sitzung am Montag-Abend: Mit Blick auf die beginnende Freiluftsaison und das Sommertraining standen zahlreiche Themen zur Diskussion. Dabei segelt der SCL Heel weiterhin auf einer Erfolgswelle. Nicht nur an der Weltspitze springt der der Club mit, sondern auch an der Basis beim Nachwuchs l\u00e4uft es rund.<\/p>\n","protected":false},"author":20,"featured_media":0,"comment_status":"open","ping_status":"open","sticky":false,"template":"","format":"standard","meta":{"footnotes":""},"categories":[9,10,12],"tags":[],"class_list":["post-20085","post","type-post","status-publish","format-standard","hentry","category-sportlerehrungen","category-veranstaltungen","category-vorstand"],"_links":{"self":[{"href":"https:\/\/www.sclbadenbaden.de\/index.php?rest_route=\/wp\/v2\/posts\/20085","targetHints":{"allow":["GET"]}}],"collection":[{"href":"https:\/\/www.sclbadenbaden.de\/index.php?rest_route=\/wp\/v2\/posts"}],"about":[{"href":"https:\/\/www.sclbadenbaden.de\/index.php?rest_route=\/wp\/v2\/types\/post"}],"author":[{"embeddable":true,"href":"https:\/\/www.sclbadenbaden.de\/index.php?rest_route=\/wp\/v2\/users\/20"}],"replies":[{"embeddable":true,"href":"https:\/\/www.sclbadenbaden.de\/index.php?rest_route=%2Fwp%2Fv2%2Fcomments&post=20085"}],"version-history":[{"count":2,"href":"https:\/\/www.sclbadenbaden.de\/index.php?rest_route=\/wp\/v2\/posts\/20085\/revisions"}],"predecessor-version":[{"id":20090,"href":"https:\/\/www.sclbadenbaden.de\/index.php?rest_route=\/wp\/v2\/posts\/20085\/revisions\/20090"}],"wp:attachment":[{"href":"https:\/\/www.sclbadenbaden.de\/index.php?rest_route=%2Fwp%2Fv2%2Fmedia&parent=20085"}],"wp:term":[{"taxonomy":"category","embeddable":true,"href":"https:\/\/www.sclbadenbaden.de\/index.php?rest_route=%2Fwp%2Fv2%2Fcategories&post=20085"},{"taxonomy":"post_tag","embeddable":true,"href":"https:\/\/www.sclbadenbaden.de\/index.php?rest_route=%2Fwp%2Fv2%2Ftags&post=20085"}],"curies":[{"name":"wp","href":"https:\/\/api.w.org\/{rel}","templated":true}]}}