{"id":19611,"date":"2023-09-17T19:14:39","date_gmt":"2023-09-17T18:14:39","guid":{"rendered":"https:\/\/www.sclbadenbaden.de\/?p=19611"},"modified":"2023-09-17T19:14:39","modified_gmt":"2023-09-17T18:14:39","slug":"christin-rodinger-verabschiedet-sich-mit-vereinsrekord-im-zehnkampf","status":"publish","type":"post","link":"https:\/\/www.sclbadenbaden.de\/?p=19611","title":{"rendered":"Christin Rodinger verabschiedet sich mit Vereinsrekord im Zehnkampf"},"content":{"rendered":"\n<figure class=\"wp-block-image size-full\"><a href=\"https:\/\/sclbadenbaden.de\/wp-content\/uploads\/2023\/09\/Emilio-Patruno-Marathon.jpeg\"><img loading=\"lazy\" decoding=\"async\" width=\"753\" height=\"412\" src=\"https:\/\/sclbadenbaden.de\/wp-content\/uploads\/2023\/09\/Emilio-Patruno-Marathon.jpeg\" alt=\"\" class=\"wp-image-19612\" srcset=\"https:\/\/www.sclbadenbaden.de\/wp-content\/uploads\/2023\/09\/Emilio-Patruno-Marathon.jpeg 753w, https:\/\/www.sclbadenbaden.de\/wp-content\/uploads\/2023\/09\/Emilio-Patruno-Marathon-300x164.jpeg 300w, https:\/\/www.sclbadenbaden.de\/wp-content\/uploads\/2023\/09\/Emilio-Patruno-Marathon-150x82.jpeg 150w\" sizes=\"auto, (max-width: 753px) 100vw, 753px\" \/><\/a><\/figure>\n\n\n\n<p>Che \u2013 <a><\/a>Endspurt der Leichtathletik-Saison 2023. SCL Heel Athleten k\u00e4mpften am Wochenende beim Baden-Marathon in Karlsruhe, beim Jedermann Zehnkampf in Schutterwald und beim Bergsportfest in Bermersbach. Emilio Patruno gelang ein starker Einstand \u00fcber die 42 Kilometer, in der Altersklasse M45 wurde er Vierter.<\/p>\n\n\n\n<!--more-->\n\n\n\n<p>Es war sein erster Marathon-Lauf und dies bei extremen Bedingungen. Bei 30 Grad plus flimmerte in Karlsruhe der Asphalt und rund um das Karlsruher Schloss wirbelten tausende L\u00e4ufer m\u00e4chtig den Staub der Laufstrecke auf. Emilio Patruno M 45 ging das Rennen trotzdem beherzt an und hielt durch. \u00dcbergl\u00fccklich erreichte er das Ziel in 3:19,02 Stunden. Grandios auch seine Halbmarathon Durchgangszeit von 1:33,54 Stunden.<\/p>\n\n\n\n<p>Birgit Marzluf W55 und Robin Hefter hatten f\u00fcr den Halbmarathon gemeldet. Birgit Marzluf lief in 1:46,54 Stunden auf Platz vier der Klasse W55 und Robin Hefter landete nach 1:36,27 Stunden.<\/p>\n\n\n\n<figure class=\"wp-block-image size-large\"><a href=\"https:\/\/sclbadenbaden.de\/wp-content\/uploads\/2023\/09\/Birgit-und-Emilio.jpeg\"><img loading=\"lazy\" decoding=\"async\" width=\"1024\" height=\"527\" src=\"https:\/\/sclbadenbaden.de\/wp-content\/uploads\/2023\/09\/Birgit-und-Emilio-1024x527.jpeg\" alt=\"\" class=\"wp-image-19613\" srcset=\"https:\/\/www.sclbadenbaden.de\/wp-content\/uploads\/2023\/09\/Birgit-und-Emilio-1024x527.jpeg 1024w, https:\/\/www.sclbadenbaden.de\/wp-content\/uploads\/2023\/09\/Birgit-und-Emilio-300x154.jpeg 300w, https:\/\/www.sclbadenbaden.de\/wp-content\/uploads\/2023\/09\/Birgit-und-Emilio-150x77.jpeg 150w, https:\/\/www.sclbadenbaden.de\/wp-content\/uploads\/2023\/09\/Birgit-und-Emilio-768x395.jpeg 768w, https:\/\/www.sclbadenbaden.de\/wp-content\/uploads\/2023\/09\/Birgit-und-Emilio.jpeg 1500w\" sizes=\"auto, (max-width: 1024px) 100vw, 1024px\" \/><\/a><\/figure>\n\n\n\n<figure class=\"wp-block-image size-large\"><a href=\"https:\/\/sclbadenbaden.de\/wp-content\/uploads\/2023\/09\/Robin-scaled.jpeg\"><img loading=\"lazy\" decoding=\"async\" width=\"1024\" height=\"462\" src=\"https:\/\/sclbadenbaden.de\/wp-content\/uploads\/2023\/09\/Robin-1024x462.jpeg\" alt=\"\" class=\"wp-image-19615\" srcset=\"https:\/\/www.sclbadenbaden.de\/wp-content\/uploads\/2023\/09\/Robin-1024x462.jpeg 1024w, https:\/\/www.sclbadenbaden.de\/wp-content\/uploads\/2023\/09\/Robin-300x135.jpeg 300w, https:\/\/www.sclbadenbaden.de\/wp-content\/uploads\/2023\/09\/Robin-150x68.jpeg 150w, https:\/\/www.sclbadenbaden.de\/wp-content\/uploads\/2023\/09\/Robin-768x346.jpeg 768w, https:\/\/www.sclbadenbaden.de\/wp-content\/uploads\/2023\/09\/Robin-1536x693.jpeg 1536w, https:\/\/www.sclbadenbaden.de\/wp-content\/uploads\/2023\/09\/Robin-2048x924.jpeg 2048w\" sizes=\"auto, (max-width: 1024px) 100vw, 1024px\" \/><\/a><\/figure>\n\n\n\n<p>In Schutterwald k\u00e4mpften einige Damen f\u00fcr Gleichberechtigung. Statt des \u00fcblichen Damen-Siebenkampfs absolvierten sie den klassischen M\u00e4nner Zehnkampf. Mit dabei auch Christin Rodinger vom SCL Heel. Nach zwei harten und hei\u00dfen Wettkampftagen freute sich Christin \u00fcber einen gelungenen dritten Platz mit 4239 Punkten. Mit dieser Punktzahl als Vereinsrekord verabschiedet sich Christin Rodinger aus Baden-Baden. Ein Studienplatz in Stuttgart wird sie ihrer Heimat wieder n\u00e4her bringen. Das waren ihre Einzelleistungen: 100 Meter 14,77 Sekunden; 400 Meter 70,20; 1500 Meter 6:13,52 Minuten; 110 Meter H\u00fcrden 20,20; Hochsprung 1,48 Meter, Stabhochsprung 2,20 Meter; Weitsprung 4,75; Kugelsto\u00dfen 9,41 Meter, Diskuswurf 23,44 und Speerwurf 30,00 Meter.<\/p>\n\n\n\n<figure class=\"wp-block-image size-large\"><a href=\"https:\/\/sclbadenbaden.de\/wp-content\/uploads\/2023\/09\/Weit-Christin.jpg\"><img loading=\"lazy\" decoding=\"async\" width=\"1024\" height=\"787\" src=\"https:\/\/sclbadenbaden.de\/wp-content\/uploads\/2023\/09\/Weit-Christin-1024x787.jpg\" alt=\"\" class=\"wp-image-19616\" srcset=\"https:\/\/www.sclbadenbaden.de\/wp-content\/uploads\/2023\/09\/Weit-Christin-1024x787.jpg 1024w, https:\/\/www.sclbadenbaden.de\/wp-content\/uploads\/2023\/09\/Weit-Christin-300x231.jpg 300w, https:\/\/www.sclbadenbaden.de\/wp-content\/uploads\/2023\/09\/Weit-Christin-150x115.jpg 150w, https:\/\/www.sclbadenbaden.de\/wp-content\/uploads\/2023\/09\/Weit-Christin-768x590.jpg 768w, https:\/\/www.sclbadenbaden.de\/wp-content\/uploads\/2023\/09\/Weit-Christin-1536x1181.jpg 1536w, https:\/\/www.sclbadenbaden.de\/wp-content\/uploads\/2023\/09\/Weit-Christin-2048x1574.jpg 2048w\" sizes=\"auto, (max-width: 1024px) 100vw, 1024px\" \/><\/a><\/figure>\n\n\n\n<p>Beim Bergsportfest in Bermersbach k\u00e4mpften die j\u00fcngsten SCL Heel Sportlerinnen und Sportler. Super erfolgreich beendete Silvia Schleh W8 ihren Dreikampf. Sie gewann mit 805 Punkten und starken Einzelleistungen im 50 Meter Sprint (9,3 Sekunden), Weitsprung (2,71 Meter) und Ballwurf (21,50 Meter). Bei den zehnj\u00e4hrigen M\u00e4dchen holte sich Mirijam Haubus mit einem starken Dreikampf den zweiten Platz.<\/p>\n\n\n\n<p>F\u00fcr die j\u00fcngeren Sportler gab es eine Urkunde f\u00fcrs Mitmachen. Urkunden gingen an Frederik H\u00f6lzle, Lara Laracin, Joaquin Haubus, Valentin Haubus und Nathalie Schleh.<\/p>\n\n\n\n<figure class=\"wp-block-gallery has-nested-images columns-default is-cropped wp-block-gallery-1 is-layout-flex wp-block-gallery-is-layout-flex\">\n<figure class=\"wp-block-image size-large\"><a href=\"https:\/\/sclbadenbaden.de\/wp-content\/uploads\/2023\/09\/9294c49f-7eee-47c1-98eb-7d581c8618d4-1-1.jpeg\"><img loading=\"lazy\" decoding=\"async\" width=\"1024\" height=\"696\" data-id=\"19621\" src=\"https:\/\/sclbadenbaden.de\/wp-content\/uploads\/2023\/09\/9294c49f-7eee-47c1-98eb-7d581c8618d4-1-1-1024x696.jpeg\" alt=\"\" class=\"wp-image-19621\" srcset=\"https:\/\/www.sclbadenbaden.de\/wp-content\/uploads\/2023\/09\/9294c49f-7eee-47c1-98eb-7d581c8618d4-1-1-1024x696.jpeg 1024w, https:\/\/www.sclbadenbaden.de\/wp-content\/uploads\/2023\/09\/9294c49f-7eee-47c1-98eb-7d581c8618d4-1-1-300x204.jpeg 300w, https:\/\/www.sclbadenbaden.de\/wp-content\/uploads\/2023\/09\/9294c49f-7eee-47c1-98eb-7d581c8618d4-1-1-150x102.jpeg 150w, https:\/\/www.sclbadenbaden.de\/wp-content\/uploads\/2023\/09\/9294c49f-7eee-47c1-98eb-7d581c8618d4-1-1-768x522.jpeg 768w, https:\/\/www.sclbadenbaden.de\/wp-content\/uploads\/2023\/09\/9294c49f-7eee-47c1-98eb-7d581c8618d4-1-1.jpeg 1500w\" sizes=\"auto, (max-width: 1024px) 100vw, 1024px\" \/><\/a><\/figure>\n<\/figure>\n\n\n\n<figure class=\"wp-block-gallery has-nested-images columns-default is-cropped wp-block-gallery-2 is-layout-flex wp-block-gallery-is-layout-flex\">\n<figure class=\"wp-block-image size-large\"><a href=\"https:\/\/sclbadenbaden.de\/wp-content\/uploads\/2023\/09\/75fbc78a-a5e5-46dd-8198-d044ee059011-1.jpeg\"><img loading=\"lazy\" decoding=\"async\" width=\"768\" height=\"1024\" data-id=\"19622\" src=\"https:\/\/sclbadenbaden.de\/wp-content\/uploads\/2023\/09\/75fbc78a-a5e5-46dd-8198-d044ee059011-1-768x1024.jpeg\" alt=\"\" class=\"wp-image-19622\" srcset=\"https:\/\/www.sclbadenbaden.de\/wp-content\/uploads\/2023\/09\/75fbc78a-a5e5-46dd-8198-d044ee059011-1-768x1024.jpeg 768w, https:\/\/www.sclbadenbaden.de\/wp-content\/uploads\/2023\/09\/75fbc78a-a5e5-46dd-8198-d044ee059011-1-225x300.jpeg 225w, https:\/\/www.sclbadenbaden.de\/wp-content\/uploads\/2023\/09\/75fbc78a-a5e5-46dd-8198-d044ee059011-1-113x150.jpeg 113w, https:\/\/www.sclbadenbaden.de\/wp-content\/uploads\/2023\/09\/75fbc78a-a5e5-46dd-8198-d044ee059011-1-1152x1536.jpeg 1152w, https:\/\/www.sclbadenbaden.de\/wp-content\/uploads\/2023\/09\/75fbc78a-a5e5-46dd-8198-d044ee059011-1.jpeg 1500w\" sizes=\"auto, (max-width: 768px) 100vw, 768px\" \/><\/a><\/figure>\n\n\n\n<figure class=\"wp-block-image size-large\"><a href=\"https:\/\/sclbadenbaden.de\/wp-content\/uploads\/2023\/09\/daf5c060-4c09-484b-b8ed-ff10e609b634-1.jpeg\"><img loading=\"lazy\" decoding=\"async\" width=\"768\" height=\"1024\" data-id=\"19624\" src=\"https:\/\/sclbadenbaden.de\/wp-content\/uploads\/2023\/09\/daf5c060-4c09-484b-b8ed-ff10e609b634-1-768x1024.jpeg\" alt=\"\" class=\"wp-image-19624\" srcset=\"https:\/\/www.sclbadenbaden.de\/wp-content\/uploads\/2023\/09\/daf5c060-4c09-484b-b8ed-ff10e609b634-1-768x1024.jpeg 768w, https:\/\/www.sclbadenbaden.de\/wp-content\/uploads\/2023\/09\/daf5c060-4c09-484b-b8ed-ff10e609b634-1-225x300.jpeg 225w, https:\/\/www.sclbadenbaden.de\/wp-content\/uploads\/2023\/09\/daf5c060-4c09-484b-b8ed-ff10e609b634-1-113x150.jpeg 113w, https:\/\/www.sclbadenbaden.de\/wp-content\/uploads\/2023\/09\/daf5c060-4c09-484b-b8ed-ff10e609b634-1-1152x1536.jpeg 1152w, https:\/\/www.sclbadenbaden.de\/wp-content\/uploads\/2023\/09\/daf5c060-4c09-484b-b8ed-ff10e609b634-1.jpeg 1500w\" sizes=\"auto, (max-width: 768px) 100vw, 768px\" \/><\/a><\/figure>\n\n\n\n<figure class=\"wp-block-image size-large\"><a href=\"https:\/\/sclbadenbaden.de\/wp-content\/uploads\/2023\/09\/e2cccbca-edfc-4610-bc73-f02b5a5c25c9-1.jpeg\"><img loading=\"lazy\" decoding=\"async\" width=\"768\" height=\"1024\" data-id=\"19623\" src=\"https:\/\/sclbadenbaden.de\/wp-content\/uploads\/2023\/09\/e2cccbca-edfc-4610-bc73-f02b5a5c25c9-1-768x1024.jpeg\" alt=\"\" class=\"wp-image-19623\" srcset=\"https:\/\/www.sclbadenbaden.de\/wp-content\/uploads\/2023\/09\/e2cccbca-edfc-4610-bc73-f02b5a5c25c9-1-768x1024.jpeg 768w, https:\/\/www.sclbadenbaden.de\/wp-content\/uploads\/2023\/09\/e2cccbca-edfc-4610-bc73-f02b5a5c25c9-1-225x300.jpeg 225w, https:\/\/www.sclbadenbaden.de\/wp-content\/uploads\/2023\/09\/e2cccbca-edfc-4610-bc73-f02b5a5c25c9-1-113x150.jpeg 113w, https:\/\/www.sclbadenbaden.de\/wp-content\/uploads\/2023\/09\/e2cccbca-edfc-4610-bc73-f02b5a5c25c9-1-1152x1536.jpeg 1152w, https:\/\/www.sclbadenbaden.de\/wp-content\/uploads\/2023\/09\/e2cccbca-edfc-4610-bc73-f02b5a5c25c9-1.jpeg 1500w\" sizes=\"auto, (max-width: 768px) 100vw, 768px\" \/><\/a><\/figure>\n<\/figure>\n","protected":false},"excerpt":{"rendered":"<p>Che \u2013 Endspurt der Leichtathletik-Saison 2023. SCL Heel Athleten k\u00e4mpften am Wochenende beim Baden-Marathon in Karlsruhe, beim Jedermann Zehnkampf in Schutterwald und beim Bergsportfest in Bermersbach. Emilio Patruno gelang ein starker Einstand \u00fcber die 42 Kilometer, in der Altersklasse M45 wurde er Vierter.<\/p>\n","protected":false},"author":20,"featured_media":0,"comment_status":"open","ping_status":"open","sticky":false,"template":"","format":"standard","meta":{"footnotes":""},"categories":[2,4,6],"tags":[],"class_list":["post-19611","post","type-post","status-publish","format-standard","hentry","category-berichte","category-ergebnisse","category-jugend"],"_links":{"self":[{"href":"https:\/\/www.sclbadenbaden.de\/index.php?rest_route=\/wp\/v2\/posts\/19611","targetHints":{"allow":["GET"]}}],"collection":[{"href":"https:\/\/www.sclbadenbaden.de\/index.php?rest_route=\/wp\/v2\/posts"}],"about":[{"href":"https:\/\/www.sclbadenbaden.de\/index.php?rest_route=\/wp\/v2\/types\/post"}],"author":[{"embeddable":true,"href":"https:\/\/www.sclbadenbaden.de\/index.php?rest_route=\/wp\/v2\/users\/20"}],"replies":[{"embeddable":true,"href":"https:\/\/www.sclbadenbaden.de\/index.php?rest_route=%2Fwp%2Fv2%2Fcomments&post=19611"}],"version-history":[{"count":1,"href":"https:\/\/www.sclbadenbaden.de\/index.php?rest_route=\/wp\/v2\/posts\/19611\/revisions"}],"predecessor-version":[{"id":19626,"href":"https:\/\/www.sclbadenbaden.de\/index.php?rest_route=\/wp\/v2\/posts\/19611\/revisions\/19626"}],"wp:attachment":[{"href":"https:\/\/www.sclbadenbaden.de\/index.php?rest_route=%2Fwp%2Fv2%2Fmedia&parent=19611"}],"wp:term":[{"taxonomy":"category","embeddable":true,"href":"https:\/\/www.sclbadenbaden.de\/index.php?rest_route=%2Fwp%2Fv2%2Fcategories&post=19611"},{"taxonomy":"post_tag","embeddable":true,"href":"https:\/\/www.sclbadenbaden.de\/index.php?rest_route=%2Fwp%2Fv2%2Ftags&post=19611"}],"curies":[{"name":"wp","href":"https:\/\/api.w.org\/{rel}","templated":true}]}}