{"id":19031,"date":"2023-04-20T14:37:52","date_gmt":"2023-04-20T13:37:52","guid":{"rendered":"https:\/\/www.sclbadenbaden.de\/?p=19031"},"modified":"2023-04-20T14:37:52","modified_gmt":"2023-04-20T13:37:52","slug":"scl-heel-ist-eine-management-aufgabe-generalversammlung-bestaetigt-den-vorstand","status":"publish","type":"post","link":"https:\/\/www.sclbadenbaden.de\/?p=19031","title":{"rendered":"&#8222;SCL Heel ist eine Management-Aufgabe&#8220; \/ Generalversammlung best\u00e4tigt den Vorstand"},"content":{"rendered":"\n<figure class=\"wp-block-image size-large\"><a href=\"https:\/\/sclbadenbaden.de\/wp-content\/uploads\/2023\/04\/Vorstand-2023-scaled.jpeg\"><img loading=\"lazy\" decoding=\"async\" width=\"1024\" height=\"576\" src=\"https:\/\/sclbadenbaden.de\/wp-content\/uploads\/2023\/04\/Vorstand-2023-1024x576.jpeg\" alt=\"\" class=\"wp-image-19032\" srcset=\"https:\/\/www.sclbadenbaden.de\/wp-content\/uploads\/2023\/04\/Vorstand-2023-1024x576.jpeg 1024w, https:\/\/www.sclbadenbaden.de\/wp-content\/uploads\/2023\/04\/Vorstand-2023-300x169.jpeg 300w, https:\/\/www.sclbadenbaden.de\/wp-content\/uploads\/2023\/04\/Vorstand-2023-150x84.jpeg 150w, https:\/\/www.sclbadenbaden.de\/wp-content\/uploads\/2023\/04\/Vorstand-2023-768x432.jpeg 768w, https:\/\/www.sclbadenbaden.de\/wp-content\/uploads\/2023\/04\/Vorstand-2023-1536x864.jpeg 1536w, https:\/\/www.sclbadenbaden.de\/wp-content\/uploads\/2023\/04\/Vorstand-2023-2048x1152.jpeg 2048w\" sizes=\"auto, (max-width: 1024px) 100vw, 1024px\" \/><\/a><figcaption class=\"wp-element-caption\">Der alte und neue SCL Heel Vorstand mit v.l. J\u00f6rg Falk, Johanna Feurer, Bernd Hefter, Katerina Tougaard und Beisitzerin Ricarda Feurer<\/figcaption><\/figure>\n\n\n\n<p>Che \u2013 <a><\/a>Der SCL Heel Baden-Baden startet mit unver\u00e4nderter Vorstands-Mannschaft in die neue Leichtathletik-Saison. Die Generalversammlung des Leichtathletik-Clubs best\u00e4tigte jeweils einstimmig &nbsp;Bernd Hefter als 1. Vorsitzenden und Katerina Tougaard als 3. Vorsitzende. Zuvor zog Bernd Hefter ein erfolgreiches Fazit f\u00fcr das abgelaufene Jahr und gab f\u00fcr die laufende Saison einen \u00fcberaus optimistischen Ausblick.<\/p>\n\n\n\n<!--more-->\n\n\n\n<p>Der SCL Heel Baden-Baden besteht nun als eigenst\u00e4ndiger Verein seit 18 Jahren. \u201eWir sind erwachsen geworden\u201c umriss Bernd Hefter die jungen Jahre der Vereinsgeschichte, die von einer Vielzahl einst nie erwarteter Erfolge gepr\u00e4gt ist. \u201eDer SCL Heel ist eine herausfordernde Management-Aufgabe, an der eine \u00fcberaus engagierte Vorstandschaft und hochgradig motivierte Trainer Hand in Hand zusammen arbeiten\u201c. Hefter versteht den Verein als Hardware, die alle Anforderungen an immer neue Regelungen seitens des Gesetzgebers und gesellschaftlicher Erwartungen erf\u00fcllen und einen organisatorischen und finanziellen Rahmen f\u00fcr den Sport schaffen m\u00fcsse. Wenn die Hardware funktioniere, dann k\u00f6nne sich auch die Software \u2013 gemeint ist der Sport \u2013 auf hohem Niveau entwickeln.<\/p>\n\n\n\n<p>Als Beleg f\u00fcr diese Entwicklung sieht der alte und neue erste Vorsitzende die Neuzug\u00e4nge von Top-Trainer Udo Metzler mit der Weitspringerin Mikaelle Assani und dem Sprinter Heiko Gussmann. Beide Athleten, die mit Metzler von der LG Region Karlsruhe an die Oos wechselten, haben in der jungen Saison bereits gro\u00dfes geleistet. Assanis bester Weitsprung in der Halle landete bei 6,70 Meter, sie gewann bei den Deutschen Meisterschaften der Frauen die Bronze-Medaille und wurde 13. der Hallen-Europameisterschaften. Heiko Gussmann gewann \u00fcber 60 Hallen-Meter in der U20 den Deutschen Vizetitel. Ebenfalls deutscher Vizemeister wurde Olympia-Geher Carl Dohmann. Birgit Marzluf holte sich schlie\u00dflich bei den deutschen Halbmarathon-Meisterschaften in Freiburg den f\u00fcnften Platz. Zur Erfolgsbilanz der jungen Saison kommen noch zus\u00e4tzlich sieben Landesmeisterschaften, so Bernd Hefter.<\/p>\n\n\n\n<p>Die neue Saison d\u00fcrfte f\u00fcr einige spannende sportliche H\u00f6hepunkte sorgen. Neben der im Mai stattfindenden Team-Europameisterschaft im Gehen, mit Carl Dohmann, werde es Europameisterschaften in Israel und Finnland, die Universiade in China und die Weltmeisterschaften in Budapest geben, voraussichtlich auch mit Athleten des SCL Heel.<\/p>\n\n\n\n<p>Die f\u00fcr Mitgliederverwaltung zust\u00e4ndige Katerina Tougaard zog ebenfalls eine erfreuliche Bilanz. Zum Jahresende 2022 hatte der Verein 520 Mitglieder, in den ersten drei Monaten des Jahres stieg die Zahl sogar auf 536, darunter etwa die H\u00e4lfte Kinder und Jugendliche.<\/p>\n\n\n\n<p>Als Generationenverein versteht sich der SCL Heel, so Hefter, als Wegbereiter f\u00fcr Kinder-, Jugend-, Breiten- und Leistungssport mit deutlichen Gesundheits-Akzenten. So wurde im vergangenen Jahr wieder eine Reha-Sportgruppe f\u00fcr Orthop\u00e4die und Innere Medizin mit Jolanta Yang und Tina Schmitt-Krumm aufgebaut. Ebenfalls wieder im SCL Heel Programm ist Nordic-Walking mit Tom Sch\u00fctze. Im Winter erweiterten Monika und J\u00f6rg Falk das Fitness-Angebot, und parallel zum Kinder-Training wird mittwochs von 17 bis 18 Uhr nun ein Eltern-Training angeboten. Insgesamt verf\u00fcgt der SCL Heel aktuell \u00fcber 23 Trainerinnen und Trainer, allein 11 f\u00fcr den Kinder- und Jugendsport, darunter sind auch engagierte Eltern, die beim Training der Kleinsten tatkr\u00e4ftig unterst\u00fctzen.<\/p>\n\n\n\n<p>Johanna Feurer berichtete \u00fcber die finanzielle Situation des Vereins, die eine weitere sportliche Entwicklung zul\u00e4sst. F\u00fcr ihre tadellose und sehr umfangreiche Kassenf\u00fchrung erhielt sie gro\u00dfen Beifall und die verdiente Entlastung durch die Kassenpr\u00fcferinnen Angelika Birkle und Christa Zaltenbach und der anwesenden Mitglieder.<\/p>\n\n\n\n<p>F\u00fcr kommendes Jahr beschloss die Runde nach f\u00fcnf j\u00e4hriger Pause eine Beitragserh\u00f6hung von f\u00fcnf Euro f\u00fcr Einzelmitglieder und 10 Euro f\u00fcr Familien.<\/p>\n\n\n\n<p>Ebenfalls beschlossen wurde die M\u00f6glichkeit von virtuellen Mitgliederversammlungen, falls rechtlich f\u00fcr l\u00e4ngere Zeit eine Pr\u00e4senzversammlung nicht m\u00f6glich sein sollte.<\/p>\n\n\n\n<p>F\u00fcr die anstehenden Wettk\u00e4mpfe wie SCL Power-Check \u2013 der Sparkassenpokal (10. und 24. Mai), den Kinder-Leichtathletik-Cup (13. Mai), Heel-Lauf am 23. Juni und die Blockmehrk\u00e4mpfe des Kreises am 9. Juli im Aumattstadion bat Bernd Hefter um tatkr\u00e4ftige Mithilfe und Unterst\u00fctzung.<\/p>\n","protected":false},"excerpt":{"rendered":"<p>Che \u2013 Der SCL Heel Baden-Baden startet mit unver\u00e4nderter Vorstands-Mannschaft in die neue Leichtathletik-Saison. Die Generalversammlung des Leichtathletik-Clubs best\u00e4tigte jeweils einstimmig &nbsp;Bernd Hefter als 1. Vorsitzenden und Katerina Tougaard als 3. Vorsitzende. Zuvor zog Bernd Hefter ein erfolgreiches Fazit f\u00fcr das abgelaufene Jahr und gab f\u00fcr die laufende Saison einen \u00fcberaus optimistischen Ausblick.<\/p>\n","protected":false},"author":20,"featured_media":0,"comment_status":"open","ping_status":"open","sticky":false,"template":"","format":"standard","meta":{"footnotes":""},"categories":[2,12],"tags":[],"class_list":["post-19031","post","type-post","status-publish","format-standard","hentry","category-berichte","category-vorstand"],"_links":{"self":[{"href":"https:\/\/www.sclbadenbaden.de\/index.php?rest_route=\/wp\/v2\/posts\/19031","targetHints":{"allow":["GET"]}}],"collection":[{"href":"https:\/\/www.sclbadenbaden.de\/index.php?rest_route=\/wp\/v2\/posts"}],"about":[{"href":"https:\/\/www.sclbadenbaden.de\/index.php?rest_route=\/wp\/v2\/types\/post"}],"author":[{"embeddable":true,"href":"https:\/\/www.sclbadenbaden.de\/index.php?rest_route=\/wp\/v2\/users\/20"}],"replies":[{"embeddable":true,"href":"https:\/\/www.sclbadenbaden.de\/index.php?rest_route=%2Fwp%2Fv2%2Fcomments&post=19031"}],"version-history":[{"count":1,"href":"https:\/\/www.sclbadenbaden.de\/index.php?rest_route=\/wp\/v2\/posts\/19031\/revisions"}],"predecessor-version":[{"id":19033,"href":"https:\/\/www.sclbadenbaden.de\/index.php?rest_route=\/wp\/v2\/posts\/19031\/revisions\/19033"}],"wp:attachment":[{"href":"https:\/\/www.sclbadenbaden.de\/index.php?rest_route=%2Fwp%2Fv2%2Fmedia&parent=19031"}],"wp:term":[{"taxonomy":"category","embeddable":true,"href":"https:\/\/www.sclbadenbaden.de\/index.php?rest_route=%2Fwp%2Fv2%2Fcategories&post=19031"},{"taxonomy":"post_tag","embeddable":true,"href":"https:\/\/www.sclbadenbaden.de\/index.php?rest_route=%2Fwp%2Fv2%2Ftags&post=19031"}],"curies":[{"name":"wp","href":"https:\/\/api.w.org\/{rel}","templated":true}]}}