{"id":19018,"date":"2023-04-17T11:38:40","date_gmt":"2023-04-17T10:38:40","guid":{"rendered":"https:\/\/www.sclbadenbaden.de\/?p=19018"},"modified":"2023-04-17T11:38:59","modified_gmt":"2023-04-17T10:38:59","slug":"carl-dohmann-erneut-deutscher-vizemeister","status":"publish","type":"post","link":"https:\/\/www.sclbadenbaden.de\/?p=19018","title":{"rendered":"Carl Dohmann erneut Deutscher Vizemeister"},"content":{"rendered":"\n<figure class=\"wp-block-image size-full is-resized\"><a href=\"https:\/\/sclbadenbaden.de\/wp-content\/uploads\/2023\/04\/Siegerehrung-gross.jpeg\"><img loading=\"lazy\" decoding=\"async\" src=\"https:\/\/sclbadenbaden.de\/wp-content\/uploads\/2023\/04\/Siegerehrung-gross.jpeg\" alt=\"\" class=\"wp-image-19019\" width=\"920\" height=\"517\" srcset=\"https:\/\/www.sclbadenbaden.de\/wp-content\/uploads\/2023\/04\/Siegerehrung-gross.jpeg 865w, https:\/\/www.sclbadenbaden.de\/wp-content\/uploads\/2023\/04\/Siegerehrung-gross-300x169.jpeg 300w, https:\/\/www.sclbadenbaden.de\/wp-content\/uploads\/2023\/04\/Siegerehrung-gross-150x84.jpeg 150w, https:\/\/www.sclbadenbaden.de\/wp-content\/uploads\/2023\/04\/Siegerehrung-gross-768x432.jpeg 768w\" sizes=\"auto, (max-width: 920px) 100vw, 920px\" \/><\/a><figcaption class=\"wp-element-caption\">v.l. Karl Junghann\u00df, Carl Dohmann, Nathaniel Seiler  Fotos: SCL Heel<\/figcaption><\/figure>\n\n\n\n<p>Che \u2013 Carl hat es in Erfurt mal wieder spannend gemacht: Bei den Deutschen Meisterschaften im Gehen blieb er seiner Taktik treu: kr\u00e4fteschonender Einstieg in den Wettkampf, andere das Tempo bestimmen lassen und am Ende alles was geht mobilisieren. So sicherte sich Carl Dohmann am Wochenende erneut die deutsche Vizemeisterschaft. <a href=\"https:\/\/baer-service.de\/ergebnisse\/DME\/2023\/min#1_8AA922\">Ergebnisliste<\/a><\/p>\n\n\n\n<!--more-->\n\n\n\n<p>Zun\u00e4chst lag Carl hinter Karl Junghann\u00df (LC Top Team Th\u00fcringen), Jonathan Hilbert (LG Ohra Energie), Nathaniel Seiler (TV B\u00fchlertal) an vierter Stelle. Junghann\u00df machte vom ersten Meter an Tempo und schaffte sich einen ordentlichen Vorsprung. Hilbert erh\u00f6hte nach etwa 10 Kilometern den Druck und holte seinen R\u00fcckstand auf Junghann\u00df auf. Carl Dohmann und Nathaniel Seiler hielten sich weiter zur\u00fcck.<\/p>\n\n\n\n<figure class=\"wp-block-image size-full\"><a href=\"https:\/\/sclbadenbaden.de\/wp-content\/uploads\/2023\/04\/Szene.jpeg\"><img loading=\"lazy\" decoding=\"async\" width=\"677\" height=\"408\" src=\"https:\/\/sclbadenbaden.de\/wp-content\/uploads\/2023\/04\/Szene.jpeg\" alt=\"\" class=\"wp-image-19021\" srcset=\"https:\/\/www.sclbadenbaden.de\/wp-content\/uploads\/2023\/04\/Szene.jpeg 677w, https:\/\/www.sclbadenbaden.de\/wp-content\/uploads\/2023\/04\/Szene-300x181.jpeg 300w, https:\/\/www.sclbadenbaden.de\/wp-content\/uploads\/2023\/04\/Szene-150x90.jpeg 150w\" sizes=\"auto, (max-width: 677px) 100vw, 677px\" \/><\/a><figcaption class=\"wp-element-caption\">Carl Dohmann, Nathaniel Seiler<\/figcaption><\/figure>\n\n\n\n<p>Nach 20 Kilometer \u00e4nderte sich das Bild. Jonathan Hilbert, der Silbermedaillen-Gewinner von Tokio, hatte sich zu fr\u00fch verausgabt, verlor an Tempo und fiel hinter Carl Dohmann und Nathaniel Seiler zur\u00fcck. In der Endphase konnte sich Carl schlie\u00dflich von seinem Trainingspartner l\u00f6sen und kam, wie vor einem Jahr,&nbsp; als Zweiter in 2:31,52&nbsp; Stunden ins Ziel. Junghann\u00df gewann mit deutschem Rekord in 2:28,19 Stunden. Dritter wurde Nathaniel Seiler (2:33,39) und vierter Jonathan Hilbert (2:33,54 Stunden).<\/p>\n\n\n\n<p>Carl Dohmann ist mit seiner Platzierung zufrieden. Auf Instagram schreibt er: \u201cMeine Zeit ist noch nicht ideal, aber ein guter Einstieg in die Saison\u201c. In dieser Saison geht es auch um die Teilnahme an der Weltmeisterschaft in Budapest. Noch hat Carl die Qualifikationszeit von knapp unter 2:30 Stunden nicht erreicht. N\u00e4chste Chance bietet sich aber schon am 21. Mai bei der Team-Europameisterschaft im tschechischen Podebrady. Schon am kommenden Wochenende startet Carl bei den badischen und s\u00fcddeutschen Meisterschaften in Biberach (Kinzigtal) \u00fcber die \u201ekurzen\u201c 20 Kilometer.<\/p>\n\n\n\n<figure class=\"wp-block-image size-full\"><a href=\"https:\/\/sclbadenbaden.de\/wp-content\/uploads\/2023\/04\/858BB92B-1540-4770-9707-C120CFF59EEF.jpeg\"><img loading=\"lazy\" decoding=\"async\" width=\"768\" height=\"1024\" src=\"https:\/\/sclbadenbaden.de\/wp-content\/uploads\/2023\/04\/858BB92B-1540-4770-9707-C120CFF59EEF.jpeg\" alt=\"\" class=\"wp-image-19020\" srcset=\"https:\/\/www.sclbadenbaden.de\/wp-content\/uploads\/2023\/04\/858BB92B-1540-4770-9707-C120CFF59EEF.jpeg 768w, https:\/\/www.sclbadenbaden.de\/wp-content\/uploads\/2023\/04\/858BB92B-1540-4770-9707-C120CFF59EEF-225x300.jpeg 225w, https:\/\/www.sclbadenbaden.de\/wp-content\/uploads\/2023\/04\/858BB92B-1540-4770-9707-C120CFF59EEF-113x150.jpeg 113w\" sizes=\"auto, (max-width: 768px) 100vw, 768px\" \/><\/a><figcaption class=\"wp-element-caption\">Trainer Robert Ihly, Carl Dohmann<\/figcaption><\/figure>\n","protected":false},"excerpt":{"rendered":"<p>Che \u2013 Carl hat es in Erfurt mal wieder spannend gemacht: Bei den Deutschen Meisterschaften im Gehen blieb er seiner Taktik treu: kr\u00e4fteschonender Einstieg in den Wettkampf, andere das Tempo bestimmen lassen und am Ende alles was geht mobilisieren. So sicherte sich Carl Dohmann am Wochenende erneut die deutsche Vizemeisterschaft. Ergebnisliste<\/p>\n","protected":false},"author":20,"featured_media":0,"comment_status":"open","ping_status":"open","sticky":false,"template":"","format":"standard","meta":{"footnotes":""},"categories":[3,4],"tags":[],"class_list":["post-19018","post","type-post","status-publish","format-standard","hentry","category-deutsche-meisterschaften","category-ergebnisse"],"_links":{"self":[{"href":"https:\/\/www.sclbadenbaden.de\/index.php?rest_route=\/wp\/v2\/posts\/19018","targetHints":{"allow":["GET"]}}],"collection":[{"href":"https:\/\/www.sclbadenbaden.de\/index.php?rest_route=\/wp\/v2\/posts"}],"about":[{"href":"https:\/\/www.sclbadenbaden.de\/index.php?rest_route=\/wp\/v2\/types\/post"}],"author":[{"embeddable":true,"href":"https:\/\/www.sclbadenbaden.de\/index.php?rest_route=\/wp\/v2\/users\/20"}],"replies":[{"embeddable":true,"href":"https:\/\/www.sclbadenbaden.de\/index.php?rest_route=%2Fwp%2Fv2%2Fcomments&post=19018"}],"version-history":[{"count":2,"href":"https:\/\/www.sclbadenbaden.de\/index.php?rest_route=\/wp\/v2\/posts\/19018\/revisions"}],"predecessor-version":[{"id":19023,"href":"https:\/\/www.sclbadenbaden.de\/index.php?rest_route=\/wp\/v2\/posts\/19018\/revisions\/19023"}],"wp:attachment":[{"href":"https:\/\/www.sclbadenbaden.de\/index.php?rest_route=%2Fwp%2Fv2%2Fmedia&parent=19018"}],"wp:term":[{"taxonomy":"category","embeddable":true,"href":"https:\/\/www.sclbadenbaden.de\/index.php?rest_route=%2Fwp%2Fv2%2Fcategories&post=19018"},{"taxonomy":"post_tag","embeddable":true,"href":"https:\/\/www.sclbadenbaden.de\/index.php?rest_route=%2Fwp%2Fv2%2Ftags&post=19018"}],"curies":[{"name":"wp","href":"https:\/\/api.w.org\/{rel}","templated":true}]}}