{"id":18709,"date":"2023-01-31T13:31:31","date_gmt":"2023-01-31T12:31:31","guid":{"rendered":"https:\/\/www.sclbadenbaden.de\/?p=18709"},"modified":"2023-01-31T13:42:37","modified_gmt":"2023-01-31T12:42:37","slug":"starkes-scl-heel-wochenende-in-karlsruhe-und-sindelfingen","status":"publish","type":"post","link":"https:\/\/www.sclbadenbaden.de\/?p=18709","title":{"rendered":"Starkes SCL Heel-Wochenende in Karlsruhe und Sindelfingen"},"content":{"rendered":"\n<figure class=\"wp-block-image size-large is-resized\"><a href=\"https:\/\/sclbadenbaden.de\/wp-content\/uploads\/2023\/01\/Heiko-gross-scaled.jpg\"><img loading=\"lazy\" decoding=\"async\" src=\"https:\/\/sclbadenbaden.de\/wp-content\/uploads\/2023\/01\/Heiko-gross-683x1024.jpg\" alt=\"\" class=\"wp-image-18710\" width=\"559\" height=\"839\" srcset=\"https:\/\/www.sclbadenbaden.de\/wp-content\/uploads\/2023\/01\/Heiko-gross-683x1024.jpg 683w, https:\/\/www.sclbadenbaden.de\/wp-content\/uploads\/2023\/01\/Heiko-gross-200x300.jpg 200w, https:\/\/www.sclbadenbaden.de\/wp-content\/uploads\/2023\/01\/Heiko-gross-100x150.jpg 100w, https:\/\/www.sclbadenbaden.de\/wp-content\/uploads\/2023\/01\/Heiko-gross-768x1152.jpg 768w, https:\/\/www.sclbadenbaden.de\/wp-content\/uploads\/2023\/01\/Heiko-gross-1024x1536.jpg 1024w, https:\/\/www.sclbadenbaden.de\/wp-content\/uploads\/2023\/01\/Heiko-gross-1365x2048.jpg 1365w, https:\/\/www.sclbadenbaden.de\/wp-content\/uploads\/2023\/01\/Heiko-gross-scaled.jpg 1706w\" sizes=\"auto, (max-width: 559px) 100vw, 559px\" \/><\/a><figcaption class=\"wp-element-caption\">Bronzemedaille f\u00fcr Heiko Gussmann U20 im BW Finale der M\u00e4nner \u00fcber 200 Meter<\/figcaption><\/figure>\n\n\n\n<p>UM &#8211; Eine tolle Vorstellung gab Mikaelle beim Indoor-Meeting in Karlsruhe &#8211; sie steigerte ihre Hallen-Bestleistung auf 6,53m und erreichte damit&nbsp;einen hervorragenden 4. Platz, der ihr eine Menge Punkte im World-Ranking eingebracht hat. Technisch waren die Spr\u00fcnge noch nicht ganz so wie ihr Coach Udo Metzler sich das vorstellt, aber die Basis stimmt und sollte noch deutlich weitere Spr\u00fcnge erm\u00f6glichen. &#8222;Mikaelle kann ihr in den letzten Wochen deutlich angewachsene Geschwindigkeit noch nicht stabil umsetzen und zudem bringt der Schwingboden und das ebenfalls leicht mitschwingende Brett noch Probleme &#8211; wer da passiv drauf geht kriegt einen ordentlichen Konterschlag ab\u201c, so Udo Metzler.<\/p>\n\n\n\n<p>Noch sind es knapp 3 Wochen bis zur Hallen-DM und bis dahin wird es wohl noch 1-2 Wettk\u00e4mpfe zur Vorbereitung geben, um das gew\u00fcnschte Ziel zu erreichen. Bei der DM hei\u00dft das Ziel ganz klar &#8211; soweit oben wie m\u00f6glich auf dem Siegertreppchen zu stehen.<\/p>\n\n\n\n<p>In einem regionalen Einlagelauf durfte Joao Neves Cardoso \u00fcber 400m starten &#8211; auf der eher ung\u00fcnstigen Bahn 1 machte Joao seine Sache aber gut und erreichte das Ziel in 52,37s.<\/p>\n\n\n\n<p><strong>BaW\u00fc-Meisterschaften in Sindelfingen<\/strong><\/p>\n\n\n\n<p>F\u00fcr die weiteren Athleten des SCL Heel standen am Wochenende die Baden-W\u00fcrttembergischen Meisterschaften auf dem Plan, die wie alle regionalen Meisterschaften wieder in Sindelfingen ausgetragen wurden.<\/p>\n\n\n\n<p>Heiko Gussmann ging dabei als U-20 Athlet bei den M\u00e4nnern an den Start &#8211; nach einem technisch etwas unsauberen&nbsp;&nbsp;Sprint bleiben die Uhren f\u00fcr ihn bei 6,95s stehen und bescherten ihm einen Platz im A-Finale. Dort lieferte Heiko eine stabile Leistung ab und konnte in 6,91s Platz 7 erreichen. Seine Vereinskollegin Sophia Striebel starte ebenfalls eine Klasse h\u00f6her bei&nbsp;den Frauen und erreichte nach einem guten Lauf nur&nbsp;knapp \u00fcber ihrer Bestzeit in 8,12s als Gesamtzehnte das Ziel. <\/p>\n\n\n\n<!--more-->\n\n\n\n<figure class=\"wp-block-image size-large\"><a href=\"https:\/\/sclbadenbaden.de\/wp-content\/uploads\/2023\/01\/Mikaelle-weitsprung-scaled.jpg\"><img loading=\"lazy\" decoding=\"async\" width=\"1024\" height=\"576\" src=\"https:\/\/sclbadenbaden.de\/wp-content\/uploads\/2023\/01\/Mikaelle-weitsprung-1024x576.jpg\" alt=\"\" class=\"wp-image-18717\" srcset=\"https:\/\/www.sclbadenbaden.de\/wp-content\/uploads\/2023\/01\/Mikaelle-weitsprung-1024x576.jpg 1024w, https:\/\/www.sclbadenbaden.de\/wp-content\/uploads\/2023\/01\/Mikaelle-weitsprung-300x169.jpg 300w, https:\/\/www.sclbadenbaden.de\/wp-content\/uploads\/2023\/01\/Mikaelle-weitsprung-150x84.jpg 150w, https:\/\/www.sclbadenbaden.de\/wp-content\/uploads\/2023\/01\/Mikaelle-weitsprung-768x432.jpg 768w, https:\/\/www.sclbadenbaden.de\/wp-content\/uploads\/2023\/01\/Mikaelle-weitsprung-1536x864.jpg 1536w, https:\/\/www.sclbadenbaden.de\/wp-content\/uploads\/2023\/01\/Mikaelle-weitsprung-2048x1152.jpg 2048w\" sizes=\"auto, (max-width: 1024px) 100vw, 1024px\" \/><\/a><figcaption class=\"wp-element-caption\">Mikaelle Assani: Platz 4 beim Internationalen Indoor Meeting in Karlsruhe mit 6,53 Meter<\/figcaption><\/figure>\n\n\n\n<p>Neue Hallen-Bestleistung erk\u00e4mpfte sich Joao Neves-Cardoso nach seinem Start in Karlsruhe am Vortag mit 51,95s \u00fcber die 400m und belegte damit Platz 10 der Gesamtwertung. Weniger gut kam Anna Zittel auf der gleichen Strecke zurecht. Derzeit permanent m\u00fcde, \u00fcberpacte Anna auf der ersten Streckenh\u00e4lfte und kam in 61,13s ins Ziel. Jetzt steht erst mal ein medizinischer Check&nbsp;an um&nbsp;die Ursache f\u00fcr die dauernde M\u00fcdigkeit zu finden &#8211; Anna wird die Hallensaison nach der 4 x 200m Staffel am kommenden Sonntag vorzeitig beenden.<\/p>\n\n\n\n<p>Am Sonntag standen noch die Sprints \u00fcber 200m an. &#8220; Mir war schon beim Aussziehen der langen Tight&nbsp;kalt&#8220; beschrieb Heiko Gussman die Situation&nbsp;&#8211; und tats\u00e4chlich, es war empfindlich k\u00fchl in der Halle, worunter die Sprintzeiten denn auch&nbsp;deutlich litten. Heiko erreichte mit stabilen 22,34s das Ziel und belegte damit im Gesamtklassement Platz 3.<\/p>\n\n\n\n<p>Etwas zu viel Druck, um endlich die 26-Sekundengrenze zu knacken, machte sich wohl Sophia Striebel, die auf der zweiten H\u00e4lfte des Rennens etwas verkrampfte und in 26,24s ins Ziel kam &#8211; f\u00fcr sie dennoch ein gutes Wochenende. In seinem 3. Wettkampf&nbsp;in 3 Tagen stellte Joao Neves Cardoso seine Hallen-Bestleistung \u00fcber 200m mit 23,38s ein, belegte damit Platz 11 und motivierte seinen Coach mit einem L\u00e4cheln zu der s\u00fcffisanten Bemerkung:&#8220; Vielleicht muss ich Joao in Zukunft immer am Vortag 400m als Vorbelastung laufen lassen damit es klappt&#8230;..!&#8220;<\/p>\n\n\n\n<p>Nach dem Wechselfehler am vergangenen Wochenende\u00a0beendete die\u00a0\u00a04 x 200m Frauenstaffel des SCL Heel erfolgreich diese Meisterschaft. Anna Zittel, Mikaelle Assani, Sophia Striebel und die ebenfalls gesundheitlich etwas angeschlagene Marlene\u00a0Lang schlugen sich wacker und erreichten in sehr guten 1:44,02 min auf der eher ung\u00fcnstigen Bahn 2 nur 0,05s hinter der LG Region Karlsruhe, die auf Bahn 4 im Paralelllauf gestarten waren, als gute F\u00fcnfte\u00a0das Ziel. Bei den S\u00fcddeutschen Meisterschaften am kommenden Wochenende wird das Quartett versuchen nochmals eine Schippe drauf zu legen und die Zeit weiter zu verbessern.\u00a0<\/p>\n\n\n\n<figure class=\"wp-block-image size-large\"><a href=\"https:\/\/sclbadenbaden.de\/wp-content\/uploads\/2023\/01\/Staffel-mit-Udo-1.jpeg\"><img loading=\"lazy\" decoding=\"async\" width=\"1024\" height=\"553\" src=\"https:\/\/sclbadenbaden.de\/wp-content\/uploads\/2023\/01\/Staffel-mit-Udo-1-1024x553.jpeg\" alt=\"\" class=\"wp-image-18719\" srcset=\"https:\/\/www.sclbadenbaden.de\/wp-content\/uploads\/2023\/01\/Staffel-mit-Udo-1-1024x553.jpeg 1024w, https:\/\/www.sclbadenbaden.de\/wp-content\/uploads\/2023\/01\/Staffel-mit-Udo-1-300x162.jpeg 300w, https:\/\/www.sclbadenbaden.de\/wp-content\/uploads\/2023\/01\/Staffel-mit-Udo-1-150x81.jpeg 150w, https:\/\/www.sclbadenbaden.de\/wp-content\/uploads\/2023\/01\/Staffel-mit-Udo-1-768x415.jpeg 768w, https:\/\/www.sclbadenbaden.de\/wp-content\/uploads\/2023\/01\/Staffel-mit-Udo-1.jpeg 1131w\" sizes=\"auto, (max-width: 1024px) 100vw, 1024px\" \/><\/a><figcaption class=\"wp-element-caption\">SCL Heel Damen-Staffel mit Coach Udo Metzler<\/figcaption><\/figure>\n","protected":false},"excerpt":{"rendered":"<p>UM &#8211; Eine tolle Vorstellung gab Mikaelle beim Indoor-Meeting in Karlsruhe &#8211; sie steigerte ihre Hallen-Bestleistung auf 6,53m und erreichte damit&nbsp;einen hervorragenden 4. Platz, der ihr eine Menge Punkte im World-Ranking eingebracht hat. Technisch waren die Spr\u00fcnge noch nicht ganz so wie ihr Coach Udo Metzler sich das vorstellt, aber die Basis stimmt und sollte [&hellip;]<\/p>\n","protected":false},"author":20,"featured_media":0,"comment_status":"open","ping_status":"open","sticky":false,"template":"","format":"standard","meta":{"footnotes":""},"categories":[1,2,4],"tags":[],"class_list":["post-18709","post","type-post","status-publish","format-standard","hentry","category-badische-meisterschaften","category-berichte","category-ergebnisse"],"_links":{"self":[{"href":"https:\/\/www.sclbadenbaden.de\/index.php?rest_route=\/wp\/v2\/posts\/18709","targetHints":{"allow":["GET"]}}],"collection":[{"href":"https:\/\/www.sclbadenbaden.de\/index.php?rest_route=\/wp\/v2\/posts"}],"about":[{"href":"https:\/\/www.sclbadenbaden.de\/index.php?rest_route=\/wp\/v2\/types\/post"}],"author":[{"embeddable":true,"href":"https:\/\/www.sclbadenbaden.de\/index.php?rest_route=\/wp\/v2\/users\/20"}],"replies":[{"embeddable":true,"href":"https:\/\/www.sclbadenbaden.de\/index.php?rest_route=%2Fwp%2Fv2%2Fcomments&post=18709"}],"version-history":[{"count":8,"href":"https:\/\/www.sclbadenbaden.de\/index.php?rest_route=\/wp\/v2\/posts\/18709\/revisions"}],"predecessor-version":[{"id":18721,"href":"https:\/\/www.sclbadenbaden.de\/index.php?rest_route=\/wp\/v2\/posts\/18709\/revisions\/18721"}],"wp:attachment":[{"href":"https:\/\/www.sclbadenbaden.de\/index.php?rest_route=%2Fwp%2Fv2%2Fmedia&parent=18709"}],"wp:term":[{"taxonomy":"category","embeddable":true,"href":"https:\/\/www.sclbadenbaden.de\/index.php?rest_route=%2Fwp%2Fv2%2Fcategories&post=18709"},{"taxonomy":"post_tag","embeddable":true,"href":"https:\/\/www.sclbadenbaden.de\/index.php?rest_route=%2Fwp%2Fv2%2Ftags&post=18709"}],"curies":[{"name":"wp","href":"https:\/\/api.w.org\/{rel}","templated":true}]}}