{"id":18647,"date":"2023-01-23T22:57:49","date_gmt":"2023-01-23T21:57:49","guid":{"rendered":"https:\/\/www.sclbadenbaden.de\/?p=18647"},"modified":"2023-01-23T23:00:25","modified_gmt":"2023-01-23T22:00:25","slug":"carl-dohmann-ist-von-den-trainingsmoeglichkeiten-in-suedafrika-begeistert-und-fliegt-nochmal-hin","status":"publish","type":"post","link":"https:\/\/www.sclbadenbaden.de\/?p=18647","title":{"rendered":"Carl Dohmann ist von den Trainingsm\u00f6glichkeiten in S\u00fcdafrika begeistert und fliegt zweimal hin"},"content":{"rendered":"\n<figure class=\"wp-block-image size-large is-resized\"><a href=\"https:\/\/sclbadenbaden.de\/wp-content\/uploads\/2023\/01\/image00009-10-scaled.jpeg\"><img loading=\"lazy\" decoding=\"async\" src=\"https:\/\/sclbadenbaden.de\/wp-content\/uploads\/2023\/01\/image00009-10-809x1024.jpeg\" alt=\"\" class=\"wp-image-18648\" width=\"679\" height=\"859\" srcset=\"https:\/\/www.sclbadenbaden.de\/wp-content\/uploads\/2023\/01\/image00009-10-809x1024.jpeg 809w, https:\/\/www.sclbadenbaden.de\/wp-content\/uploads\/2023\/01\/image00009-10-237x300.jpeg 237w, https:\/\/www.sclbadenbaden.de\/wp-content\/uploads\/2023\/01\/image00009-10-118x150.jpeg 118w, https:\/\/www.sclbadenbaden.de\/wp-content\/uploads\/2023\/01\/image00009-10-768x972.jpeg 768w, https:\/\/www.sclbadenbaden.de\/wp-content\/uploads\/2023\/01\/image00009-10-1213x1536.jpeg 1213w, https:\/\/www.sclbadenbaden.de\/wp-content\/uploads\/2023\/01\/image00009-10-1617x2048.jpeg 1617w, https:\/\/www.sclbadenbaden.de\/wp-content\/uploads\/2023\/01\/image00009-10-scaled.jpeg 2022w\" sizes=\"auto, (max-width: 679px) 100vw, 679px\" \/><\/a><\/figure>\n\n\n\n<p>Die SCL Heel Spitzenathleten zieht es ins Ausland, wegen der besseren Trainingsm\u00f6glichkeiten. Auch Carl Dohmann sendet Gr\u00fc\u00dfe aus S\u00fcdafrika. &#8222;Drei Wochen S\u00fcdafrika sind mittlerweile fast vorbei. Das Training auf 1900 Metern H\u00f6he und bei hei\u00dfem Wetter ist hart, aber wichtig als Grundlage f\u00fcr die Saison. Wir sind seit Beginn der Pandemie das erste Mal wieder hier in Dullstroom. Die 2,5km-Pendelstrecke ist sehr h\u00fcgelig und anspruchsvoll. Wenn wir zur\u00fcck sind, geht es vier Wochen sp\u00e4ter nochmal nach S\u00fcdafrika, aber auf weniger H\u00f6he, sodass wir dort auch schnell trainieren k\u00f6nnen&#8220;. Zuvor kommt Carl aber an diesem Freitag nach Baden-Baden und nimmt an der Sportlerehrung teil.<\/p>\n\n\n\n<!--more-->\n\n\n\n<figure class=\"wp-block-gallery has-nested-images columns-default is-cropped wp-block-gallery-1 is-layout-flex wp-block-gallery-is-layout-flex\">\n<figure class=\"wp-block-image size-large\"><a href=\"https:\/\/sclbadenbaden.de\/wp-content\/uploads\/2023\/01\/image00009-10-1-scaled.jpeg\"><img loading=\"lazy\" decoding=\"async\" width=\"809\" height=\"1024\" data-id=\"18649\" src=\"https:\/\/sclbadenbaden.de\/wp-content\/uploads\/2023\/01\/image00009-10-1-809x1024.jpeg\" alt=\"\" class=\"wp-image-18649\" srcset=\"https:\/\/www.sclbadenbaden.de\/wp-content\/uploads\/2023\/01\/image00009-10-1-809x1024.jpeg 809w, https:\/\/www.sclbadenbaden.de\/wp-content\/uploads\/2023\/01\/image00009-10-1-237x300.jpeg 237w, https:\/\/www.sclbadenbaden.de\/wp-content\/uploads\/2023\/01\/image00009-10-1-118x150.jpeg 118w, https:\/\/www.sclbadenbaden.de\/wp-content\/uploads\/2023\/01\/image00009-10-1-768x972.jpeg 768w, https:\/\/www.sclbadenbaden.de\/wp-content\/uploads\/2023\/01\/image00009-10-1-1213x1536.jpeg 1213w, https:\/\/www.sclbadenbaden.de\/wp-content\/uploads\/2023\/01\/image00009-10-1-1617x2048.jpeg 1617w, https:\/\/www.sclbadenbaden.de\/wp-content\/uploads\/2023\/01\/image00009-10-1-scaled.jpeg 2022w\" sizes=\"auto, (max-width: 809px) 100vw, 809px\" \/><\/a><\/figure>\n\n\n\n<figure class=\"wp-block-image size-large\"><a href=\"https:\/\/sclbadenbaden.de\/wp-content\/uploads\/2023\/01\/image00010-8-scaled.jpeg\"><img loading=\"lazy\" decoding=\"async\" width=\"768\" height=\"1024\" data-id=\"18651\" src=\"https:\/\/sclbadenbaden.de\/wp-content\/uploads\/2023\/01\/image00010-8-768x1024.jpeg\" alt=\"\" class=\"wp-image-18651\" srcset=\"https:\/\/www.sclbadenbaden.de\/wp-content\/uploads\/2023\/01\/image00010-8-768x1024.jpeg 768w, https:\/\/www.sclbadenbaden.de\/wp-content\/uploads\/2023\/01\/image00010-8-225x300.jpeg 225w, https:\/\/www.sclbadenbaden.de\/wp-content\/uploads\/2023\/01\/image00010-8-113x150.jpeg 113w, https:\/\/www.sclbadenbaden.de\/wp-content\/uploads\/2023\/01\/image00010-8-1152x1536.jpeg 1152w, https:\/\/www.sclbadenbaden.de\/wp-content\/uploads\/2023\/01\/image00010-8-1536x2048.jpeg 1536w, https:\/\/www.sclbadenbaden.de\/wp-content\/uploads\/2023\/01\/image00010-8-scaled.jpeg 1920w\" sizes=\"auto, (max-width: 768px) 100vw, 768px\" \/><\/a><\/figure>\n\n\n\n<figure class=\"wp-block-image size-large\"><a href=\"https:\/\/sclbadenbaden.de\/wp-content\/uploads\/2023\/01\/image00011-9-scaled.jpeg\"><img loading=\"lazy\" decoding=\"async\" width=\"768\" height=\"1024\" data-id=\"18653\" src=\"https:\/\/sclbadenbaden.de\/wp-content\/uploads\/2023\/01\/image00011-9-768x1024.jpeg\" alt=\"\" class=\"wp-image-18653\" srcset=\"https:\/\/www.sclbadenbaden.de\/wp-content\/uploads\/2023\/01\/image00011-9-768x1024.jpeg 768w, https:\/\/www.sclbadenbaden.de\/wp-content\/uploads\/2023\/01\/image00011-9-225x300.jpeg 225w, https:\/\/www.sclbadenbaden.de\/wp-content\/uploads\/2023\/01\/image00011-9-113x150.jpeg 113w, https:\/\/www.sclbadenbaden.de\/wp-content\/uploads\/2023\/01\/image00011-9-1152x1536.jpeg 1152w, https:\/\/www.sclbadenbaden.de\/wp-content\/uploads\/2023\/01\/image00011-9-1536x2048.jpeg 1536w, https:\/\/www.sclbadenbaden.de\/wp-content\/uploads\/2023\/01\/image00011-9-scaled.jpeg 1920w\" sizes=\"auto, (max-width: 768px) 100vw, 768px\" \/><\/a><\/figure>\n\n\n\n<figure class=\"wp-block-image size-large\"><a href=\"https:\/\/sclbadenbaden.de\/wp-content\/uploads\/2023\/01\/image00012-8-scaled.jpeg\"><img loading=\"lazy\" decoding=\"async\" width=\"768\" height=\"1024\" data-id=\"18650\" src=\"https:\/\/sclbadenbaden.de\/wp-content\/uploads\/2023\/01\/image00012-8-768x1024.jpeg\" alt=\"\" class=\"wp-image-18650\" srcset=\"https:\/\/www.sclbadenbaden.de\/wp-content\/uploads\/2023\/01\/image00012-8-768x1024.jpeg 768w, https:\/\/www.sclbadenbaden.de\/wp-content\/uploads\/2023\/01\/image00012-8-225x300.jpeg 225w, https:\/\/www.sclbadenbaden.de\/wp-content\/uploads\/2023\/01\/image00012-8-113x150.jpeg 113w, https:\/\/www.sclbadenbaden.de\/wp-content\/uploads\/2023\/01\/image00012-8-1152x1536.jpeg 1152w, https:\/\/www.sclbadenbaden.de\/wp-content\/uploads\/2023\/01\/image00012-8-1536x2048.jpeg 1536w, https:\/\/www.sclbadenbaden.de\/wp-content\/uploads\/2023\/01\/image00012-8-scaled.jpeg 1920w\" sizes=\"auto, (max-width: 768px) 100vw, 768px\" \/><\/a><\/figure>\n\n\n\n<figure class=\"wp-block-image size-large\"><a href=\"https:\/\/sclbadenbaden.de\/wp-content\/uploads\/2023\/01\/image00013-6-scaled.jpeg\"><img loading=\"lazy\" decoding=\"async\" width=\"768\" height=\"1024\" data-id=\"18652\" src=\"https:\/\/sclbadenbaden.de\/wp-content\/uploads\/2023\/01\/image00013-6-768x1024.jpeg\" alt=\"\" class=\"wp-image-18652\" srcset=\"https:\/\/www.sclbadenbaden.de\/wp-content\/uploads\/2023\/01\/image00013-6-768x1024.jpeg 768w, https:\/\/www.sclbadenbaden.de\/wp-content\/uploads\/2023\/01\/image00013-6-225x300.jpeg 225w, https:\/\/www.sclbadenbaden.de\/wp-content\/uploads\/2023\/01\/image00013-6-113x150.jpeg 113w, https:\/\/www.sclbadenbaden.de\/wp-content\/uploads\/2023\/01\/image00013-6-1152x1536.jpeg 1152w, https:\/\/www.sclbadenbaden.de\/wp-content\/uploads\/2023\/01\/image00013-6-1536x2048.jpeg 1536w, https:\/\/www.sclbadenbaden.de\/wp-content\/uploads\/2023\/01\/image00013-6-scaled.jpeg 1920w\" sizes=\"auto, (max-width: 768px) 100vw, 768px\" \/><\/a><\/figure>\n<\/figure>\n","protected":false},"excerpt":{"rendered":"<p>Die SCL Heel Spitzenathleten zieht es ins Ausland, wegen der besseren Trainingsm\u00f6glichkeiten. Auch Carl Dohmann sendet Gr\u00fc\u00dfe aus S\u00fcdafrika. &#8222;Drei Wochen S\u00fcdafrika sind mittlerweile fast vorbei. Das Training auf 1900 Metern H\u00f6he und bei hei\u00dfem Wetter ist hart, aber wichtig als Grundlage f\u00fcr die Saison. Wir sind seit Beginn der Pandemie das erste Mal wieder [&hellip;]<\/p>\n","protected":false},"author":20,"featured_media":0,"comment_status":"open","ping_status":"open","sticky":false,"template":"","format":"standard","meta":{"footnotes":""},"categories":[2],"tags":[],"class_list":["post-18647","post","type-post","status-publish","format-standard","hentry","category-berichte"],"_links":{"self":[{"href":"https:\/\/www.sclbadenbaden.de\/index.php?rest_route=\/wp\/v2\/posts\/18647","targetHints":{"allow":["GET"]}}],"collection":[{"href":"https:\/\/www.sclbadenbaden.de\/index.php?rest_route=\/wp\/v2\/posts"}],"about":[{"href":"https:\/\/www.sclbadenbaden.de\/index.php?rest_route=\/wp\/v2\/types\/post"}],"author":[{"embeddable":true,"href":"https:\/\/www.sclbadenbaden.de\/index.php?rest_route=\/wp\/v2\/users\/20"}],"replies":[{"embeddable":true,"href":"https:\/\/www.sclbadenbaden.de\/index.php?rest_route=%2Fwp%2Fv2%2Fcomments&post=18647"}],"version-history":[{"count":3,"href":"https:\/\/www.sclbadenbaden.de\/index.php?rest_route=\/wp\/v2\/posts\/18647\/revisions"}],"predecessor-version":[{"id":18656,"href":"https:\/\/www.sclbadenbaden.de\/index.php?rest_route=\/wp\/v2\/posts\/18647\/revisions\/18656"}],"wp:attachment":[{"href":"https:\/\/www.sclbadenbaden.de\/index.php?rest_route=%2Fwp%2Fv2%2Fmedia&parent=18647"}],"wp:term":[{"taxonomy":"category","embeddable":true,"href":"https:\/\/www.sclbadenbaden.de\/index.php?rest_route=%2Fwp%2Fv2%2Fcategories&post=18647"},{"taxonomy":"post_tag","embeddable":true,"href":"https:\/\/www.sclbadenbaden.de\/index.php?rest_route=%2Fwp%2Fv2%2Ftags&post=18647"}],"curies":[{"name":"wp","href":"https:\/\/api.w.org\/{rel}","templated":true}]}}