{"id":18631,"date":"2023-01-23T19:02:49","date_gmt":"2023-01-23T18:02:49","guid":{"rendered":"https:\/\/www.sclbadenbaden.de\/?p=18631"},"modified":"2023-01-23T19:05:43","modified_gmt":"2023-01-23T18:05:43","slug":"leia-braunagel-ist-von-trainingsmoeglichkeiten-in-den-usa-begeistert-und-kritisiert-den-dlv","status":"publish","type":"post","link":"https:\/\/www.sclbadenbaden.de\/?p=18631","title":{"rendered":"Leia Braunagel ist von  Trainingsm\u00f6glichkeiten in den USA begeistert und kritisiert den DLV"},"content":{"rendered":"\n<figure class=\"wp-block-image size-large is-resized\"><a href=\"https:\/\/sclbadenbaden.de\/wp-content\/uploads\/2023\/01\/Ich.jpg\"><img loading=\"lazy\" decoding=\"async\" src=\"https:\/\/sclbadenbaden.de\/wp-content\/uploads\/2023\/01\/Ich-768x1024.jpg\" alt=\"\" class=\"wp-image-18632\" width=\"667\" height=\"890\" srcset=\"https:\/\/www.sclbadenbaden.de\/wp-content\/uploads\/2023\/01\/Ich-768x1024.jpg 768w, https:\/\/www.sclbadenbaden.de\/wp-content\/uploads\/2023\/01\/Ich-225x300.jpg 225w, https:\/\/www.sclbadenbaden.de\/wp-content\/uploads\/2023\/01\/Ich-113x150.jpg 113w, https:\/\/www.sclbadenbaden.de\/wp-content\/uploads\/2023\/01\/Ich.jpg 960w\" sizes=\"auto, (max-width: 667px) 100vw, 667px\" \/><\/a><\/figure>\n\n\n\n<p>Leia Braunagel, unsere Diskus-Queen, lebt, trainiert und studiert seit Anfang des Jahres in Amerika. Im Sommer kommt Leia f\u00fcr zwei Monate nach Deutschland, um an Wettk\u00e4mpfen teilzunehmen. Vorerst fliegt aber der Diskus durch die USA. Hier hat Leia, exklusiv f\u00fcr uns, ihre ersten US-Eindr\u00fccke beschrieben:<\/p>\n\n\n\n<p>&#8222;Ich wohne Off Campus mit einer Niederl\u00e4nderin zusammen. Wir sind jetzt erst mal umgezogen da die Gegend, in der wir die erste Wohnung hatten, uns nicht so sicher erschien. Jetzt leben wir Downtown, in einem gro\u00dfen Apartmentkomplex. Hier gef\u00e4llt es mir richtig gut. Da es hier aber keine \u00f6ffentlichen Verkehrsmittel gibt, nehme ich den Shuttle, der von der Universit\u00e4t bereitgestellt wird, um zum Campus zu kommen.<\/p>\n\n\n\n<p>Die Unterst\u00fctzung von den Trainern und Athleten ist aber auch enorm. Wenn ich mal einkaufen gehen muss, kann ich einfach nachfragen und es gibt bestimmt jemanden mit einem Auto, der einen zum n\u00e4chsten Target oder Walmart mitnimmt.<\/p>\n\n\n\n<p><strong>Sportlich ist alles viel gr\u00f6\u00dfer, hat einen ganz anderen Stellenwert und ist besser organisiert. Man ist ein Team. Man vertritt die Universit\u00e4t. Man hat eine andere Verantwortung. Es z\u00e4hlt das Miteinander und nicht nur der Konkurrenzkampf. Das gef\u00e4llt mir echt gut!<\/strong><\/p>\n\n\n\n<!--more-->\n\n\n\n<p>Es ist nat\u00fcrlich eine gro\u00dfe Umstellung, wenn man in Deutschland studiert hat. Hier sind wir ca. 15 Studierende in der \u201eVorlesung\u201c (ist ja eher eine Diskussionsrunde). Ich habe auch schon einen Kurs gewechselt, da ich den Dozenten aufgrund seines starken Akzents (er kommt aus Brasilien) schlecht verstanden habe. Aber das ging problemlos. Am Wochenende steht mein erster Wettkampf an, da freue ich mich schon drauf!<\/p>\n\n\n\n<p>Nach 14 Tagen kann ich noch nicht viel mehr berichten.<\/p>\n\n\n\n<p>Vor kurzem wurde mir aber klar, dass meine Entscheidung f\u00fcr mich die richtige war. Denn in der Presse wurde kein gutes Licht auf den Deutschen Leichtathletik-Verband geworfen. Der Mittelstreckenl\u00e4ufer Maximilian Thorwirth (ein Athletensprecher im DLV)&nbsp;&nbsp;hat die Situation eigentlich sehr gut zusammengefasst: Es sei ja sch\u00f6n, wenn&nbsp;&nbsp;der Verband gro\u00dfe Konzepte anschiebe, &#8222;aber es w\u00e4re halt schon gut, wenn&nbsp;&nbsp;diese grundlegenden Sachen funktionieren w\u00fcrden&#8220;&nbsp;&nbsp;(<a href=\"https:\/\/www.sueddeutsche.de\/sport\/leichtathletik-dlv-reform-sporthilfe-olympia-2028-1.5734701\">S\u00fcddeutsche Zeitung<\/a>).<\/p>\n\n\n\n<p>Da kann ich solche Aussagen, wie: \u201e viele Athleten f\u00fchlen sich get\u00e4uscht und vom Verband im Stich gelassen\u201c ganz klar nachvollziehen! (Quelle: <a href=\"https:\/\/www.sueddeutsche.de\/sport\/dlv-foerdergelder-perspektivkader-sporthilfe-athleten-vorstand-1.5736035?reduced=true\">S\u00fcddeutsche Zeitung<\/a>).<\/p>\n\n\n\n<p>Ich sehe momentan eher eine schlechte Zukunft &#8211; vor allem f\u00fcr Nachwuchs-Leichtathleten &#8211; in Deutschland. Auch einige gro\u00dfe Leichtathleten haben klar gemacht, dass bis 2028 wohl kaum Nachwuchsathleten \u00fcbrigbleiben werden. Das finde ich sehr schade!<\/p>\n\n\n\n<p>Auch f\u00fcr mich pers\u00f6nlich hat es so, ehrlich gesagt, keine sportliche Zukunft in Deutschland gegeben. Ohne F\u00f6rderung durch die Sporthilfe, habe ich keine Chance den Sport auf dem gleichen Niveau auszu\u00fcben. Es blieben mir nur ein paar Optionen, nach Abschluss meines Bachelorstudiums: zu einem gr\u00f6\u00dferen Verein wechseln (das wollte ich auf keinen Fall), Sponsoren finden (das ist so gut wie unm\u00f6glich), aufzuh\u00f6ren (einfach nein) oder in die USA zu gehen\u2026 ich denke ich habe mich f\u00fcr die beste Option entschieden. Ich hoffe aber sehr, dass es endlich mal einen Umbruch in den DLV F\u00f6rderungsstrukturen geben wird. Denn eins ist klar, so kann es nicht weitergehen!<\/p>\n\n\n\n<p>Alles in allem, bin ich froh, jetzt hier an der Wake Forest University zu sein. Im Anhang habe ich ein paar Eindr\u00fccke eingef\u00fcgt.<br><br>&nbsp;Liebe Gr\u00fc\u00dfe aus Winston-Salem<br>Leia&#8220;<\/p>\n\n\n\n<figure class=\"wp-block-gallery has-nested-images columns-default is-cropped wp-block-gallery-1 is-layout-flex wp-block-gallery-is-layout-flex\">\n<figure class=\"wp-block-image size-large\"><a href=\"https:\/\/sclbadenbaden.de\/wp-content\/uploads\/2023\/01\/Aussicht-von-Pilot-Mountain-40min-entfernt.jpg\"><img loading=\"lazy\" decoding=\"async\" width=\"768\" height=\"1024\" data-id=\"18633\" src=\"https:\/\/sclbadenbaden.de\/wp-content\/uploads\/2023\/01\/Aussicht-von-Pilot-Mountain-40min-entfernt-768x1024.jpg\" alt=\"\" class=\"wp-image-18633\" srcset=\"https:\/\/www.sclbadenbaden.de\/wp-content\/uploads\/2023\/01\/Aussicht-von-Pilot-Mountain-40min-entfernt-768x1024.jpg 768w, https:\/\/www.sclbadenbaden.de\/wp-content\/uploads\/2023\/01\/Aussicht-von-Pilot-Mountain-40min-entfernt-225x300.jpg 225w, https:\/\/www.sclbadenbaden.de\/wp-content\/uploads\/2023\/01\/Aussicht-von-Pilot-Mountain-40min-entfernt-113x150.jpg 113w, https:\/\/www.sclbadenbaden.de\/wp-content\/uploads\/2023\/01\/Aussicht-von-Pilot-Mountain-40min-entfernt.jpg 960w\" sizes=\"auto, (max-width: 768px) 100vw, 768px\" \/><\/a><\/figure>\n\n\n\n<figure class=\"wp-block-image size-large\"><a href=\"https:\/\/sclbadenbaden.de\/wp-content\/uploads\/2023\/01\/Campus-Wait-Chapel.jpg\"><img loading=\"lazy\" decoding=\"async\" width=\"768\" height=\"1024\" data-id=\"18637\" src=\"https:\/\/sclbadenbaden.de\/wp-content\/uploads\/2023\/01\/Campus-Wait-Chapel-768x1024.jpg\" alt=\"\" class=\"wp-image-18637\" srcset=\"https:\/\/www.sclbadenbaden.de\/wp-content\/uploads\/2023\/01\/Campus-Wait-Chapel-768x1024.jpg 768w, https:\/\/www.sclbadenbaden.de\/wp-content\/uploads\/2023\/01\/Campus-Wait-Chapel-225x300.jpg 225w, https:\/\/www.sclbadenbaden.de\/wp-content\/uploads\/2023\/01\/Campus-Wait-Chapel-113x150.jpg 113w, https:\/\/www.sclbadenbaden.de\/wp-content\/uploads\/2023\/01\/Campus-Wait-Chapel.jpg 960w\" sizes=\"auto, (max-width: 768px) 100vw, 768px\" \/><\/a><\/figure>\n\n\n\n<figure class=\"wp-block-image size-large\"><a href=\"https:\/\/sclbadenbaden.de\/wp-content\/uploads\/2023\/01\/Campus.jpg\"><img loading=\"lazy\" decoding=\"async\" width=\"1024\" height=\"768\" data-id=\"18635\" src=\"https:\/\/sclbadenbaden.de\/wp-content\/uploads\/2023\/01\/Campus-1024x768.jpg\" alt=\"\" class=\"wp-image-18635\" srcset=\"https:\/\/www.sclbadenbaden.de\/wp-content\/uploads\/2023\/01\/Campus-1024x768.jpg 1024w, https:\/\/www.sclbadenbaden.de\/wp-content\/uploads\/2023\/01\/Campus-300x225.jpg 300w, https:\/\/www.sclbadenbaden.de\/wp-content\/uploads\/2023\/01\/Campus-150x113.jpg 150w, https:\/\/www.sclbadenbaden.de\/wp-content\/uploads\/2023\/01\/Campus-768x576.jpg 768w, https:\/\/www.sclbadenbaden.de\/wp-content\/uploads\/2023\/01\/Campus.jpg 1280w\" sizes=\"auto, (max-width: 1024px) 100vw, 1024px\" \/><\/a><\/figure>\n\n\n\n<figure class=\"wp-block-image size-large\"><a href=\"https:\/\/sclbadenbaden.de\/wp-content\/uploads\/2023\/01\/Ich-1.jpg\"><img loading=\"lazy\" decoding=\"async\" width=\"768\" height=\"1024\" data-id=\"18636\" src=\"https:\/\/sclbadenbaden.de\/wp-content\/uploads\/2023\/01\/Ich-1-768x1024.jpg\" alt=\"\" class=\"wp-image-18636\" srcset=\"https:\/\/www.sclbadenbaden.de\/wp-content\/uploads\/2023\/01\/Ich-1-768x1024.jpg 768w, https:\/\/www.sclbadenbaden.de\/wp-content\/uploads\/2023\/01\/Ich-1-225x300.jpg 225w, https:\/\/www.sclbadenbaden.de\/wp-content\/uploads\/2023\/01\/Ich-1-113x150.jpg 113w, https:\/\/www.sclbadenbaden.de\/wp-content\/uploads\/2023\/01\/Ich-1.jpg 960w\" sizes=\"auto, (max-width: 768px) 100vw, 768px\" \/><\/a><\/figure>\n\n\n\n<figure class=\"wp-block-image size-large\"><a href=\"https:\/\/sclbadenbaden.de\/wp-content\/uploads\/2023\/01\/Kraftraum.jpg\"><img loading=\"lazy\" decoding=\"async\" width=\"768\" height=\"1024\" data-id=\"18638\" src=\"https:\/\/sclbadenbaden.de\/wp-content\/uploads\/2023\/01\/Kraftraum-768x1024.jpg\" alt=\"\" class=\"wp-image-18638\" srcset=\"https:\/\/www.sclbadenbaden.de\/wp-content\/uploads\/2023\/01\/Kraftraum-768x1024.jpg 768w, https:\/\/www.sclbadenbaden.de\/wp-content\/uploads\/2023\/01\/Kraftraum-225x300.jpg 225w, https:\/\/www.sclbadenbaden.de\/wp-content\/uploads\/2023\/01\/Kraftraum-113x150.jpg 113w, https:\/\/www.sclbadenbaden.de\/wp-content\/uploads\/2023\/01\/Kraftraum.jpg 960w\" sizes=\"auto, (max-width: 768px) 100vw, 768px\" \/><\/a><\/figure>\n\n\n\n<figure class=\"wp-block-image size-large\"><a href=\"https:\/\/sclbadenbaden.de\/wp-content\/uploads\/2023\/01\/Spindraum-mit-meinem-eigenen-Spind.jpg\"><img loading=\"lazy\" decoding=\"async\" width=\"768\" height=\"1024\" data-id=\"18634\" src=\"https:\/\/sclbadenbaden.de\/wp-content\/uploads\/2023\/01\/Spindraum-mit-meinem-eigenen-Spind-768x1024.jpg\" alt=\"\" class=\"wp-image-18634\" srcset=\"https:\/\/www.sclbadenbaden.de\/wp-content\/uploads\/2023\/01\/Spindraum-mit-meinem-eigenen-Spind-768x1024.jpg 768w, https:\/\/www.sclbadenbaden.de\/wp-content\/uploads\/2023\/01\/Spindraum-mit-meinem-eigenen-Spind-225x300.jpg 225w, https:\/\/www.sclbadenbaden.de\/wp-content\/uploads\/2023\/01\/Spindraum-mit-meinem-eigenen-Spind-113x150.jpg 113w, https:\/\/www.sclbadenbaden.de\/wp-content\/uploads\/2023\/01\/Spindraum-mit-meinem-eigenen-Spind.jpg 960w\" sizes=\"auto, (max-width: 768px) 100vw, 768px\" \/><\/a><\/figure>\n\n\n\n<figure class=\"wp-block-image size-large\"><a href=\"https:\/\/sclbadenbaden.de\/wp-content\/uploads\/2023\/01\/Verpflegungsstelle-neben-dem-Kraftraum.jpg\"><img loading=\"lazy\" decoding=\"async\" width=\"768\" height=\"1024\" data-id=\"18639\" src=\"https:\/\/sclbadenbaden.de\/wp-content\/uploads\/2023\/01\/Verpflegungsstelle-neben-dem-Kraftraum-768x1024.jpg\" alt=\"\" class=\"wp-image-18639\" srcset=\"https:\/\/www.sclbadenbaden.de\/wp-content\/uploads\/2023\/01\/Verpflegungsstelle-neben-dem-Kraftraum-768x1024.jpg 768w, https:\/\/www.sclbadenbaden.de\/wp-content\/uploads\/2023\/01\/Verpflegungsstelle-neben-dem-Kraftraum-225x300.jpg 225w, https:\/\/www.sclbadenbaden.de\/wp-content\/uploads\/2023\/01\/Verpflegungsstelle-neben-dem-Kraftraum-113x150.jpg 113w, https:\/\/www.sclbadenbaden.de\/wp-content\/uploads\/2023\/01\/Verpflegungsstelle-neben-dem-Kraftraum.jpg 960w\" sizes=\"auto, (max-width: 768px) 100vw, 768px\" \/><\/a><\/figure>\n\n\n\n<figure class=\"wp-block-image size-large\"><a href=\"https:\/\/sclbadenbaden.de\/wp-content\/uploads\/2023\/01\/Winston-Salem-Downtown.jpg\"><img loading=\"lazy\" decoding=\"async\" width=\"768\" height=\"1024\" data-id=\"18640\" src=\"https:\/\/sclbadenbaden.de\/wp-content\/uploads\/2023\/01\/Winston-Salem-Downtown-768x1024.jpg\" alt=\"\" class=\"wp-image-18640\" srcset=\"https:\/\/www.sclbadenbaden.de\/wp-content\/uploads\/2023\/01\/Winston-Salem-Downtown-768x1024.jpg 768w, https:\/\/www.sclbadenbaden.de\/wp-content\/uploads\/2023\/01\/Winston-Salem-Downtown-225x300.jpg 225w, https:\/\/www.sclbadenbaden.de\/wp-content\/uploads\/2023\/01\/Winston-Salem-Downtown-113x150.jpg 113w, https:\/\/www.sclbadenbaden.de\/wp-content\/uploads\/2023\/01\/Winston-Salem-Downtown.jpg 960w\" sizes=\"auto, (max-width: 768px) 100vw, 768px\" \/><\/a><\/figure>\n\n\n\n<figure class=\"wp-block-image size-large\"><a href=\"https:\/\/sclbadenbaden.de\/wp-content\/uploads\/2023\/01\/Wurfplatz.jpg\"><img loading=\"lazy\" decoding=\"async\" width=\"768\" height=\"1024\" data-id=\"18641\" src=\"https:\/\/sclbadenbaden.de\/wp-content\/uploads\/2023\/01\/Wurfplatz-768x1024.jpg\" alt=\"\" class=\"wp-image-18641\" srcset=\"https:\/\/www.sclbadenbaden.de\/wp-content\/uploads\/2023\/01\/Wurfplatz-768x1024.jpg 768w, https:\/\/www.sclbadenbaden.de\/wp-content\/uploads\/2023\/01\/Wurfplatz-225x300.jpg 225w, https:\/\/www.sclbadenbaden.de\/wp-content\/uploads\/2023\/01\/Wurfplatz-113x150.jpg 113w, https:\/\/www.sclbadenbaden.de\/wp-content\/uploads\/2023\/01\/Wurfplatz.jpg 960w\" sizes=\"auto, (max-width: 768px) 100vw, 768px\" \/><\/a><\/figure>\n<\/figure>\n","protected":false},"excerpt":{"rendered":"<p>Leia Braunagel, unsere Diskus-Queen, lebt, trainiert und studiert seit Anfang des Jahres in Amerika. Im Sommer kommt Leia f\u00fcr zwei Monate nach Deutschland, um an Wettk\u00e4mpfen teilzunehmen. Vorerst fliegt aber der Diskus durch die USA. Hier hat Leia, exklusiv f\u00fcr uns, ihre ersten US-Eindr\u00fccke beschrieben: &#8222;Ich wohne Off Campus mit einer Niederl\u00e4nderin zusammen. Wir sind [&hellip;]<\/p>\n","protected":false},"author":20,"featured_media":0,"comment_status":"open","ping_status":"open","sticky":false,"template":"","format":"standard","meta":{"footnotes":""},"categories":[2],"tags":[],"class_list":["post-18631","post","type-post","status-publish","format-standard","hentry","category-berichte"],"_links":{"self":[{"href":"https:\/\/www.sclbadenbaden.de\/index.php?rest_route=\/wp\/v2\/posts\/18631","targetHints":{"allow":["GET"]}}],"collection":[{"href":"https:\/\/www.sclbadenbaden.de\/index.php?rest_route=\/wp\/v2\/posts"}],"about":[{"href":"https:\/\/www.sclbadenbaden.de\/index.php?rest_route=\/wp\/v2\/types\/post"}],"author":[{"embeddable":true,"href":"https:\/\/www.sclbadenbaden.de\/index.php?rest_route=\/wp\/v2\/users\/20"}],"replies":[{"embeddable":true,"href":"https:\/\/www.sclbadenbaden.de\/index.php?rest_route=%2Fwp%2Fv2%2Fcomments&post=18631"}],"version-history":[{"count":5,"href":"https:\/\/www.sclbadenbaden.de\/index.php?rest_route=\/wp\/v2\/posts\/18631\/revisions"}],"predecessor-version":[{"id":18646,"href":"https:\/\/www.sclbadenbaden.de\/index.php?rest_route=\/wp\/v2\/posts\/18631\/revisions\/18646"}],"wp:attachment":[{"href":"https:\/\/www.sclbadenbaden.de\/index.php?rest_route=%2Fwp%2Fv2%2Fmedia&parent=18631"}],"wp:term":[{"taxonomy":"category","embeddable":true,"href":"https:\/\/www.sclbadenbaden.de\/index.php?rest_route=%2Fwp%2Fv2%2Fcategories&post=18631"},{"taxonomy":"post_tag","embeddable":true,"href":"https:\/\/www.sclbadenbaden.de\/index.php?rest_route=%2Fwp%2Fv2%2Ftags&post=18631"}],"curies":[{"name":"wp","href":"https:\/\/api.w.org\/{rel}","templated":true}]}}