{"id":18486,"date":"2022-12-11T19:40:50","date_gmt":"2022-12-11T18:40:50","guid":{"rendered":"https:\/\/www.sclbadenbaden.de\/?p=18486"},"modified":"2022-12-11T19:40:50","modified_gmt":"2022-12-11T18:40:50","slug":"nikolaus-im-training-sportler-geehrt","status":"publish","type":"post","link":"https:\/\/www.sclbadenbaden.de\/?p=18486","title":{"rendered":"Nikolaus im Training \/ Sportler geehrt"},"content":{"rendered":"\n<figure class=\"wp-block-gallery has-nested-images columns-default is-cropped wp-block-gallery-1 is-layout-flex wp-block-gallery-is-layout-flex\">\n<figure class=\"wp-block-image size-large\"><a href=\"https:\/\/sclbadenbaden.de\/wp-content\/uploads\/2022\/12\/breit1-scaled.jpeg\"><img loading=\"lazy\" decoding=\"async\" width=\"1024\" height=\"576\" data-id=\"18488\" src=\"https:\/\/sclbadenbaden.de\/wp-content\/uploads\/2022\/12\/breit1-1024x576.jpeg\" alt=\"\" class=\"wp-image-18488\" srcset=\"https:\/\/www.sclbadenbaden.de\/wp-content\/uploads\/2022\/12\/breit1-1024x576.jpeg 1024w, https:\/\/www.sclbadenbaden.de\/wp-content\/uploads\/2022\/12\/breit1-300x169.jpeg 300w, https:\/\/www.sclbadenbaden.de\/wp-content\/uploads\/2022\/12\/breit1-150x84.jpeg 150w, https:\/\/www.sclbadenbaden.de\/wp-content\/uploads\/2022\/12\/breit1-768x432.jpeg 768w, https:\/\/www.sclbadenbaden.de\/wp-content\/uploads\/2022\/12\/breit1-1536x864.jpeg 1536w, https:\/\/www.sclbadenbaden.de\/wp-content\/uploads\/2022\/12\/breit1-2048x1152.jpeg 2048w\" sizes=\"auto, (max-width: 1024px) 100vw, 1024px\" \/><\/a><\/figure>\n\n\n\n<figure class=\"wp-block-image size-large\"><a href=\"https:\/\/sclbadenbaden.de\/wp-content\/uploads\/2022\/12\/breit2-scaled.jpeg\"><img loading=\"lazy\" decoding=\"async\" width=\"1024\" height=\"576\" data-id=\"18489\" src=\"https:\/\/sclbadenbaden.de\/wp-content\/uploads\/2022\/12\/breit2-1024x576.jpeg\" alt=\"\" class=\"wp-image-18489\" srcset=\"https:\/\/www.sclbadenbaden.de\/wp-content\/uploads\/2022\/12\/breit2-1024x576.jpeg 1024w, https:\/\/www.sclbadenbaden.de\/wp-content\/uploads\/2022\/12\/breit2-300x169.jpeg 300w, https:\/\/www.sclbadenbaden.de\/wp-content\/uploads\/2022\/12\/breit2-150x84.jpeg 150w, https:\/\/www.sclbadenbaden.de\/wp-content\/uploads\/2022\/12\/breit2-768x432.jpeg 768w, https:\/\/www.sclbadenbaden.de\/wp-content\/uploads\/2022\/12\/breit2-1536x864.jpeg 1536w, https:\/\/www.sclbadenbaden.de\/wp-content\/uploads\/2022\/12\/breit2-2048x1152.jpeg 2048w\" sizes=\"auto, (max-width: 1024px) 100vw, 1024px\" \/><\/a><\/figure>\n\n\n\n<figure class=\"wp-block-image size-large\"><a href=\"https:\/\/sclbadenbaden.de\/wp-content\/uploads\/2022\/12\/breit3-scaled.jpeg\"><img loading=\"lazy\" decoding=\"async\" width=\"1024\" height=\"576\" data-id=\"18490\" src=\"https:\/\/sclbadenbaden.de\/wp-content\/uploads\/2022\/12\/breit3-1024x576.jpeg\" alt=\"\" class=\"wp-image-18490\" srcset=\"https:\/\/www.sclbadenbaden.de\/wp-content\/uploads\/2022\/12\/breit3-1024x576.jpeg 1024w, https:\/\/www.sclbadenbaden.de\/wp-content\/uploads\/2022\/12\/breit3-300x169.jpeg 300w, https:\/\/www.sclbadenbaden.de\/wp-content\/uploads\/2022\/12\/breit3-150x84.jpeg 150w, https:\/\/www.sclbadenbaden.de\/wp-content\/uploads\/2022\/12\/breit3-768x432.jpeg 768w, https:\/\/www.sclbadenbaden.de\/wp-content\/uploads\/2022\/12\/breit3-1536x864.jpeg 1536w, https:\/\/www.sclbadenbaden.de\/wp-content\/uploads\/2022\/12\/breit3-2048x1152.jpeg 2048w\" sizes=\"auto, (max-width: 1024px) 100vw, 1024px\" \/><\/a><\/figure>\n\n\n\n<figure class=\"wp-block-image size-large\"><a href=\"https:\/\/sclbadenbaden.de\/wp-content\/uploads\/2022\/12\/Sportler.jpeg\"><img loading=\"lazy\" decoding=\"async\" width=\"1024\" height=\"576\" data-id=\"18487\" src=\"https:\/\/sclbadenbaden.de\/wp-content\/uploads\/2022\/12\/Sportler-1024x576.jpeg\" alt=\"\" class=\"wp-image-18487\" srcset=\"https:\/\/www.sclbadenbaden.de\/wp-content\/uploads\/2022\/12\/Sportler-1024x576.jpeg 1024w, https:\/\/www.sclbadenbaden.de\/wp-content\/uploads\/2022\/12\/Sportler-300x169.jpeg 300w, https:\/\/www.sclbadenbaden.de\/wp-content\/uploads\/2022\/12\/Sportler-150x84.jpeg 150w, https:\/\/www.sclbadenbaden.de\/wp-content\/uploads\/2022\/12\/Sportler-768x432.jpeg 768w, https:\/\/www.sclbadenbaden.de\/wp-content\/uploads\/2022\/12\/Sportler.jpeg 1376w\" sizes=\"auto, (max-width: 1024px) 100vw, 1024px\" \/><\/a><\/figure>\n<figcaption class=\"blocks-gallery-caption wp-element-caption\">Hohoho &#8211; bimmel bimmel &#8211; da kam der Nikolaus aus dem Stadtwald heraus und brachte den j\u00fcngsten Leichtathleten einen Dambedei zum Kneten. Mit Kinderpunsch schmeckte der nach Wunsch ganz lecker. Die gro\u00dfen Sportler feierten etwas kecker, am kalt-warmen Buffet gab es nix zu meckern. Schlie\u00dflich wurden die Meister geehrt: Marcus Siegle, Nicole Bauer-K\u00f6hler, Arne Haase (alle baden-w\u00fcrttembergische Meister) und Leia Braunagel (s\u00fcddeutsche Meisterin). Eingerahmt sind die SCL Heel Tops von Johanna Feurer und Bernd Hefter. Auf dem Foto fehlen: Kawa Byeram, Birgit Marzluf (baden-w\u00fcrttembergische Meister) und Carl Dohmann (8. EM) <\/figcaption><\/figure>\n","protected":false},"excerpt":{"rendered":"","protected":false},"author":20,"featured_media":0,"comment_status":"open","ping_status":"open","sticky":false,"template":"","format":"standard","meta":{"footnotes":""},"categories":[11,12],"tags":[],"class_list":["post-18486","post","type-post","status-publish","format-standard","hentry","category-vereinsfeier","category-vorstand"],"_links":{"self":[{"href":"https:\/\/www.sclbadenbaden.de\/index.php?rest_route=\/wp\/v2\/posts\/18486","targetHints":{"allow":["GET"]}}],"collection":[{"href":"https:\/\/www.sclbadenbaden.de\/index.php?rest_route=\/wp\/v2\/posts"}],"about":[{"href":"https:\/\/www.sclbadenbaden.de\/index.php?rest_route=\/wp\/v2\/types\/post"}],"author":[{"embeddable":true,"href":"https:\/\/www.sclbadenbaden.de\/index.php?rest_route=\/wp\/v2\/users\/20"}],"replies":[{"embeddable":true,"href":"https:\/\/www.sclbadenbaden.de\/index.php?rest_route=%2Fwp%2Fv2%2Fcomments&post=18486"}],"version-history":[{"count":1,"href":"https:\/\/www.sclbadenbaden.de\/index.php?rest_route=\/wp\/v2\/posts\/18486\/revisions"}],"predecessor-version":[{"id":18492,"href":"https:\/\/www.sclbadenbaden.de\/index.php?rest_route=\/wp\/v2\/posts\/18486\/revisions\/18492"}],"wp:attachment":[{"href":"https:\/\/www.sclbadenbaden.de\/index.php?rest_route=%2Fwp%2Fv2%2Fmedia&parent=18486"}],"wp:term":[{"taxonomy":"category","embeddable":true,"href":"https:\/\/www.sclbadenbaden.de\/index.php?rest_route=%2Fwp%2Fv2%2Fcategories&post=18486"},{"taxonomy":"post_tag","embeddable":true,"href":"https:\/\/www.sclbadenbaden.de\/index.php?rest_route=%2Fwp%2Fv2%2Ftags&post=18486"}],"curies":[{"name":"wp","href":"https:\/\/api.w.org\/{rel}","templated":true}]}}