{"id":16623,"date":"2021-07-24T23:01:55","date_gmt":"2021-07-24T22:01:55","guid":{"rendered":"https:\/\/www.sclbadenbaden.de\/?p=16623"},"modified":"2021-07-24T23:01:55","modified_gmt":"2021-07-24T22:01:55","slug":"carl-dohmann-und-trainer-robert-ihly-in-japan-angekommen","status":"publish","type":"post","link":"https:\/\/www.sclbadenbaden.de\/?p=16623","title":{"rendered":"Carl Dohmann und Trainer Robert Ihly in Japan angekommen"},"content":{"rendered":"\n<figure class=\"wp-block-image size-large\"><a href=\"https:\/\/sclbadenbaden.de\/wp-content\/uploads\/2021\/07\/BDEV7093-neu.jpg\"><img loading=\"lazy\" decoding=\"async\" width=\"771\" height=\"1024\" src=\"https:\/\/sclbadenbaden.de\/wp-content\/uploads\/2021\/07\/BDEV7093-neu-771x1024.jpg\" alt=\"\" class=\"wp-image-16625\" srcset=\"https:\/\/www.sclbadenbaden.de\/wp-content\/uploads\/2021\/07\/BDEV7093-neu-771x1024.jpg 771w, https:\/\/www.sclbadenbaden.de\/wp-content\/uploads\/2021\/07\/BDEV7093-neu-226x300.jpg 226w, https:\/\/www.sclbadenbaden.de\/wp-content\/uploads\/2021\/07\/BDEV7093-neu-113x150.jpg 113w, https:\/\/www.sclbadenbaden.de\/wp-content\/uploads\/2021\/07\/BDEV7093-neu-768x1020.jpg 768w, https:\/\/www.sclbadenbaden.de\/wp-content\/uploads\/2021\/07\/BDEV7093-neu.jpg 863w\" sizes=\"auto, (max-width: 771px) 100vw, 771px\" \/><\/a><\/figure>\n\n\n\n<p>Das badische Geher-Team ist in Japan gelandet. Carl Dohmann (SCL Heel), Nathaniel Seiler (TV B\u00fchlertal) und Trainer Robert Ihly (Foto) bereiten sich auf der Insel Hokkaido im Norden Japans auf das olympische 50 km Gehen vor. Das findet am 5. August, 22:30 Uhr MESZ in Sapporo statt, dort ist es f\u00fcr Marathonl\u00e4ufer und Geher etwas k\u00fchler. Der Empfang war freundlich und die Gru\u00dfkarte ist interessant, wenn auch unverst\u00e4ndlich. <\/p>\n\n\n\n<figure class=\"wp-block-image size-large is-style-default\"><a href=\"https:\/\/sclbadenbaden.de\/wp-content\/uploads\/2021\/07\/XXNB7546-neu.jpg\"><img loading=\"lazy\" decoding=\"async\" width=\"1024\" height=\"638\" src=\"https:\/\/sclbadenbaden.de\/wp-content\/uploads\/2021\/07\/XXNB7546-neu-1024x638.jpg\" alt=\"\" class=\"wp-image-16624\" srcset=\"https:\/\/www.sclbadenbaden.de\/wp-content\/uploads\/2021\/07\/XXNB7546-neu-1024x638.jpg 1024w, https:\/\/www.sclbadenbaden.de\/wp-content\/uploads\/2021\/07\/XXNB7546-neu-300x187.jpg 300w, https:\/\/www.sclbadenbaden.de\/wp-content\/uploads\/2021\/07\/XXNB7546-neu-150x93.jpg 150w, https:\/\/www.sclbadenbaden.de\/wp-content\/uploads\/2021\/07\/XXNB7546-neu-768x479.jpg 768w, https:\/\/www.sclbadenbaden.de\/wp-content\/uploads\/2021\/07\/XXNB7546-neu.jpg 1367w\" sizes=\"auto, (max-width: 1024px) 100vw, 1024px\" \/><\/a><\/figure>\n","protected":false},"excerpt":{"rendered":"<p>Das badische Geher-Team ist in Japan gelandet. Carl Dohmann (SCL Heel), Nathaniel Seiler (TV B\u00fchlertal) und Trainer Robert Ihly (Foto) bereiten sich auf der Insel Hokkaido im Norden Japans auf das olympische 50 km Gehen vor. Das findet am 5. August, 22:30 Uhr MESZ in Sapporo statt, dort ist es f\u00fcr Marathonl\u00e4ufer und Geher etwas [&hellip;]<\/p>\n","protected":false},"author":20,"featured_media":0,"comment_status":"open","ping_status":"open","sticky":false,"template":"","format":"standard","meta":{"footnotes":""},"categories":[5],"tags":[],"class_list":["post-16623","post","type-post","status-publish","format-standard","hentry","category-internationalemeisterschaften"],"_links":{"self":[{"href":"https:\/\/www.sclbadenbaden.de\/index.php?rest_route=\/wp\/v2\/posts\/16623","targetHints":{"allow":["GET"]}}],"collection":[{"href":"https:\/\/www.sclbadenbaden.de\/index.php?rest_route=\/wp\/v2\/posts"}],"about":[{"href":"https:\/\/www.sclbadenbaden.de\/index.php?rest_route=\/wp\/v2\/types\/post"}],"author":[{"embeddable":true,"href":"https:\/\/www.sclbadenbaden.de\/index.php?rest_route=\/wp\/v2\/users\/20"}],"replies":[{"embeddable":true,"href":"https:\/\/www.sclbadenbaden.de\/index.php?rest_route=%2Fwp%2Fv2%2Fcomments&post=16623"}],"version-history":[{"count":1,"href":"https:\/\/www.sclbadenbaden.de\/index.php?rest_route=\/wp\/v2\/posts\/16623\/revisions"}],"predecessor-version":[{"id":16626,"href":"https:\/\/www.sclbadenbaden.de\/index.php?rest_route=\/wp\/v2\/posts\/16623\/revisions\/16626"}],"wp:attachment":[{"href":"https:\/\/www.sclbadenbaden.de\/index.php?rest_route=%2Fwp%2Fv2%2Fmedia&parent=16623"}],"wp:term":[{"taxonomy":"category","embeddable":true,"href":"https:\/\/www.sclbadenbaden.de\/index.php?rest_route=%2Fwp%2Fv2%2Fcategories&post=16623"},{"taxonomy":"post_tag","embeddable":true,"href":"https:\/\/www.sclbadenbaden.de\/index.php?rest_route=%2Fwp%2Fv2%2Ftags&post=16623"}],"curies":[{"name":"wp","href":"https:\/\/api.w.org\/{rel}","templated":true}]}}