{"id":16345,"date":"2021-04-27T20:10:01","date_gmt":"2021-04-27T19:10:01","guid":{"rendered":"https:\/\/www.sclbadenbaden.de\/?p=16345"},"modified":"2021-04-27T20:14:45","modified_gmt":"2021-04-27T19:14:45","slug":"panathlon-baden-ehrt-olympia-race-walker","status":"publish","type":"post","link":"https:\/\/www.sclbadenbaden.de\/?p=16345","title":{"rendered":"Panathlon Baden ehrt Olympia Race-Walker"},"content":{"rendered":"\n<figure class=\"wp-block-image size-large\"><a href=\"https:\/\/sclbadenbaden.de\/wp-content\/uploads\/2021\/04\/IMG_2712-breit-scaled.jpg\"><img loading=\"lazy\" decoding=\"async\" width=\"1024\" height=\"576\" src=\"https:\/\/sclbadenbaden.de\/wp-content\/uploads\/2021\/04\/IMG_2712-breit-1024x576.jpg\" alt=\"\" class=\"wp-image-16346\" srcset=\"https:\/\/www.sclbadenbaden.de\/wp-content\/uploads\/2021\/04\/IMG_2712-breit-1024x576.jpg 1024w, https:\/\/www.sclbadenbaden.de\/wp-content\/uploads\/2021\/04\/IMG_2712-breit-300x169.jpg 300w, https:\/\/www.sclbadenbaden.de\/wp-content\/uploads\/2021\/04\/IMG_2712-breit-150x84.jpg 150w, https:\/\/www.sclbadenbaden.de\/wp-content\/uploads\/2021\/04\/IMG_2712-breit-768x432.jpg 768w, https:\/\/www.sclbadenbaden.de\/wp-content\/uploads\/2021\/04\/IMG_2712-breit-1536x864.jpg 1536w, https:\/\/www.sclbadenbaden.de\/wp-content\/uploads\/2021\/04\/IMG_2712-breit-2048x1152.jpg 2048w\" sizes=\"auto, (max-width: 1024px) 100vw, 1024px\" \/><\/a><figcaption>Ehrung f\u00fcr Nathaniel Seiler und Carl Dohmann. Stehend v.l. B\u00fcrgermeister Roland Kaiser, Panathlon Baden-Pr\u00e4sident Halil Senpinar und dessen Vorg\u00e4nger Harald Deneken<\/figcaption><\/figure>\n\n\n\n<p>Che \u2013 Sportlich ist es ein H\u00f6hepunkt und in der Geschichte der Kurstadt einmalig: Gleich zwei Baden-Badener Leichtathleten haben die Norm f\u00fcr die Olympischen Spiele in Tokio erf\u00fcllt. Beide trainieren gemeinsam und beide haben sich auf langen 50 Kilometern gegenseitig gepusht. Die Race-Walker Nathaniel Seiler (TV B\u00fchlertal) und Carl Dohmann (SCL Heel) haben k\u00fcrzlich bei den deutschen Meisterschaften in Frankfurt im 50 Kilometer Gehen die Norm-Zeit von 3:50 Stunden klar unterboten.<\/p>\n\n\n\n<!--more-->\n\n\n\n<p>Nathaniel Seiler ging 3:48,44 Stunden, Carl Dohmann ben\u00f6tigte zehn Sekunden mehr. F\u00fcr Carl Dohmann werden es nach Rio de Janeiro die zweiten Olympischen, Nathaniel Seiler ist Olympia-Debutant. \u201eWir wollen diese beiden jungen Athleten auf ihrem Weg nach Japan unterst\u00fctzen und ihnen zu dieser au\u00dfergew\u00f6hnlichen Leistung gratulieren\u201c, so Halil Senpinar, der Pr\u00e4sident von Panathlon Baden. Er \u00fcberreichte beiden Sportlern einen Scheck mit einem namhaften Geldbetrag und als Inhaber des Medico &amp; Vital Centers Gutscheine f\u00fcr umfassende physiotherapeutische Unterst\u00fctzung w\u00e4hrend der Vorbereitung auf die Olympischen Spielen.<\/p>\n\n\n\n<p>Panathlon ist eine internationale gemeinn\u00fctzige Organisation, die sich f\u00fcr die olympische Idee sowie f\u00fcr Fairness und die Werte im Sport einsetzt, so B\u00fcrgermeister Roland Kaiser, der Gesch\u00e4ftsf\u00fchrer von Panathlon Baden ist. Er unterstrich, dass es eine wichtige Aufgabe des Panathlon-Clubs sei, erfolgreiche und engagierte Sportler zu f\u00f6rdern. Dar\u00fcber hinaus will Panathlon auch eine Br\u00fccke \u00fcber Grenzen hinweg schlagen und den Sport in der Pamina-Region (Pfalz, Mittlerer-Oberrhein und Nord-Elsa\u00df) enger zu verkn\u00fcpfen. Dabei geht es nicht nur um Wettbewerbe, sondern auch um die Zusammenarbeit von Trainern, Verb\u00e4nden und Sportwissenschaftlern.<\/p>\n\n\n\n<p>Harald Deneken, Past-Pr\u00e4sident von Panathlon Baden, lud die beiden-Top-Sportler ein, nach Olympia in der ein oder anderen Schule den Jugendlichen \u00fcber Erfahrungen, Erlebnisse und emotionale Momente zu berichten.<\/p>\n\n\n\n<p>SCL Heel Vorstand Bernd Hefter erinnerte historisch an die erste Baden-Badener Olympionikin. 1928 gewann Lina Radke-Batschauer in Amsterdam den 800 Meter-Lauf und wurde so zur ersten deutschen Olympiasiegerin. Weil einige L\u00e4uferinnen ersch\u00f6pft zu Boden sanken, wurden die 800 Meter f\u00fcr Jahrzehnte wieder aus dem olympischen Programm gestrichen.<\/p>\n\n\n\n<p>Inzwischen gibt es das 50 Kilometer Gehen auch f\u00fcr Frauen. Die lange Strecke, das \u00e4rgert Carl Dohmann und Nathaniel Seiler, soll mittelfristig jedoch aus dem olympischen Programm gestrichen werden.<\/p>\n\n\n\n<p>Vorerst werden sich die beiden Race-Walker voll auf die lange Strecke konzentrieren. Im Mai ist in Tschechien der Europa-Cup. F\u00fcr beide der letzte H\u00e4rtetest \u00fcber 50 Kilometer vor Olympia. N\u00e4chste Woche geht es aber erst einmal zum Impfen und beide hoffen, dass m\u00f6gliche Nebenwirkungen die Vorbereitungen nicht durcheinanderwirbeln.<\/p>\n","protected":false},"excerpt":{"rendered":"<p>Che \u2013 Sportlich ist es ein H\u00f6hepunkt und in der Geschichte der Kurstadt einmalig: Gleich zwei Baden-Badener Leichtathleten haben die Norm f\u00fcr die Olympischen Spiele in Tokio erf\u00fcllt. Beide trainieren gemeinsam und beide haben sich auf langen 50 Kilometern gegenseitig gepusht. Die Race-Walker Nathaniel Seiler (TV B\u00fchlertal) und Carl Dohmann (SCL Heel) haben k\u00fcrzlich bei [&hellip;]<\/p>\n","protected":false},"author":20,"featured_media":0,"comment_status":"open","ping_status":"open","sticky":false,"template":"","format":"standard","meta":{"footnotes":""},"categories":[9],"tags":[],"class_list":["post-16345","post","type-post","status-publish","format-standard","hentry","category-sportlerehrungen"],"_links":{"self":[{"href":"https:\/\/www.sclbadenbaden.de\/index.php?rest_route=\/wp\/v2\/posts\/16345","targetHints":{"allow":["GET"]}}],"collection":[{"href":"https:\/\/www.sclbadenbaden.de\/index.php?rest_route=\/wp\/v2\/posts"}],"about":[{"href":"https:\/\/www.sclbadenbaden.de\/index.php?rest_route=\/wp\/v2\/types\/post"}],"author":[{"embeddable":true,"href":"https:\/\/www.sclbadenbaden.de\/index.php?rest_route=\/wp\/v2\/users\/20"}],"replies":[{"embeddable":true,"href":"https:\/\/www.sclbadenbaden.de\/index.php?rest_route=%2Fwp%2Fv2%2Fcomments&post=16345"}],"version-history":[{"count":2,"href":"https:\/\/www.sclbadenbaden.de\/index.php?rest_route=\/wp\/v2\/posts\/16345\/revisions"}],"predecessor-version":[{"id":16349,"href":"https:\/\/www.sclbadenbaden.de\/index.php?rest_route=\/wp\/v2\/posts\/16345\/revisions\/16349"}],"wp:attachment":[{"href":"https:\/\/www.sclbadenbaden.de\/index.php?rest_route=%2Fwp%2Fv2%2Fmedia&parent=16345"}],"wp:term":[{"taxonomy":"category","embeddable":true,"href":"https:\/\/www.sclbadenbaden.de\/index.php?rest_route=%2Fwp%2Fv2%2Fcategories&post=16345"},{"taxonomy":"post_tag","embeddable":true,"href":"https:\/\/www.sclbadenbaden.de\/index.php?rest_route=%2Fwp%2Fv2%2Ftags&post=16345"}],"curies":[{"name":"wp","href":"https:\/\/api.w.org\/{rel}","templated":true}]}}