{"id":16228,"date":"2020-12-27T22:34:47","date_gmt":"2020-12-27T21:34:47","guid":{"rendered":"https:\/\/www.sclbadenbaden.de\/?p=16228"},"modified":"2020-12-28T08:10:04","modified_gmt":"2020-12-28T07:10:04","slug":"die-grande-dame-der-badischen-leichtathletik-wird-80","status":"publish","type":"post","link":"https:\/\/www.sclbadenbaden.de\/?p=16228","title":{"rendered":"Die Grande Dame der badischen Leichtathletik wird 80:  Herzlichen Gl\u00fcckwunsch Traudel H\u00e4fele"},"content":{"rendered":"\n<figure class=\"wp-block-image size-large\"><a href=\"https:\/\/sclbadenbaden.de\/wp-content\/uploads\/2020\/12\/20070429-Tuerkenlouis-2007-004.jpg\"><img loading=\"lazy\" decoding=\"async\" width=\"1024\" height=\"576\" src=\"https:\/\/sclbadenbaden.de\/wp-content\/uploads\/2020\/12\/20070429-Tuerkenlouis-2007-004-1024x576.jpg\" alt=\"\" class=\"wp-image-16229\" srcset=\"https:\/\/www.sclbadenbaden.de\/wp-content\/uploads\/2020\/12\/20070429-Tuerkenlouis-2007-004-1024x576.jpg 1024w, https:\/\/www.sclbadenbaden.de\/wp-content\/uploads\/2020\/12\/20070429-Tuerkenlouis-2007-004-300x169.jpg 300w, https:\/\/www.sclbadenbaden.de\/wp-content\/uploads\/2020\/12\/20070429-Tuerkenlouis-2007-004-150x84.jpg 150w, https:\/\/www.sclbadenbaden.de\/wp-content\/uploads\/2020\/12\/20070429-Tuerkenlouis-2007-004-768x432.jpg 768w, https:\/\/www.sclbadenbaden.de\/wp-content\/uploads\/2020\/12\/20070429-Tuerkenlouis-2007-004-1536x865.jpg 1536w, https:\/\/www.sclbadenbaden.de\/wp-content\/uploads\/2020\/12\/20070429-Tuerkenlouis-2007-004.jpg 1874w\" sizes=\"auto, (max-width: 1024px) 100vw, 1024px\" \/><\/a><figcaption>Traudel H\u00e4fele beim Sprinttraining<\/figcaption><\/figure>\n\n\n\n<p>Che \u2013 Sie ist die Grande Dame der Baden-Badener Leichtathletik, Ehrentrainerin im SCL Heel seit 2010: Traudel H\u00e4fele, die erfolgreiche Sprinterin und Trainerin wird an diesem Montag 80 Jahre alt, den engen Draht zur Leichtathletik hat sie nie verloren.<\/p>\n\n\n\n<p>\u201eIch habe mit 14 Jahren in Kandel mit der Leichtathletik angefangen und der Sport hat mich immer total fasziniert\u201c, erinnert sich die geb\u00fcrtige Karlsruherin. Ihre eigentliche sportliche Karriere begann aber erst mit 19 Jahren und dem Wechsel zu den Leichtathleten des Karlsruher SC. Dort trainierte damals neben vielen anderen Top-Sprintern der 100 Meter Olympiasieger Armin Hary. Trainiert wurde Hary von Helmut H\u00e4fele, einer der weltbesten Sprinttrainer der fr\u00fchen 60er Jahre. Er f\u00fchrte in Rom auch die deutsche 4&#215;100 Meter M\u00e4nner-Staffel zu olympischem Gold.<\/p>\n\n\n\n<!--more-->\n\n\n\n<p>In der Trainingsgruppe von Helmut H\u00e4fele hatte sie den richtigen Platz gefunden f\u00fcr ihr sportliches Fortkommen. Nebenbei wuchs auch die Liebe zum Trainer mit anschlie\u00dfender Hochzeit, es folgte Nachwuchs, ein Sohn und eine Tochter.<\/p>\n\n\n\n<figure class=\"wp-block-image size-large is-resized\"><a href=\"https:\/\/sclbadenbaden.de\/wp-content\/uploads\/2020\/12\/image00001-1.jpeg\"><img loading=\"lazy\" decoding=\"async\" src=\"https:\/\/sclbadenbaden.de\/wp-content\/uploads\/2020\/12\/image00001-1-571x1024.jpeg\" alt=\"\" class=\"wp-image-16230\" width=\"275\" height=\"493\" srcset=\"https:\/\/www.sclbadenbaden.de\/wp-content\/uploads\/2020\/12\/image00001-1-571x1024.jpeg 571w, https:\/\/www.sclbadenbaden.de\/wp-content\/uploads\/2020\/12\/image00001-1-167x300.jpeg 167w, https:\/\/www.sclbadenbaden.de\/wp-content\/uploads\/2020\/12\/image00001-1-84x150.jpeg 84w, https:\/\/www.sclbadenbaden.de\/wp-content\/uploads\/2020\/12\/image00001-1-768x1378.jpeg 768w, https:\/\/www.sclbadenbaden.de\/wp-content\/uploads\/2020\/12\/image00001-1-856x1536.jpeg 856w, https:\/\/www.sclbadenbaden.de\/wp-content\/uploads\/2020\/12\/image00001-1.jpeg 892w\" sizes=\"auto, (max-width: 275px) 100vw, 275px\" \/><\/a><figcaption>Foto: Traudel und Helmut H\u00e4fele<\/figcaption><\/figure>\n\n\n\n<p>Im Sprint brachte es Traudel H\u00e4fele auf eine 100 Meter Bestzeit von 12,6 Sekunden. Beruflich wechselte Helmut H\u00e4fele nach Baden-Baden, dann ging es in der Region sportlich weiter. Mit der B\u00fchler 4&#215;100 Meter Staffel holte sich Traudel H\u00e4fele zusammen mit Uschi Seckler, Michaela Lang und Doris Neubert den badischen Rekord.<\/p>\n\n\n\n<figure class=\"wp-block-image size-large is-resized\"><a href=\"https:\/\/sclbadenbaden.de\/wp-content\/uploads\/2020\/12\/image00003.jpeg\"><img loading=\"lazy\" decoding=\"async\" src=\"https:\/\/sclbadenbaden.de\/wp-content\/uploads\/2020\/12\/image00003-768x1024.jpeg\" alt=\"\" class=\"wp-image-16231\" width=\"278\" height=\"370\" srcset=\"https:\/\/www.sclbadenbaden.de\/wp-content\/uploads\/2020\/12\/image00003-768x1024.jpeg 768w, https:\/\/www.sclbadenbaden.de\/wp-content\/uploads\/2020\/12\/image00003-225x300.jpeg 225w, https:\/\/www.sclbadenbaden.de\/wp-content\/uploads\/2020\/12\/image00003-113x150.jpeg 113w, https:\/\/www.sclbadenbaden.de\/wp-content\/uploads\/2020\/12\/image00003-1152x1536.jpeg 1152w, https:\/\/www.sclbadenbaden.de\/wp-content\/uploads\/2020\/12\/image00003.jpeg 1200w\" sizes=\"auto, (max-width: 278px) 100vw, 278px\" \/><\/a><figcaption>Foto: Auf dem Weg zur Europameisterschaft<\/figcaption><\/figure>\n\n\n\n<p>1982 fanden die Leichtathletik-Europameisterschaften der Senioren in Stra\u00dfburg statt. Traudel H\u00e4fele meldete \u00fcber 200 Meter, lief das Rennen ihres Lebens und wurde Europameisterin.<\/p>\n\n\n\n<p>Ein Jahr sp\u00e4ter wollte sie bei den Weltmeisterschaften in San Juan (Puerto Rico) nach den Sternen greifen. Wieder meldete sie \u00fcber 200 Meter, war nach bester Vor- und Zwischenlaufzeit in der Favoritenrolle. Im Finale lag sie ihn F\u00fchrung, dann erlitt sie auf den letzten Metern einen Achillesversen-Anriss. Mit letzter Kraft schaffte sie es \u00fcber die Ziellinie, aber als entt\u00e4uschte Vierte.<\/p>\n\n\n\n<figure class=\"wp-block-image size-large is-resized\"><a href=\"https:\/\/sclbadenbaden.de\/wp-content\/uploads\/2020\/12\/20070429-Tuerkenlouis-2007-003.jpg\"><img loading=\"lazy\" decoding=\"async\" src=\"https:\/\/sclbadenbaden.de\/wp-content\/uploads\/2020\/12\/20070429-Tuerkenlouis-2007-003-1024x576.jpg\" alt=\"\" class=\"wp-image-16233\" width=\"329\" height=\"185\" srcset=\"https:\/\/www.sclbadenbaden.de\/wp-content\/uploads\/2020\/12\/20070429-Tuerkenlouis-2007-003-1024x576.jpg 1024w, https:\/\/www.sclbadenbaden.de\/wp-content\/uploads\/2020\/12\/20070429-Tuerkenlouis-2007-003-300x169.jpg 300w, https:\/\/www.sclbadenbaden.de\/wp-content\/uploads\/2020\/12\/20070429-Tuerkenlouis-2007-003-150x84.jpg 150w, https:\/\/www.sclbadenbaden.de\/wp-content\/uploads\/2020\/12\/20070429-Tuerkenlouis-2007-003-768x432.jpg 768w, https:\/\/www.sclbadenbaden.de\/wp-content\/uploads\/2020\/12\/20070429-Tuerkenlouis-2007-003.jpg 1450w\" sizes=\"auto, (max-width: 329px) 100vw, 329px\" \/><\/a><\/figure>\n\n\n\n<p>\u201eDamals flossen die Tr\u00e4nen in Str\u00f6men\u201c, erinnert sie sich heute. Da waren aber auch die sch\u00f6nen Zeiten, an die sie sich gerne erinnert. Zusammen mit Ihrem Mann organisierte sie in Karlsruhe gro\u00dfe Leichtathletik-Wettk\u00e4mpfe mit Weltklasse-Athleten wie dem legend\u00e4ren Langstrecken-L\u00e4ufer und Olympiasieger Emil Zatopek.<\/p>\n\n\n\n<figure class=\"wp-block-image size-large is-resized\"><a href=\"https:\/\/sclbadenbaden.de\/wp-content\/uploads\/2020\/12\/IMG_1518-Traudel-Haefele-scaled.jpg\"><img loading=\"lazy\" decoding=\"async\" src=\"https:\/\/sclbadenbaden.de\/wp-content\/uploads\/2020\/12\/IMG_1518-Traudel-Haefele-1024x683.jpg\" alt=\"\" class=\"wp-image-16232\" width=\"401\" height=\"267\" srcset=\"https:\/\/www.sclbadenbaden.de\/wp-content\/uploads\/2020\/12\/IMG_1518-Traudel-Haefele-1024x683.jpg 1024w, https:\/\/www.sclbadenbaden.de\/wp-content\/uploads\/2020\/12\/IMG_1518-Traudel-Haefele-300x200.jpg 300w, https:\/\/www.sclbadenbaden.de\/wp-content\/uploads\/2020\/12\/IMG_1518-Traudel-Haefele-150x100.jpg 150w, https:\/\/www.sclbadenbaden.de\/wp-content\/uploads\/2020\/12\/IMG_1518-Traudel-Haefele-768x512.jpg 768w, https:\/\/www.sclbadenbaden.de\/wp-content\/uploads\/2020\/12\/IMG_1518-Traudel-Haefele-1536x1024.jpg 1536w, https:\/\/www.sclbadenbaden.de\/wp-content\/uploads\/2020\/12\/IMG_1518-Traudel-Haefele-2048x1366.jpg 2048w\" sizes=\"auto, (max-width: 401px) 100vw, 401px\" \/><\/a><figcaption>Foto: Seit 2010 SCL Heel Ehrentrainerin<\/figcaption><\/figure>\n\n\n\n<p>In B\u00fchl, Steinbach und Baden-Baden unterst\u00fctzte Traudel H\u00e4fele jahrelang die erfolgreiche Trainerarbeit ihres Mannes. Nach dessen Tod \u00fcbernahm sie dann eigenst\u00e4ndig die Trainingsgruppe im SCL Heel und f\u00fchrte einige Athleten noch zu gro\u00dfen sportlichen Erfolgen. Und wenn Corona hoffentlich im Sommer vorbei ist, will sie unbedingt wieder im Aumattstadion vorbeischauen und SCL Heel-Trainer treffen, die fr\u00fcher mal bei ihr trainiert haben. &nbsp;<\/p>\n","protected":false},"excerpt":{"rendered":"<p>Che \u2013 Sie ist die Grande Dame der Baden-Badener Leichtathletik, Ehrentrainerin im SCL Heel seit 2010: Traudel H\u00e4fele, die erfolgreiche Sprinterin und Trainerin wird an diesem Montag 80 Jahre alt, den engen Draht zur Leichtathletik hat sie nie verloren. \u201eIch habe mit 14 Jahren in Kandel mit der Leichtathletik angefangen und der Sport hat mich [&hellip;]<\/p>\n","protected":false},"author":20,"featured_media":0,"comment_status":"open","ping_status":"open","sticky":false,"template":"","format":"standard","meta":{"footnotes":""},"categories":[12],"tags":[],"class_list":["post-16228","post","type-post","status-publish","format-standard","hentry","category-vorstand"],"_links":{"self":[{"href":"https:\/\/www.sclbadenbaden.de\/index.php?rest_route=\/wp\/v2\/posts\/16228","targetHints":{"allow":["GET"]}}],"collection":[{"href":"https:\/\/www.sclbadenbaden.de\/index.php?rest_route=\/wp\/v2\/posts"}],"about":[{"href":"https:\/\/www.sclbadenbaden.de\/index.php?rest_route=\/wp\/v2\/types\/post"}],"author":[{"embeddable":true,"href":"https:\/\/www.sclbadenbaden.de\/index.php?rest_route=\/wp\/v2\/users\/20"}],"replies":[{"embeddable":true,"href":"https:\/\/www.sclbadenbaden.de\/index.php?rest_route=%2Fwp%2Fv2%2Fcomments&post=16228"}],"version-history":[{"count":11,"href":"https:\/\/www.sclbadenbaden.de\/index.php?rest_route=\/wp\/v2\/posts\/16228\/revisions"}],"predecessor-version":[{"id":16244,"href":"https:\/\/www.sclbadenbaden.de\/index.php?rest_route=\/wp\/v2\/posts\/16228\/revisions\/16244"}],"wp:attachment":[{"href":"https:\/\/www.sclbadenbaden.de\/index.php?rest_route=%2Fwp%2Fv2%2Fmedia&parent=16228"}],"wp:term":[{"taxonomy":"category","embeddable":true,"href":"https:\/\/www.sclbadenbaden.de\/index.php?rest_route=%2Fwp%2Fv2%2Fcategories&post=16228"},{"taxonomy":"post_tag","embeddable":true,"href":"https:\/\/www.sclbadenbaden.de\/index.php?rest_route=%2Fwp%2Fv2%2Ftags&post=16228"}],"curies":[{"name":"wp","href":"https:\/\/api.w.org\/{rel}","templated":true}]}}