{"id":16198,"date":"2020-12-23T12:19:46","date_gmt":"2020-12-23T11:19:46","guid":{"rendered":"https:\/\/www.sclbadenbaden.de\/?p=16198"},"modified":"2020-12-23T12:27:49","modified_gmt":"2020-12-23T11:27:49","slug":"der-scl-heel-trauert-um-ehrenmitglied-helmut-schweigert","status":"publish","type":"post","link":"https:\/\/www.sclbadenbaden.de\/?p=16198","title":{"rendered":"Der SCL Heel trauert um Ehrenmitglied Helmut Schweigert"},"content":{"rendered":"\n<figure class=\"wp-block-image size-large is-resized\"><a href=\"https:\/\/sclbadenbaden.de\/wp-content\/uploads\/2020\/12\/Helmut-Schweigert.jpg\"><img loading=\"lazy\" decoding=\"async\" src=\"https:\/\/sclbadenbaden.de\/wp-content\/uploads\/2020\/12\/Helmut-Schweigert.jpg\" alt=\"\" class=\"wp-image-16199\" width=\"265\" height=\"265\" srcset=\"https:\/\/www.sclbadenbaden.de\/wp-content\/uploads\/2020\/12\/Helmut-Schweigert.jpg 569w, https:\/\/www.sclbadenbaden.de\/wp-content\/uploads\/2020\/12\/Helmut-Schweigert-300x300.jpg 300w, https:\/\/www.sclbadenbaden.de\/wp-content\/uploads\/2020\/12\/Helmut-Schweigert-150x150.jpg 150w\" sizes=\"auto, (max-width: 265px) 100vw, 265px\" \/><\/a><\/figure>\n\n\n\n<p>Er war 73 Jahre Mitglied in der Baden-Badener Leichtathletik. Zun\u00e4chst beim SC Baden-Baden, ab 2005 dann beim neu gegr\u00fcndeten SCL Heel Baden-Baden: Helmut Schweigert war ein Mann der ersten Stunde, einer der die Leichtathletik in Baden-Baden nach dem Krieg wieder aufgebaut hat. Am vergangenen Samstag ist unser Ehrenmitglied im Alter von 93 Jahren verstorben.<\/p>\n\n\n\n<!--more-->\n\n\n\n<p>F\u00fcr die Leichtathletik war seine Mitgliedschaft am 1. September 1947 ein Gl\u00fccksfall. Der 20-j\u00e4hrige Helmut Schweigert brachte nicht nur Talent, sondern auch organisatorisches Geschick mit in den Sport. In den 1950er Jahren war er einer der schnellsten Sprinter in Deutschland. Mehrfach wurde er badischer Meister mit einer pers\u00f6nlichen Bestzeit von 10,6 Sekunden. Seinen gr\u00f6\u00dften sportlichen Erfolg feierte er mit einer Frankfurter 4 x 100 Meter Staffel und dem deutschen Meistertitel.<\/p>\n\n\n\n<p>Beruflich lie\u00df sich Helmut Schweigert als Steuerberater in Lichtental nieder, blieb der Leichtathletik aber zeitlebens verbunden. Er hatte gro\u00dfen Anteil an der Organisation und Ausrichtung verschiedener Landesmeisterschaften im Aumattstadion und der Vorbereitung der beiden Junioren-L\u00e4nderk\u00e4mpfe Deutschland-Frankreich in den 60er Jahren in Baden-Baden. Neben Nachwuchstraining \u00fcbernahm Helmut Schweigert auch Aufgaben beim Badischen Leichtathletik Verband.<\/p>\n\n\n\n<p>Neben dem Sport galt sein gro\u00dfes Interesse der Kultur und der Entwicklung des Festspielhauses. Seine Todesanzeige im Badischen Tagblatt liest sich wie ein Abschiedsgru\u00df: &#8222;Lebe wohl geliebtes Baden-Baden, 93 Jahre durfte ich hier wohnen&#8230;&#8220; So verabschiedet sich ein gro\u00dfer F\u00f6rderer des Sports und der Kultur von Freunden, Nachbarn und Bekannten &#8211; und gibt ihnen einen guten Wunsch mit auf den Weg: &#8222;M\u00f6ge der Wind stets in Euerm R\u00fccken sein&#8220;. SCL Heel Vorstand Bernd Hefter: &#8222;Ein gro\u00dfer Mann des Sports und der Kultur hat uns f\u00fcr immer verlassen, wir werden ihm immer dankbar sein&#8220;.<\/p>\n","protected":false},"excerpt":{"rendered":"<p>Er war 73 Jahre Mitglied in der Baden-Badener Leichtathletik. Zun\u00e4chst beim SC Baden-Baden, ab 2005 dann beim neu gegr\u00fcndeten SCL Heel Baden-Baden: Helmut Schweigert war ein Mann der ersten Stunde, einer der die Leichtathletik in Baden-Baden nach dem Krieg wieder aufgebaut hat. Am vergangenen Samstag ist unser Ehrenmitglied im Alter von 93 Jahren verstorben.<\/p>\n","protected":false},"author":20,"featured_media":0,"comment_status":"open","ping_status":"open","sticky":false,"template":"","format":"standard","meta":{"footnotes":""},"categories":[2,12],"tags":[],"class_list":["post-16198","post","type-post","status-publish","format-standard","hentry","category-berichte","category-vorstand"],"_links":{"self":[{"href":"https:\/\/www.sclbadenbaden.de\/index.php?rest_route=\/wp\/v2\/posts\/16198","targetHints":{"allow":["GET"]}}],"collection":[{"href":"https:\/\/www.sclbadenbaden.de\/index.php?rest_route=\/wp\/v2\/posts"}],"about":[{"href":"https:\/\/www.sclbadenbaden.de\/index.php?rest_route=\/wp\/v2\/types\/post"}],"author":[{"embeddable":true,"href":"https:\/\/www.sclbadenbaden.de\/index.php?rest_route=\/wp\/v2\/users\/20"}],"replies":[{"embeddable":true,"href":"https:\/\/www.sclbadenbaden.de\/index.php?rest_route=%2Fwp%2Fv2%2Fcomments&post=16198"}],"version-history":[{"count":5,"href":"https:\/\/www.sclbadenbaden.de\/index.php?rest_route=\/wp\/v2\/posts\/16198\/revisions"}],"predecessor-version":[{"id":16204,"href":"https:\/\/www.sclbadenbaden.de\/index.php?rest_route=\/wp\/v2\/posts\/16198\/revisions\/16204"}],"wp:attachment":[{"href":"https:\/\/www.sclbadenbaden.de\/index.php?rest_route=%2Fwp%2Fv2%2Fmedia&parent=16198"}],"wp:term":[{"taxonomy":"category","embeddable":true,"href":"https:\/\/www.sclbadenbaden.de\/index.php?rest_route=%2Fwp%2Fv2%2Fcategories&post=16198"},{"taxonomy":"post_tag","embeddable":true,"href":"https:\/\/www.sclbadenbaden.de\/index.php?rest_route=%2Fwp%2Fv2%2Ftags&post=16198"}],"curies":[{"name":"wp","href":"https:\/\/api.w.org\/{rel}","templated":true}]}}