{"id":16173,"date":"2020-12-19T12:09:41","date_gmt":"2020-12-19T11:09:41","guid":{"rendered":"https:\/\/www.sclbadenbaden.de\/?p=16173"},"modified":"2020-12-19T13:10:35","modified_gmt":"2020-12-19T12:10:35","slug":"sara-rosch-im-european-starters-panel","status":"publish","type":"post","link":"https:\/\/www.sclbadenbaden.de\/?p=16173","title":{"rendered":"Sara Rosch im European Starters Panel"},"content":{"rendered":"\n<figure class=\"wp-block-image size-large is-resized\"><a href=\"https:\/\/sclbadenbaden.de\/wp-content\/uploads\/2020\/12\/Sara-Rosch-gross.jpg\"><img loading=\"lazy\" decoding=\"async\" src=\"https:\/\/sclbadenbaden.de\/wp-content\/uploads\/2020\/12\/Sara-Rosch-gross.jpg\" alt=\"\" class=\"wp-image-16174\" width=\"179\" height=\"178\" srcset=\"https:\/\/www.sclbadenbaden.de\/wp-content\/uploads\/2020\/12\/Sara-Rosch-gross.jpg 894w, https:\/\/www.sclbadenbaden.de\/wp-content\/uploads\/2020\/12\/Sara-Rosch-gross-300x300.jpg 300w, https:\/\/www.sclbadenbaden.de\/wp-content\/uploads\/2020\/12\/Sara-Rosch-gross-150x150.jpg 150w, https:\/\/www.sclbadenbaden.de\/wp-content\/uploads\/2020\/12\/Sara-Rosch-gross-768x769.jpg 768w\" sizes=\"auto, (max-width: 179px) 100vw, 179px\" \/><\/a><\/figure>\n\n\n\n<p>Der Europ\u00e4ische Leichtathletik-Verband hat Sara Rosch, Tochter von SCL Heel-Trainerin Heidrun Rosch, als Starterin in das European Starters Panel berufen. Von 2021 bis 2024&nbsp; kann sie damit bei Europameisterschaften in der Leichtathletik international eingesetzt werden. <\/p>\n\n\n\n<!--more-->\n\n\n\n<p>Schon bei der EM in Berlin war Sara Rosch die Chef-Starterin. Ihre Berufung erfolgte zusammen mit sieben weiteren Startern aus f\u00fcnf L\u00e4ndern. Vorausgegangen war ein halbj\u00e4hriger online-Kurs mit einer umfangreichten schriftlichen und m\u00fcndlichen Pr\u00fcfung im November. So konnte sich Sara Rosch unter 17 finalen Pr\u00fcfungsteilnehmern erfolgreich qualifizieren. Nachdem Wilfried Fittko altersbedingt aus dem Panel ausgeschieden ist, wird der DLV auch in den n\u00e4chsten vier Jahren in diesem europ\u00e4ischen Wettkampfgremium vertreten sein. Wir sagen: herzlichen Gl\u00fcckwunsch liebe Sara!<\/p>\n","protected":false},"excerpt":{"rendered":"<p>Der Europ\u00e4ische Leichtathletik-Verband hat Sara Rosch, Tochter von SCL Heel-Trainerin Heidrun Rosch, als Starterin in das European Starters Panel berufen. Von 2021 bis 2024&nbsp; kann sie damit bei Europameisterschaften in der Leichtathletik international eingesetzt werden.<\/p>\n","protected":false},"author":20,"featured_media":0,"comment_status":"open","ping_status":"open","sticky":false,"template":"","format":"standard","meta":{"footnotes":""},"categories":[2],"tags":[],"class_list":["post-16173","post","type-post","status-publish","format-standard","hentry","category-berichte"],"_links":{"self":[{"href":"https:\/\/www.sclbadenbaden.de\/index.php?rest_route=\/wp\/v2\/posts\/16173","targetHints":{"allow":["GET"]}}],"collection":[{"href":"https:\/\/www.sclbadenbaden.de\/index.php?rest_route=\/wp\/v2\/posts"}],"about":[{"href":"https:\/\/www.sclbadenbaden.de\/index.php?rest_route=\/wp\/v2\/types\/post"}],"author":[{"embeddable":true,"href":"https:\/\/www.sclbadenbaden.de\/index.php?rest_route=\/wp\/v2\/users\/20"}],"replies":[{"embeddable":true,"href":"https:\/\/www.sclbadenbaden.de\/index.php?rest_route=%2Fwp%2Fv2%2Fcomments&post=16173"}],"version-history":[{"count":5,"href":"https:\/\/www.sclbadenbaden.de\/index.php?rest_route=\/wp\/v2\/posts\/16173\/revisions"}],"predecessor-version":[{"id":16186,"href":"https:\/\/www.sclbadenbaden.de\/index.php?rest_route=\/wp\/v2\/posts\/16173\/revisions\/16186"}],"wp:attachment":[{"href":"https:\/\/www.sclbadenbaden.de\/index.php?rest_route=%2Fwp%2Fv2%2Fmedia&parent=16173"}],"wp:term":[{"taxonomy":"category","embeddable":true,"href":"https:\/\/www.sclbadenbaden.de\/index.php?rest_route=%2Fwp%2Fv2%2Fcategories&post=16173"},{"taxonomy":"post_tag","embeddable":true,"href":"https:\/\/www.sclbadenbaden.de\/index.php?rest_route=%2Fwp%2Fv2%2Ftags&post=16173"}],"curies":[{"name":"wp","href":"https:\/\/api.w.org\/{rel}","templated":true}]}}