{"id":16087,"date":"2020-12-01T21:57:53","date_gmt":"2020-12-01T20:57:53","guid":{"rendered":"https:\/\/www.sclbadenbaden.de\/?p=16087"},"modified":"2020-12-01T22:20:05","modified_gmt":"2020-12-01T21:20:05","slug":"16087","status":"publish","type":"post","link":"https:\/\/www.sclbadenbaden.de\/?p=16087","title":{"rendered":"SCL Heel mit f\u00fcnf neuen Top-Athleten"},"content":{"rendered":"\n<p>Che \u2013 Oktober und November kann das Startrecht gewechselt werden. Athleten d\u00fcrfen sich in dieser Zeit entscheiden, f\u00fcr welchen Club sie k\u00fcnftig starten wollen. Der SCL Heel begr\u00fc\u00dft jetzt f\u00fcnf neue Sportlerinnen und Sportler, die in der n\u00e4chsten Saison die SCL Farben tragen. Das sind die f\u00fcnf Neuen: Christin Rodinger, Corinne Gibilisco, Silvia Cormaci, Elke Wagner und Jonas Falk. Hier stellen wir sie vor:<\/p>\n\n\n\n<!--more-->\n\n\n\n<figure class=\"wp-block-image size-large is-resized\"><img loading=\"lazy\" decoding=\"async\" src=\"https:\/\/sclbadenbaden.de\/wp-content\/uploads\/2020\/12\/Christin-Rodinger-q-1024x1024.jpg\" alt=\"\" class=\"wp-image-16088\" width=\"359\" height=\"359\" srcset=\"https:\/\/www.sclbadenbaden.de\/wp-content\/uploads\/2020\/12\/Christin-Rodinger-q-1024x1024.jpg 1024w, https:\/\/www.sclbadenbaden.de\/wp-content\/uploads\/2020\/12\/Christin-Rodinger-q-300x300.jpg 300w, https:\/\/www.sclbadenbaden.de\/wp-content\/uploads\/2020\/12\/Christin-Rodinger-q-150x150.jpg 150w, https:\/\/www.sclbadenbaden.de\/wp-content\/uploads\/2020\/12\/Christin-Rodinger-q-768x767.jpg 768w, https:\/\/www.sclbadenbaden.de\/wp-content\/uploads\/2020\/12\/Christin-Rodinger-q.jpg 1489w\" sizes=\"auto, (max-width: 359px) 100vw, 359px\" \/><figcaption>Christin Rodinger<\/figcaption><\/figure>\n\n\n\n<p><strong>Christin Rodinger<\/strong> wechselt von der LG Tuttlingen-Friedingen an die Oos. Schon im September hat die Heel-Auszubildende in der Trainingsgruppe von Ina Paaschen angedockt und trainiert drei bis vier Mal die Woche. Christin ist Siebenk\u00e4mpferin, hat also eine Menge Disziplinen zu absolvieren und bringt einen sch\u00f6nen Erfolg mit. Bei den baden-w\u00fcrttembergischen U20 Meisterschaften im Siebenkampf wurde sie Dritte.<\/p>\n\n\n\n<figure class=\"wp-block-image size-large is-resized\"><img loading=\"lazy\" decoding=\"async\" src=\"https:\/\/sclbadenbaden.de\/wp-content\/uploads\/2020\/12\/Corinne-Gibilisco2q-1024x1024.jpeg\" alt=\"\" class=\"wp-image-16089\" width=\"368\" height=\"368\" srcset=\"https:\/\/www.sclbadenbaden.de\/wp-content\/uploads\/2020\/12\/Corinne-Gibilisco2q-1024x1024.jpeg 1024w, https:\/\/www.sclbadenbaden.de\/wp-content\/uploads\/2020\/12\/Corinne-Gibilisco2q-300x300.jpeg 300w, https:\/\/www.sclbadenbaden.de\/wp-content\/uploads\/2020\/12\/Corinne-Gibilisco2q-150x150.jpeg 150w, https:\/\/www.sclbadenbaden.de\/wp-content\/uploads\/2020\/12\/Corinne-Gibilisco2q-768x768.jpeg 768w, https:\/\/www.sclbadenbaden.de\/wp-content\/uploads\/2020\/12\/Corinne-Gibilisco2q-1536x1536.jpeg 1536w, https:\/\/www.sclbadenbaden.de\/wp-content\/uploads\/2020\/12\/Corinne-Gibilisco2q-2048x2048.jpeg 2048w\" sizes=\"auto, (max-width: 368px) 100vw, 368px\" \/><figcaption>Corinne Gibilisco<\/figcaption><\/figure>\n\n\n\n<p><strong>Corinne Gibilisco<\/strong> ist eine pfeilschnelle U20 Sprinterin, die vom SR Yburg -Steinbach ins Team von Ina Paaschen zum SCL wechselt. Im Sommer lie\u00df sie es bei den baden-w\u00fcrttembergischen Meisterschaften krachen, trommelte in 12,11 Sekunden \u00fcber die 100 Meter. Sie ist mit dieser Zeit die schnellste U20 Sprinterin in Baden-W\u00fcrttemberg. Neben neuen sportlichen Herausforderungen steht bei Corinne im n\u00e4chsten Jahr das Abitur an. Als deutsche und italienische Staatsb\u00fcrgerin kann sie sowohl an deutschen als auch an italienischen Meisterschaften teilnehmen.<\/p>\n\n\n\n<figure class=\"wp-block-image size-large is-resized\"><img loading=\"lazy\" decoding=\"async\" src=\"https:\/\/sclbadenbaden.de\/wp-content\/uploads\/2020\/12\/Silvia-Cormaci2q-1024x1024.jpeg\" alt=\"\" class=\"wp-image-16091\" width=\"398\" height=\"398\" srcset=\"https:\/\/www.sclbadenbaden.de\/wp-content\/uploads\/2020\/12\/Silvia-Cormaci2q-1024x1024.jpeg 1024w, https:\/\/www.sclbadenbaden.de\/wp-content\/uploads\/2020\/12\/Silvia-Cormaci2q-300x300.jpeg 300w, https:\/\/www.sclbadenbaden.de\/wp-content\/uploads\/2020\/12\/Silvia-Cormaci2q-150x150.jpeg 150w, https:\/\/www.sclbadenbaden.de\/wp-content\/uploads\/2020\/12\/Silvia-Cormaci2q-768x768.jpeg 768w, https:\/\/www.sclbadenbaden.de\/wp-content\/uploads\/2020\/12\/Silvia-Cormaci2q.jpeg 1184w\" sizes=\"auto, (max-width: 398px) 100vw, 398px\" \/><figcaption>Silvia Cormaci<\/figcaption><\/figure>\n\n\n\n<p><strong>Silvia Cormaci<\/strong> ist die neue Geherin im SCL Heel. Die 26-j\u00e4hrige Italienerin aus Prato bei Florenz setzt ihr Jura-Studium in Freiburg fort. Sportlich f\u00fchlt sie sich beim Race-Walken ebenso wohl wie beim Laufen. Selbst 3000 Meter Hindernis und Halbmarathon geh\u00f6ren in ihr Repertoire. Im Gehen ist sie toskanische Meisterin und Achte der italienischen Meisterschaften. Im Studium setzt sie sich derzeit mit zwei hochspannenden Themen auseinander: Sportrecht und juristische Fragen rund um k\u00fcnstliche Intelligenz.<\/p>\n\n\n\n<figure class=\"wp-block-image size-large is-resized\"><img loading=\"lazy\" decoding=\"async\" src=\"https:\/\/sclbadenbaden.de\/wp-content\/uploads\/2020\/12\/Elke-Wagner-q.jpg\" alt=\"\" class=\"wp-image-16092\" width=\"391\" height=\"391\" srcset=\"https:\/\/www.sclbadenbaden.de\/wp-content\/uploads\/2020\/12\/Elke-Wagner-q.jpg 537w, https:\/\/www.sclbadenbaden.de\/wp-content\/uploads\/2020\/12\/Elke-Wagner-q-300x300.jpg 300w, https:\/\/www.sclbadenbaden.de\/wp-content\/uploads\/2020\/12\/Elke-Wagner-q-150x150.jpg 150w\" sizes=\"auto, (max-width: 391px) 100vw, 391px\" \/><figcaption>Elke Wagner<\/figcaption><\/figure>\n\n\n\n<p><strong>Elke Wagner<\/strong> wechselt von der TG \u00d6tigheim zum&nbsp; SCL Heel. Beruflich ist sie Diplom-Ingenieurin mit Schwerpunk betriebliche Sicherheit. Sportlich hat sie sich der Langstrecke verschrieben und sich der Laufgruppe um Stephan Sch\u00fcrer angeschlossen. Sie mag es hart, experimentiert mit Trail- und Bergl\u00e4ufen, belegte bei den BW-Trails in ihrer Altersklasse Platz vier und war zuletzt auch drittschnellste Frau ihrer Klasse beim Heel-Lauf \u00fcber 5 Kilometer.<\/p>\n\n\n\n<figure class=\"wp-block-image size-large is-resized\"><img loading=\"lazy\" decoding=\"async\" src=\"https:\/\/sclbadenbaden.de\/wp-content\/uploads\/2020\/12\/Jonas-Falk-q.jpg\" alt=\"\" class=\"wp-image-16093\" width=\"404\" height=\"404\" srcset=\"https:\/\/www.sclbadenbaden.de\/wp-content\/uploads\/2020\/12\/Jonas-Falk-q.jpg 876w, https:\/\/www.sclbadenbaden.de\/wp-content\/uploads\/2020\/12\/Jonas-Falk-q-300x300.jpg 300w, https:\/\/www.sclbadenbaden.de\/wp-content\/uploads\/2020\/12\/Jonas-Falk-q-150x150.jpg 150w, https:\/\/www.sclbadenbaden.de\/wp-content\/uploads\/2020\/12\/Jonas-Falk-q-768x768.jpg 768w\" sizes=\"auto, (max-width: 404px) 100vw, 404px\" \/><figcaption>Jonas Falk mit Trainer Adam Domicz<\/figcaption><\/figure>\n\n\n\n<p><strong>Jonas Falk<\/strong> kehrt nach einem Jahr LG Region-Karlsruhe zur\u00fcck zu Trainer Adam Domicz und dem SCL Heel. Der Frust \u00fcber seine andauernden Verletzungen hatte ihn vor einem Jahr wechseln lassen, doch in Karlsruhe wurde nichts besser. Jetzt ist er mit neuer Motivation und besseren Perspektiven zur\u00fcck. Als es 2018 bei ihm noch rund lief, gewann er in der U 16 neben vier badischen Titeln im Kurz- und Langsprint auch die S\u00fcddeutsche Meisterschaft \u00fcber 300 Meter und holte sich zwei Kreisrekorde.<\/p>\n","protected":false},"excerpt":{"rendered":"<p>Che \u2013 Oktober und November kann das Startrecht gewechselt werden. Athleten d\u00fcrfen sich in dieser Zeit entscheiden, f\u00fcr welchen Club sie k\u00fcnftig starten wollen. Der SCL Heel begr\u00fc\u00dft jetzt f\u00fcnf neue Sportlerinnen und Sportler, die in der n\u00e4chsten Saison die SCL Farben tragen. Das sind die f\u00fcnf Neuen: Christin Rodinger, Corinne Gibilisco, Silvia Cormaci, Elke [&hellip;]<\/p>\n","protected":false},"author":20,"featured_media":0,"comment_status":"open","ping_status":"open","sticky":false,"template":"","format":"standard","meta":{"footnotes":""},"categories":[2,12],"tags":[],"class_list":["post-16087","post","type-post","status-publish","format-standard","hentry","category-berichte","category-vorstand"],"_links":{"self":[{"href":"https:\/\/www.sclbadenbaden.de\/index.php?rest_route=\/wp\/v2\/posts\/16087","targetHints":{"allow":["GET"]}}],"collection":[{"href":"https:\/\/www.sclbadenbaden.de\/index.php?rest_route=\/wp\/v2\/posts"}],"about":[{"href":"https:\/\/www.sclbadenbaden.de\/index.php?rest_route=\/wp\/v2\/types\/post"}],"author":[{"embeddable":true,"href":"https:\/\/www.sclbadenbaden.de\/index.php?rest_route=\/wp\/v2\/users\/20"}],"replies":[{"embeddable":true,"href":"https:\/\/www.sclbadenbaden.de\/index.php?rest_route=%2Fwp%2Fv2%2Fcomments&post=16087"}],"version-history":[{"count":6,"href":"https:\/\/www.sclbadenbaden.de\/index.php?rest_route=\/wp\/v2\/posts\/16087\/revisions"}],"predecessor-version":[{"id":16101,"href":"https:\/\/www.sclbadenbaden.de\/index.php?rest_route=\/wp\/v2\/posts\/16087\/revisions\/16101"}],"wp:attachment":[{"href":"https:\/\/www.sclbadenbaden.de\/index.php?rest_route=%2Fwp%2Fv2%2Fmedia&parent=16087"}],"wp:term":[{"taxonomy":"category","embeddable":true,"href":"https:\/\/www.sclbadenbaden.de\/index.php?rest_route=%2Fwp%2Fv2%2Fcategories&post=16087"},{"taxonomy":"post_tag","embeddable":true,"href":"https:\/\/www.sclbadenbaden.de\/index.php?rest_route=%2Fwp%2Fv2%2Ftags&post=16087"}],"curies":[{"name":"wp","href":"https:\/\/api.w.org\/{rel}","templated":true}]}}