{"id":16017,"date":"2020-10-23T14:19:38","date_gmt":"2020-10-23T13:19:38","guid":{"rendered":"https:\/\/www.sclbadenbaden.de\/?p=16017"},"modified":"2020-10-23T14:29:14","modified_gmt":"2020-10-23T13:29:14","slug":"carl-dohmann-im-50-kilometer-haertetest","status":"publish","type":"post","link":"https:\/\/www.sclbadenbaden.de\/?p=16017","title":{"rendered":"Carl Dohmann morgen im 50 Kilometer H\u00e4rtetest \/ Livestream ab 8 Uhr"},"content":{"rendered":"\n<figure class=\"wp-block-image size-large\"><img loading=\"lazy\" decoding=\"async\" width=\"1024\" height=\"576\" src=\"https:\/\/sclbadenbaden.de\/wp-content\/uploads\/2020\/10\/IMG_2514-neu-1024x576.jpg\" alt=\"\" class=\"wp-image-16018\" srcset=\"https:\/\/www.sclbadenbaden.de\/wp-content\/uploads\/2020\/10\/IMG_2514-neu-1024x576.jpg 1024w, https:\/\/www.sclbadenbaden.de\/wp-content\/uploads\/2020\/10\/IMG_2514-neu-300x169.jpg 300w, https:\/\/www.sclbadenbaden.de\/wp-content\/uploads\/2020\/10\/IMG_2514-neu-150x84.jpg 150w, https:\/\/www.sclbadenbaden.de\/wp-content\/uploads\/2020\/10\/IMG_2514-neu-768x432.jpg 768w, https:\/\/www.sclbadenbaden.de\/wp-content\/uploads\/2020\/10\/IMG_2514-neu-1536x864.jpg 1536w, https:\/\/www.sclbadenbaden.de\/wp-content\/uploads\/2020\/10\/IMG_2514-neu-2048x1152.jpg 2048w\" sizes=\"auto, (max-width: 1024px) 100vw, 1024px\" \/><figcaption>Nathaniel Seiler und Carl Dohmann starten in Dudince \u00fcber 50 Kilometer<\/figcaption><\/figure>\n\n\n\n<p>Dudince ist eine Kur- und Wellness-Stadt in der Slowakei. Dudince ist aber auch eine Hochburg der Race-Walker. Hier werden gerne die ganz langen Strecken gegangen, 50 Kilometer f\u00fcr M\u00e4nner und Frauen. Am morgigen Samstag steht der Extrem-Race-Walk wieder auf dem Programm. Carl Dohmann vom SCL Heel ist dabei. Es ist f\u00fcr ihn das einzige 50 Kilometer-Rennen in diesem Jahr, der Ersatz f\u00fcr die Olympischen Spiele in Tokio.<\/p>\n\n\n\n<!--more-->\n\n\n\n<p>Corona bedingt ist das Feld klein, aber auserlesen. F\u00fcr Carl Dohmann gibt es ein Wiedersehen mit dem Olympiasieger von Rio, Matej Toth (Slowakei). Gemeldet sind nur 12 M\u00e4nner, einige mit Bestzeiten von 3:50 Stunden und besser. Aus dem mittelbadischen sind mit Carl Dohmann und Nathaniel Seiler (TV B\u00fchlertal) zwei Athleten mit Trainer Robert Ihly vertreten. F\u00fcr beide geht es um die Olympianorm f\u00fcr das kommende Jahr. Vor dem morgigen Start mussten sich alle drei zwei Corona-Tests unterziehen.<\/p>\n\n\n\n<p>Carl will es zun\u00e4chst langsam angehen lassen, er plant f\u00fcr die ersten 30 Kilometer einen 1000-Meter-Schnitt von 4:36 Minuten. Wenn dann die Kondition reicht, will er die letzten 20 Kilometer Dampf machen und, wie schon so oft, das Feld von hinten aufrollen.<\/p>\n\n\n\n<p>&#8222;Mir fehlt in diesem Jahr die Standortbestimmung f\u00fcr die langen 50 Kilometer. Das Training war das ganze Jahr auf schnelle 20 Kilometer ausgelegt. Als Ziel peile ich eine Zeit um 3:50 Stunden an&#8220;, schreibt Carl in einer WhatsApp. Wir dr\u00fccken die Daumen. Das Rennen ist im Livestream ab Samstag Morgen 8 Uhr unter <a href=\"http:\/\/dudinska50.sk\/\">www.dudinska50.sk<\/a> zu sehen.  <\/p>\n\n\n\n<p>Carls Bestzeit \u00fcber 50 Kilometer steht bei 3:45,21 Stunden, gegangen bei der Weltmeisterschaft in London. In diesem Jahr schaffte er \u00fcber 20 Kilometer mit 1:22 Stunden seine bislang zweitbeste Zeit \u00fcber die &#8222;kurze&#8220; Strecke.<\/p>\n","protected":false},"excerpt":{"rendered":"<p>Dudince ist eine Kur- und Wellness-Stadt in der Slowakei. Dudince ist aber auch eine Hochburg der Race-Walker. Hier werden gerne die ganz langen Strecken gegangen, 50 Kilometer f\u00fcr M\u00e4nner und Frauen. Am morgigen Samstag steht der Extrem-Race-Walk wieder auf dem Programm. Carl Dohmann vom SCL Heel ist dabei. Es ist f\u00fcr ihn das einzige 50 [&hellip;]<\/p>\n","protected":false},"author":20,"featured_media":0,"comment_status":"open","ping_status":"open","sticky":false,"template":"","format":"standard","meta":{"footnotes":""},"categories":[2,5],"tags":[],"class_list":["post-16017","post","type-post","status-publish","format-standard","hentry","category-berichte","category-internationalemeisterschaften"],"_links":{"self":[{"href":"https:\/\/www.sclbadenbaden.de\/index.php?rest_route=\/wp\/v2\/posts\/16017","targetHints":{"allow":["GET"]}}],"collection":[{"href":"https:\/\/www.sclbadenbaden.de\/index.php?rest_route=\/wp\/v2\/posts"}],"about":[{"href":"https:\/\/www.sclbadenbaden.de\/index.php?rest_route=\/wp\/v2\/types\/post"}],"author":[{"embeddable":true,"href":"https:\/\/www.sclbadenbaden.de\/index.php?rest_route=\/wp\/v2\/users\/20"}],"replies":[{"embeddable":true,"href":"https:\/\/www.sclbadenbaden.de\/index.php?rest_route=%2Fwp%2Fv2%2Fcomments&post=16017"}],"version-history":[{"count":4,"href":"https:\/\/www.sclbadenbaden.de\/index.php?rest_route=\/wp\/v2\/posts\/16017\/revisions"}],"predecessor-version":[{"id":16022,"href":"https:\/\/www.sclbadenbaden.de\/index.php?rest_route=\/wp\/v2\/posts\/16017\/revisions\/16022"}],"wp:attachment":[{"href":"https:\/\/www.sclbadenbaden.de\/index.php?rest_route=%2Fwp%2Fv2%2Fmedia&parent=16017"}],"wp:term":[{"taxonomy":"category","embeddable":true,"href":"https:\/\/www.sclbadenbaden.de\/index.php?rest_route=%2Fwp%2Fv2%2Fcategories&post=16017"},{"taxonomy":"post_tag","embeddable":true,"href":"https:\/\/www.sclbadenbaden.de\/index.php?rest_route=%2Fwp%2Fv2%2Ftags&post=16017"}],"curies":[{"name":"wp","href":"https:\/\/api.w.org\/{rel}","templated":true}]}}