{"id":16002,"date":"2020-10-18T18:30:43","date_gmt":"2020-10-18T17:30:43","guid":{"rendered":"https:\/\/www.sclbadenbaden.de\/?p=16002"},"modified":"2020-10-18T18:31:00","modified_gmt":"2020-10-18T17:31:00","slug":"bianca-maria-dittrich-gewinnt-badische-meisterschaft-mit-kreisrekord","status":"publish","type":"post","link":"https:\/\/www.sclbadenbaden.de\/?p=16002","title":{"rendered":"Bianca Maria Dittrich gewinnt badische Meisterschaft mit Kreisrekord"},"content":{"rendered":"\n<figure class=\"wp-block-image size-large\"><img loading=\"lazy\" decoding=\"async\" width=\"1024\" height=\"576\" src=\"https:\/\/sclbadenbaden.de\/wp-content\/uploads\/2020\/10\/IMG_2710-breit-1024x576.jpg\" alt=\"\" class=\"wp-image-16003\" srcset=\"https:\/\/www.sclbadenbaden.de\/wp-content\/uploads\/2020\/10\/IMG_2710-breit-1024x576.jpg 1024w, https:\/\/www.sclbadenbaden.de\/wp-content\/uploads\/2020\/10\/IMG_2710-breit-300x169.jpg 300w, https:\/\/www.sclbadenbaden.de\/wp-content\/uploads\/2020\/10\/IMG_2710-breit-150x84.jpg 150w, https:\/\/www.sclbadenbaden.de\/wp-content\/uploads\/2020\/10\/IMG_2710-breit-768x432.jpg 768w, https:\/\/www.sclbadenbaden.de\/wp-content\/uploads\/2020\/10\/IMG_2710-breit-1536x864.jpg 1536w, https:\/\/www.sclbadenbaden.de\/wp-content\/uploads\/2020\/10\/IMG_2710-breit-2048x1152.jpg 2048w\" sizes=\"auto, (max-width: 1024px) 100vw, 1024px\" \/><\/figure>\n\n\n\n<p>Che \u2013 Es ist in Biberach f\u00fcr Bianca\nMaria Dittrich richtig rund gelaufen: Ein Rennen, zwei Wettbewerbe und beste Performance.\nAm Ende ging sie strahlend und gl\u00fccklich \u00fcber die Ziellinie. Nach viel\nVerletzungspech waren die badischen Geher-Meisterschaften f\u00fcr sie ein Wettkampf\nnach Ma\u00df. <\/p>\n\n\n\n<p>Ein Rennen \u2013 zwei Wettbewerbe: Bianca startete im Feld der 20 Kilometer Race-Walker, nahm mit ihrem 10 Kilometer-Zwischenergebnis gleichzeitig an den badischen Meisterschaften teil. Vom Start an lie\u00df sie nichts anbrennen, \u00fcbernahm die F\u00fchrung im Damenfeld und holte sich souver\u00e4n den Landestitel in 52:35 Minuten.<\/p>\n\n\n\n<!--more-->\n\n\n\n<figure class=\"wp-block-image size-large\"><img loading=\"lazy\" decoding=\"async\" width=\"1024\" height=\"576\" src=\"https:\/\/sclbadenbaden.de\/wp-content\/uploads\/2020\/10\/IMG_2805-breit-1024x576.jpg\" alt=\"\" class=\"wp-image-16004\" srcset=\"https:\/\/www.sclbadenbaden.de\/wp-content\/uploads\/2020\/10\/IMG_2805-breit-1024x576.jpg 1024w, https:\/\/www.sclbadenbaden.de\/wp-content\/uploads\/2020\/10\/IMG_2805-breit-300x169.jpg 300w, https:\/\/www.sclbadenbaden.de\/wp-content\/uploads\/2020\/10\/IMG_2805-breit-150x84.jpg 150w, https:\/\/www.sclbadenbaden.de\/wp-content\/uploads\/2020\/10\/IMG_2805-breit-768x432.jpg 768w, https:\/\/www.sclbadenbaden.de\/wp-content\/uploads\/2020\/10\/IMG_2805-breit-1536x864.jpg 1536w, https:\/\/www.sclbadenbaden.de\/wp-content\/uploads\/2020\/10\/IMG_2805-breit-2048x1152.jpg 2048w\" sizes=\"auto, (max-width: 1024px) 100vw, 1024px\" \/><figcaption>Trainer Robert Ihly, Bianca Maria Dittrich<\/figcaption><\/figure>\n\n\n\n<p>Die Herausforderung waren dann die folgenden zehn\nKilometer. Alle Damen hatten sich nach 10 Kilometern verabschiedet, Bianca\nDittrich k\u00e4mpfte sich im M\u00e4nnerfeld eisern \u00fcber den eckigen Biberacher\nRundkurs. Zwei Strafwertungen hatten ihr die Gehrichter schon verpasst, f\u00fcr\nunsaubere Beinarbeit. Eine dritte Verwarnung h\u00e4tte unweigerlich zur\nDisqualifikation gef\u00fchrt. Also nahm sie das Tempo etwas zur\u00fcck. \u201eIch hatte totale\nSorge, die Gehrichter zeigen mir 50 Meter vor dem Ziel die rote Karte\u201c, sagte\nsie unmittelbar nach dem Rennen. Es gab keine rote Karte daf\u00fcr noch einen Sieg\n\u00fcber 20 Kilometer in 1:45,30 Stunden.<\/p>\n\n\n\n<figure class=\"wp-block-image size-large\"><img loading=\"lazy\" decoding=\"async\" width=\"1024\" height=\"576\" src=\"https:\/\/sclbadenbaden.de\/wp-content\/uploads\/2020\/10\/IMG_2810-breit-1024x576.jpg\" alt=\"\" class=\"wp-image-16008\" srcset=\"https:\/\/www.sclbadenbaden.de\/wp-content\/uploads\/2020\/10\/IMG_2810-breit-1024x576.jpg 1024w, https:\/\/www.sclbadenbaden.de\/wp-content\/uploads\/2020\/10\/IMG_2810-breit-300x169.jpg 300w, https:\/\/www.sclbadenbaden.de\/wp-content\/uploads\/2020\/10\/IMG_2810-breit-150x84.jpg 150w, https:\/\/www.sclbadenbaden.de\/wp-content\/uploads\/2020\/10\/IMG_2810-breit-768x432.jpg 768w, https:\/\/www.sclbadenbaden.de\/wp-content\/uploads\/2020\/10\/IMG_2810-breit-1536x864.jpg 1536w, https:\/\/www.sclbadenbaden.de\/wp-content\/uploads\/2020\/10\/IMG_2810-breit-2048x1152.jpg 2048w\" sizes=\"auto, (max-width: 1024px) 100vw, 1024px\" \/><\/figure>\n\n\n\n<p>Was diese Zeit wert ist, zeigt ein Blick in die\nStatistik: Platz 1 in der deutschen Bestenliste und den Kreisrekord um \u00fcber\nzwei Minuten verbessert.<\/p>\n\n\n\n<figure class=\"wp-block-image size-large\"><img loading=\"lazy\" decoding=\"async\" width=\"1024\" height=\"576\" src=\"https:\/\/sclbadenbaden.de\/wp-content\/uploads\/2020\/10\/IMG_2753-breit-1024x576.jpg\" alt=\"\" class=\"wp-image-16006\" srcset=\"https:\/\/www.sclbadenbaden.de\/wp-content\/uploads\/2020\/10\/IMG_2753-breit-1024x576.jpg 1024w, https:\/\/www.sclbadenbaden.de\/wp-content\/uploads\/2020\/10\/IMG_2753-breit-300x169.jpg 300w, https:\/\/www.sclbadenbaden.de\/wp-content\/uploads\/2020\/10\/IMG_2753-breit-150x84.jpg 150w, https:\/\/www.sclbadenbaden.de\/wp-content\/uploads\/2020\/10\/IMG_2753-breit-768x432.jpg 768w, https:\/\/www.sclbadenbaden.de\/wp-content\/uploads\/2020\/10\/IMG_2753-breit-1536x864.jpg 1536w, https:\/\/www.sclbadenbaden.de\/wp-content\/uploads\/2020\/10\/IMG_2753-breit-2048x1153.jpg 2048w\" sizes=\"auto, (max-width: 1024px) 100vw, 1024px\" \/><figcaption>Carl Dohmann, Nathaniel Seiler<\/figcaption><\/figure>\n\n\n\n<p>F\u00fcr SCL Heel Race-Walker Carl Dohmann waren die 20\nKilometer ein Trainingsrennen zwischen den 20 Kilometern von Podebrady\n(Tschechien), vergangenes Wochenende, und den 50 Kilometern von Dudince\n(Slowakei) am kommenden Wochenende. Dort m\u00f6chte er f\u00fcr Tokio 2021 alles perfekt\nmachen und mit einem schnellen Rennen \u00fcberzeugen.<\/p>\n\n\n\n<p>In Biberach ging Carl mit seinem Trainingspartner Nathaniel\nSeiler (TV B\u00fchlertal) 19,5 Kilometer Seite an Seite. Als Nathaniel auf den\nletzten Metern den Spurt anzog wollte Carl nicht kontern, um Kr\u00e4fte f\u00fcr Dudince\nzu schonen. Gold f\u00fcr Nathaniel Seiler, Silber f\u00fcr Carl Dohmann in 1:31,31\nStunden. In Podebrady war er rund acht Minuten schneller. <\/p>\n","protected":false},"excerpt":{"rendered":"<p>Che \u2013 Es ist in Biberach f\u00fcr Bianca Maria Dittrich richtig rund gelaufen: Ein Rennen, zwei Wettbewerbe und beste Performance. Am Ende ging sie strahlend und gl\u00fccklich \u00fcber die Ziellinie. Nach viel Verletzungspech waren die badischen Geher-Meisterschaften f\u00fcr sie ein Wettkampf nach Ma\u00df. Ein Rennen \u2013 zwei Wettbewerbe: Bianca startete im Feld der 20 Kilometer [&hellip;]<\/p>\n","protected":false},"author":20,"featured_media":0,"comment_status":"open","ping_status":"open","sticky":false,"template":"","format":"standard","meta":{"footnotes":""},"categories":[1,2],"tags":[],"class_list":["post-16002","post","type-post","status-publish","format-standard","hentry","category-badische-meisterschaften","category-berichte"],"_links":{"self":[{"href":"https:\/\/www.sclbadenbaden.de\/index.php?rest_route=\/wp\/v2\/posts\/16002","targetHints":{"allow":["GET"]}}],"collection":[{"href":"https:\/\/www.sclbadenbaden.de\/index.php?rest_route=\/wp\/v2\/posts"}],"about":[{"href":"https:\/\/www.sclbadenbaden.de\/index.php?rest_route=\/wp\/v2\/types\/post"}],"author":[{"embeddable":true,"href":"https:\/\/www.sclbadenbaden.de\/index.php?rest_route=\/wp\/v2\/users\/20"}],"replies":[{"embeddable":true,"href":"https:\/\/www.sclbadenbaden.de\/index.php?rest_route=%2Fwp%2Fv2%2Fcomments&post=16002"}],"version-history":[{"count":1,"href":"https:\/\/www.sclbadenbaden.de\/index.php?rest_route=\/wp\/v2\/posts\/16002\/revisions"}],"predecessor-version":[{"id":16009,"href":"https:\/\/www.sclbadenbaden.de\/index.php?rest_route=\/wp\/v2\/posts\/16002\/revisions\/16009"}],"wp:attachment":[{"href":"https:\/\/www.sclbadenbaden.de\/index.php?rest_route=%2Fwp%2Fv2%2Fmedia&parent=16002"}],"wp:term":[{"taxonomy":"category","embeddable":true,"href":"https:\/\/www.sclbadenbaden.de\/index.php?rest_route=%2Fwp%2Fv2%2Fcategories&post=16002"},{"taxonomy":"post_tag","embeddable":true,"href":"https:\/\/www.sclbadenbaden.de\/index.php?rest_route=%2Fwp%2Fv2%2Ftags&post=16002"}],"curies":[{"name":"wp","href":"https:\/\/api.w.org\/{rel}","templated":true}]}}