{"id":15983,"date":"2020-10-10T16:03:52","date_gmt":"2020-10-10T15:03:52","guid":{"rendered":"https:\/\/www.sclbadenbaden.de\/?p=15983"},"modified":"2020-10-10T16:06:27","modified_gmt":"2020-10-10T15:06:27","slug":"carl-dohmann-mit-zweitbester-20-kilometer-zeit","status":"publish","type":"post","link":"https:\/\/www.sclbadenbaden.de\/?p=15983","title":{"rendered":"Carl Dohmann mit zweitbester 20-Kilometer Zeit"},"content":{"rendered":"\n<figure class=\"wp-block-image size-large\"><img loading=\"lazy\" decoding=\"async\" width=\"1024\" height=\"576\" src=\"https:\/\/sclbadenbaden.de\/wp-content\/uploads\/2020\/10\/IMG_1878-breit-1024x576.jpg\" alt=\"\" class=\"wp-image-15984\" srcset=\"https:\/\/www.sclbadenbaden.de\/wp-content\/uploads\/2020\/10\/IMG_1878-breit-1024x576.jpg 1024w, https:\/\/www.sclbadenbaden.de\/wp-content\/uploads\/2020\/10\/IMG_1878-breit-300x169.jpg 300w, https:\/\/www.sclbadenbaden.de\/wp-content\/uploads\/2020\/10\/IMG_1878-breit-150x84.jpg 150w, https:\/\/www.sclbadenbaden.de\/wp-content\/uploads\/2020\/10\/IMG_1878-breit-768x432.jpg 768w, https:\/\/www.sclbadenbaden.de\/wp-content\/uploads\/2020\/10\/IMG_1878-breit-1536x864.jpg 1536w, https:\/\/www.sclbadenbaden.de\/wp-content\/uploads\/2020\/10\/IMG_1878-breit-2048x1152.jpg 2048w\" sizes=\"auto, (max-width: 1024px) 100vw, 1024px\" \/><figcaption>Carl Dohmann links im roten Trikot <\/figcaption><\/figure>\n\n\n\n<p>Che \u2013 Die mittelb\u00f6hmische Stadt\nPodebrady \u00f6stlich von Prag ist das europ\u00e4ische Mekka der Race-Walker. Seit 88 Jahren\nfinden hier regelm\u00e4\u00dfig gro\u00dfe und international besetzte Geher-Rennen statt.\nAuch im Corona-Jahr zog es jetzt wieder hunderte Athleten aus ganz Europa und\nS\u00fcdamerika in die Kleinstadt mit gro\u00dfer Geschichte. Mit dabei auch SCL Heel Race\nWalker Carl Dohmann und sein Trainer Robert Ihly.<\/p>\n\n\n\n<p>F\u00fcr Carl Dohmann war es das erste Rennen dieses Jahres und dieser Test f\u00fcr die Olympischen Spiele in Tokio 2021 verlief durchaus erfolgreich. <\/p>\n\n\n\n<!--more-->\n\n\n\n<figure class=\"wp-block-image size-large\"><img loading=\"lazy\" decoding=\"async\" width=\"1024\" height=\"576\" src=\"https:\/\/sclbadenbaden.de\/wp-content\/uploads\/2020\/10\/IMG_1881-breit-1024x576.jpg\" alt=\"\" class=\"wp-image-15987\" srcset=\"https:\/\/www.sclbadenbaden.de\/wp-content\/uploads\/2020\/10\/IMG_1881-breit-1024x576.jpg 1024w, https:\/\/www.sclbadenbaden.de\/wp-content\/uploads\/2020\/10\/IMG_1881-breit-300x169.jpg 300w, https:\/\/www.sclbadenbaden.de\/wp-content\/uploads\/2020\/10\/IMG_1881-breit-150x84.jpg 150w, https:\/\/www.sclbadenbaden.de\/wp-content\/uploads\/2020\/10\/IMG_1881-breit-768x432.jpg 768w, https:\/\/www.sclbadenbaden.de\/wp-content\/uploads\/2020\/10\/IMG_1881-breit-1536x864.jpg 1536w, https:\/\/www.sclbadenbaden.de\/wp-content\/uploads\/2020\/10\/IMG_1881-breit-2048x1152.jpg 2048w\" sizes=\"auto, (max-width: 1024px) 100vw, 1024px\" \/><\/figure>\n\n\n\n<p>Er startete \u00fcber die \u201ekurzen\u201c 20 Kilometer und ging die erste H\u00e4lfte des Rennens das enorme Tempo des Schweden Karlstr\u00f6m (3. Der WM in Doha) und des Italieners Giupponi (8. der olympischen Spiele von Rio) mit. Die beiden marschierten straffe vier Minuten je Kilometer. In der zweiten H\u00e4lfte riss der Kontakt zur Spitzengruppe, Carl Dohmann nahm etwas den Gang heraus, blieb aber im erweiterten Spitzenfeld dieses Rennens und kam als Achter in 1:22,41 Stunden ins Ziel. Es ist seine bislang zweitschnellste Zeit \u00fcber diese Strecke. Die Bestzeit von 1:21,26 Stunden ging er 2016 beim Europacup in Rom. Seine Saisonbestzeiten der drei letzten Jahre lagen jeweils \u00fcber 1:23 Stunden. Carl Dohmann \u00fcbernahm mit diesem Rennen in Tschechien die F\u00fchrung in der deutschen Bestenliste \u00fcber die 20 Kilometer.<\/p>\n\n\n\n<figure class=\"wp-block-image size-large\"><img loading=\"lazy\" decoding=\"async\" width=\"1024\" height=\"576\" src=\"https:\/\/sclbadenbaden.de\/wp-content\/uploads\/2020\/10\/IMG_1880-breit-1024x576.jpg\" alt=\"\" class=\"wp-image-15985\" srcset=\"https:\/\/www.sclbadenbaden.de\/wp-content\/uploads\/2020\/10\/IMG_1880-breit-1024x576.jpg 1024w, https:\/\/www.sclbadenbaden.de\/wp-content\/uploads\/2020\/10\/IMG_1880-breit-300x169.jpg 300w, https:\/\/www.sclbadenbaden.de\/wp-content\/uploads\/2020\/10\/IMG_1880-breit-150x84.jpg 150w, https:\/\/www.sclbadenbaden.de\/wp-content\/uploads\/2020\/10\/IMG_1880-breit-768x432.jpg 768w, https:\/\/www.sclbadenbaden.de\/wp-content\/uploads\/2020\/10\/IMG_1880-breit-1536x864.jpg 1536w, https:\/\/www.sclbadenbaden.de\/wp-content\/uploads\/2020\/10\/IMG_1880-breit-2048x1152.jpg 2048w\" sizes=\"auto, (max-width: 1024px) 100vw, 1024px\" \/><\/figure>\n\n\n\n<p>Am kommenden Wochenende startet Carl Dohmann in der Region. Die badischen Meisterschaften finden in Biberach \/ Kinzigtal statt, auch da geht er die 20 Kilometer. <\/p>\n\n\n\n<figure class=\"wp-block-image size-large\"><img loading=\"lazy\" decoding=\"async\" width=\"1024\" height=\"576\" src=\"https:\/\/sclbadenbaden.de\/wp-content\/uploads\/2020\/10\/IMG_1885-breit-1024x576.jpg\" alt=\"\" class=\"wp-image-15986\" srcset=\"https:\/\/www.sclbadenbaden.de\/wp-content\/uploads\/2020\/10\/IMG_1885-breit-1024x576.jpg 1024w, https:\/\/www.sclbadenbaden.de\/wp-content\/uploads\/2020\/10\/IMG_1885-breit-300x169.jpg 300w, https:\/\/www.sclbadenbaden.de\/wp-content\/uploads\/2020\/10\/IMG_1885-breit-150x84.jpg 150w, https:\/\/www.sclbadenbaden.de\/wp-content\/uploads\/2020\/10\/IMG_1885-breit-768x432.jpg 768w, https:\/\/www.sclbadenbaden.de\/wp-content\/uploads\/2020\/10\/IMG_1885-breit-1536x864.jpg 1536w, https:\/\/www.sclbadenbaden.de\/wp-content\/uploads\/2020\/10\/IMG_1885-breit-2048x1152.jpg 2048w\" sizes=\"auto, (max-width: 1024px) 100vw, 1024px\" \/><\/figure>\n","protected":false},"excerpt":{"rendered":"<p>Che \u2013 Die mittelb\u00f6hmische Stadt Podebrady \u00f6stlich von Prag ist das europ\u00e4ische Mekka der Race-Walker. Seit 88 Jahren finden hier regelm\u00e4\u00dfig gro\u00dfe und international besetzte Geher-Rennen statt. Auch im Corona-Jahr zog es jetzt wieder hunderte Athleten aus ganz Europa und S\u00fcdamerika in die Kleinstadt mit gro\u00dfer Geschichte. Mit dabei auch SCL Heel Race Walker Carl [&hellip;]<\/p>\n","protected":false},"author":20,"featured_media":0,"comment_status":"open","ping_status":"open","sticky":false,"template":"","format":"standard","meta":{"footnotes":""},"categories":[2,4,5],"tags":[],"class_list":["post-15983","post","type-post","status-publish","format-standard","hentry","category-berichte","category-ergebnisse","category-internationalemeisterschaften"],"_links":{"self":[{"href":"https:\/\/www.sclbadenbaden.de\/index.php?rest_route=\/wp\/v2\/posts\/15983","targetHints":{"allow":["GET"]}}],"collection":[{"href":"https:\/\/www.sclbadenbaden.de\/index.php?rest_route=\/wp\/v2\/posts"}],"about":[{"href":"https:\/\/www.sclbadenbaden.de\/index.php?rest_route=\/wp\/v2\/types\/post"}],"author":[{"embeddable":true,"href":"https:\/\/www.sclbadenbaden.de\/index.php?rest_route=\/wp\/v2\/users\/20"}],"replies":[{"embeddable":true,"href":"https:\/\/www.sclbadenbaden.de\/index.php?rest_route=%2Fwp%2Fv2%2Fcomments&post=15983"}],"version-history":[{"count":3,"href":"https:\/\/www.sclbadenbaden.de\/index.php?rest_route=\/wp\/v2\/posts\/15983\/revisions"}],"predecessor-version":[{"id":15990,"href":"https:\/\/www.sclbadenbaden.de\/index.php?rest_route=\/wp\/v2\/posts\/15983\/revisions\/15990"}],"wp:attachment":[{"href":"https:\/\/www.sclbadenbaden.de\/index.php?rest_route=%2Fwp%2Fv2%2Fmedia&parent=15983"}],"wp:term":[{"taxonomy":"category","embeddable":true,"href":"https:\/\/www.sclbadenbaden.de\/index.php?rest_route=%2Fwp%2Fv2%2Fcategories&post=15983"},{"taxonomy":"post_tag","embeddable":true,"href":"https:\/\/www.sclbadenbaden.de\/index.php?rest_route=%2Fwp%2Fv2%2Ftags&post=15983"}],"curies":[{"name":"wp","href":"https:\/\/api.w.org\/{rel}","templated":true}]}}