{"id":15848,"date":"2020-07-27T22:47:20","date_gmt":"2020-07-27T21:47:20","guid":{"rendered":"https:\/\/www.sclbadenbaden.de\/?p=15848"},"modified":"2020-07-27T23:16:36","modified_gmt":"2020-07-27T22:16:36","slug":"power-check-ii-mit-viel-begeisterung","status":"publish","type":"post","link":"https:\/\/www.sclbadenbaden.de\/?p=15848","title":{"rendered":"Power-Check II mit viel Begeisterung"},"content":{"rendered":"\n<figure class=\"wp-block-image size-large\"><img loading=\"lazy\" decoding=\"async\" width=\"1024\" height=\"576\" src=\"https:\/\/sclbadenbaden.de\/wp-content\/uploads\/2020\/07\/IMG_1180-1024x576.jpg\" alt=\"\" class=\"wp-image-15849\" srcset=\"https:\/\/www.sclbadenbaden.de\/wp-content\/uploads\/2020\/07\/IMG_1180-1024x576.jpg 1024w, https:\/\/www.sclbadenbaden.de\/wp-content\/uploads\/2020\/07\/IMG_1180-300x169.jpg 300w, https:\/\/www.sclbadenbaden.de\/wp-content\/uploads\/2020\/07\/IMG_1180-150x84.jpg 150w, https:\/\/www.sclbadenbaden.de\/wp-content\/uploads\/2020\/07\/IMG_1180-768x432.jpg 768w, https:\/\/www.sclbadenbaden.de\/wp-content\/uploads\/2020\/07\/IMG_1180-1536x864.jpg 1536w, https:\/\/www.sclbadenbaden.de\/wp-content\/uploads\/2020\/07\/IMG_1180-2048x1153.jpg 2048w\" sizes=\"auto, (max-width: 1024px) 100vw, 1024px\" \/><\/figure>\n\n\n\n<p>Che \u2013 \u201eWollt Ihr einen der bunten Sparkassenpokale gewinnen?\u201c war die Frage des Stadionsprechers und alle schrien \u201eJaaa\u201c.\u00a0 Am Ende waren alle Sieger: Goldpokal f\u00fcr Platz 1, Rotpokal f\u00fcr Zweite, blauer Pokal f\u00fcr Dritte und goldene Medaillen f\u00fcr alle danach. So waren auch die f\u00fcnf- bis neun-j\u00e4hrigen Sportlerinnen und Sportler extrem hei\u00df auf ihren \u201eSCL Power-Check \u2013 der Sparkassenpokal\u201c. Die Motivationskurve \u00fcberstieg das Thermometer um einige Hitze-Grade! Die Eltern hatten zun\u00e4chst \u201eEntspannung und Erholung\u201c im schattigen Trib\u00fcnenareal. <\/p>\n\n\n\n<!--more-->\n\n\n\n<figure class=\"wp-block-image size-large\"><img loading=\"lazy\" decoding=\"async\" width=\"1024\" height=\"576\" src=\"https:\/\/sclbadenbaden.de\/wp-content\/uploads\/2020\/07\/IMG_1139-1024x576.jpg\" alt=\"\" class=\"wp-image-15851\" srcset=\"https:\/\/www.sclbadenbaden.de\/wp-content\/uploads\/2020\/07\/IMG_1139-1024x576.jpg 1024w, https:\/\/www.sclbadenbaden.de\/wp-content\/uploads\/2020\/07\/IMG_1139-300x169.jpg 300w, https:\/\/www.sclbadenbaden.de\/wp-content\/uploads\/2020\/07\/IMG_1139-150x84.jpg 150w, https:\/\/www.sclbadenbaden.de\/wp-content\/uploads\/2020\/07\/IMG_1139-768x432.jpg 768w, https:\/\/www.sclbadenbaden.de\/wp-content\/uploads\/2020\/07\/IMG_1139-1536x864.jpg 1536w, https:\/\/www.sclbadenbaden.de\/wp-content\/uploads\/2020\/07\/IMG_1139-2048x1152.jpg 2048w\" sizes=\"auto, (max-width: 1024px) 100vw, 1024px\" \/><\/figure>\n\n\n\n<p>Die Ruhe dauerte aber nur kurz: Sie mussten die zehntausend nicht anwesenden Zuschauer ersetzen und f\u00fcr viel L\u00e4rm und Atmosph\u00e4re sorgen, unterst\u00fctzten die Sch\u00fclerinnen und Sch\u00fcler bei allen L\u00e4ufen und besonders intensiv bei den 800 Meter-Rennen mit viel Beifall und gro\u00dfem Jubel. Der trieb die jungen Power-Checker sichtlich begeistert ins Ziel.<\/p>\n\n\n\n<figure class=\"wp-block-image size-large\"><img loading=\"lazy\" decoding=\"async\" width=\"1024\" height=\"576\" src=\"https:\/\/sclbadenbaden.de\/wp-content\/uploads\/2020\/07\/IMG_1170-1024x576.jpg\" alt=\"\" class=\"wp-image-15852\" srcset=\"https:\/\/www.sclbadenbaden.de\/wp-content\/uploads\/2020\/07\/IMG_1170-1024x576.jpg 1024w, https:\/\/www.sclbadenbaden.de\/wp-content\/uploads\/2020\/07\/IMG_1170-300x169.jpg 300w, https:\/\/www.sclbadenbaden.de\/wp-content\/uploads\/2020\/07\/IMG_1170-150x84.jpg 150w, https:\/\/www.sclbadenbaden.de\/wp-content\/uploads\/2020\/07\/IMG_1170-768x432.jpg 768w, https:\/\/www.sclbadenbaden.de\/wp-content\/uploads\/2020\/07\/IMG_1170-1536x864.jpg 1536w, https:\/\/www.sclbadenbaden.de\/wp-content\/uploads\/2020\/07\/IMG_1170-2048x1152.jpg 2048w\" sizes=\"auto, (max-width: 1024px) 100vw, 1024px\" \/><\/figure>\n\n\n\n<p>Alle Power-Checker absolvierten einen leichtathletischen Vierkampf mit 30 Meter-Lauf, Weitsprung, Ballwurf oder Standweitsprung und zwei Runden auf der neuen blauen Bahn. Nur die J\u00fcngsten liefen lediglich eine Runde, also 400 Meter. Alle Disziplinen wurden nicht nur f\u00fcr die Pokalvergabe gewertet, sondern auch noch f\u00fcr das deutsche Sportabzeichen. Da fehlt jetzt nur noch der Schwimm-Nachweis. <\/p>\n\n\n\n<figure class=\"wp-block-image size-large\"><img loading=\"lazy\" decoding=\"async\" width=\"1024\" height=\"576\" src=\"https:\/\/sclbadenbaden.de\/wp-content\/uploads\/2020\/07\/IMG_1126-1024x576.jpg\" alt=\"\" class=\"wp-image-15860\" srcset=\"https:\/\/www.sclbadenbaden.de\/wp-content\/uploads\/2020\/07\/IMG_1126-1024x576.jpg 1024w, https:\/\/www.sclbadenbaden.de\/wp-content\/uploads\/2020\/07\/IMG_1126-300x169.jpg 300w, https:\/\/www.sclbadenbaden.de\/wp-content\/uploads\/2020\/07\/IMG_1126-150x84.jpg 150w, https:\/\/www.sclbadenbaden.de\/wp-content\/uploads\/2020\/07\/IMG_1126-768x432.jpg 768w, https:\/\/www.sclbadenbaden.de\/wp-content\/uploads\/2020\/07\/IMG_1126-1536x864.jpg 1536w, https:\/\/www.sclbadenbaden.de\/wp-content\/uploads\/2020\/07\/IMG_1126-2048x1152.jpg 2048w\" sizes=\"auto, (max-width: 1024px) 100vw, 1024px\" \/><\/figure>\n\n\n\n<p>Schnellstes M\u00e4dchen \u00fcber die 30 Meter war Lara Nielatzner in 5,6 Sekunden. Sie f\u00fchrte auch den Weitsprung mit 3,39 Metern an. \u00dcber 800 Meter war bei den M\u00e4dchen Laura Bischoff mit 3:51 Minuten die Schnellste. Bei den Jungs hatte Maximilian Schnepf mit 5,4 Sekunden den schnellsten 30 Meter-Sprint auf die blaue Bahn gelegt. Er war auc h mit 3,31 Meter bester Weitspringer. Die schnellsten 800 Meter bei den Jungs zeigte Noah Filomeno mit 3:25 Minuten.<\/p>\n\n\n\n<figure class=\"wp-block-image size-large\"><img loading=\"lazy\" decoding=\"async\" width=\"1024\" height=\"576\" src=\"https:\/\/sclbadenbaden.de\/wp-content\/uploads\/2020\/07\/IMG_1042-1024x576.jpg\" alt=\"\" class=\"wp-image-15859\" srcset=\"https:\/\/www.sclbadenbaden.de\/wp-content\/uploads\/2020\/07\/IMG_1042-1024x576.jpg 1024w, https:\/\/www.sclbadenbaden.de\/wp-content\/uploads\/2020\/07\/IMG_1042-300x169.jpg 300w, https:\/\/www.sclbadenbaden.de\/wp-content\/uploads\/2020\/07\/IMG_1042-150x84.jpg 150w, https:\/\/www.sclbadenbaden.de\/wp-content\/uploads\/2020\/07\/IMG_1042-768x432.jpg 768w, https:\/\/www.sclbadenbaden.de\/wp-content\/uploads\/2020\/07\/IMG_1042-1536x864.jpg 1536w, https:\/\/www.sclbadenbaden.de\/wp-content\/uploads\/2020\/07\/IMG_1042-2048x1152.jpg 2048w\" sizes=\"auto, (max-width: 1024px) 100vw, 1024px\" \/><\/figure>\n\n\n\n<p>Die Sieger der Sparkassen-Pokale:<\/p>\n\n\n\n<p>W5: 1. Silvia Schleh, W6: 1. Sophia Conrad, 2.\nValentina-Sophia Schierz, W7: 1. Lahaina Alcedo Sauermann, 2. Theda Bransch, 3.\nLuise Baur, W8: 1. Charlotte Arnold, 2. Anna Becker, W9: 1. Lara Nielatzner, 2.\nLaura Bischoff, 3. Anabel Auer.<\/p>\n\n\n\n<figure class=\"wp-block-image size-large\"><img loading=\"lazy\" decoding=\"async\" width=\"1024\" height=\"576\" src=\"https:\/\/sclbadenbaden.de\/wp-content\/uploads\/2020\/07\/IMG_1163-1024x576.jpg\" alt=\"\" class=\"wp-image-15853\" srcset=\"https:\/\/www.sclbadenbaden.de\/wp-content\/uploads\/2020\/07\/IMG_1163-1024x576.jpg 1024w, https:\/\/www.sclbadenbaden.de\/wp-content\/uploads\/2020\/07\/IMG_1163-300x169.jpg 300w, https:\/\/www.sclbadenbaden.de\/wp-content\/uploads\/2020\/07\/IMG_1163-150x84.jpg 150w, https:\/\/www.sclbadenbaden.de\/wp-content\/uploads\/2020\/07\/IMG_1163-768x432.jpg 768w, https:\/\/www.sclbadenbaden.de\/wp-content\/uploads\/2020\/07\/IMG_1163-1536x864.jpg 1536w, https:\/\/www.sclbadenbaden.de\/wp-content\/uploads\/2020\/07\/IMG_1163-2048x1152.jpg 2048w\" sizes=\"auto, (max-width: 1024px) 100vw, 1024px\" \/><\/figure>\n\n\n\n<p>M5: 1. Oskar Werdin, 2. Tim Marten Drautz, 3. Jan Wiedmann, M6: 1. Carlo J\u00e4gersberg, 2. Phil Sch\u00fctze, 3. Lennard K\u00fchn, M7: 1. Maximilian Schmidt, 2. Raphael Koppel, 3. Joel Mimmo, M8: 1. Mate Lukacs und Max Schr\u00f6der, 3. Marc Sacharow, M9: 1. Maximilian Schnepf, 2. Jakob Seitz und Luan Alcedo Sauermann.<\/p>\n\n\n\n<p>Alle Ergebnisse:<\/p>\n\n\n\n<figure class=\"wp-block-table\"><table class=\"\"><tbody><tr><td class=\"has-text-align-left\" data-align=\"left\">\n  Platz\n  <\/td><td>\n  Name\n  <\/td><td>\n  30 m\n  <\/td><td>\n  Weit\n  <\/td><td>\n  Ball\/Standweit\n  <\/td><td>\n  800\n  <\/td><\/tr><tr><td class=\"has-text-align-left\" data-align=\"left\">\n  <strong>W5<\/strong>\n  <\/td><td>\n  &nbsp;\n  <\/td><td>\n  &nbsp;\n  <\/td><td>\n  &nbsp;\n  <\/td><td>\n  &nbsp;\n  <\/td><td>\n  &nbsp;\n  <\/td><\/tr><tr><td class=\"has-text-align-left\" data-align=\"left\">\n  1.\n  <\/td><td>\n  Silvia Schleh\n  <\/td><td>\n  8,0\n  <\/td><td>\n  0,80\n  <\/td><td>\n  8,00\n  <\/td><td>\n  400: 2:56\n  <\/td><\/tr><tr><td class=\"has-text-align-left\" data-align=\"left\">\n  &nbsp;\n  <\/td><td>\n  &nbsp;\n  <\/td><td>\n  &nbsp;\n  <\/td><td>\n  &nbsp;\n  <\/td><td>\n  &nbsp;\n  <\/td><td>\n  &nbsp;\n  <\/td><\/tr><tr><td class=\"has-text-align-left\" data-align=\"left\">\n  <strong>W6<\/strong>\n  <\/td><td>\n  &nbsp;\n  <\/td><td>\n  &nbsp;\n  <\/td><td>\n  &nbsp;\n  <\/td><td>\n  &nbsp;\n  <\/td><td>\n  &nbsp;\n  <\/td><\/tr><tr><td class=\"has-text-align-left\" data-align=\"left\">\n  1.\n  <\/td><td>\n  Sophia Conrad\n  <\/td><td>\n  6,7\n  <\/td><td>\n  2,22\n  <\/td><td>\n  8,50\n  <\/td><td>\n  4:25\n  <\/td><\/tr><tr><td class=\"has-text-align-left\" data-align=\"left\">\n  2.\n  <\/td><td>\n  Valentina-Sophia Schierz\n  <\/td><td>\n  8,5\n  <\/td><td>\n  1,96\n  <\/td><td>\n  6,00\n  <\/td><td>\n  4:35\n  <\/td><\/tr><tr><td class=\"has-text-align-left\" data-align=\"left\">\n  &nbsp;\n  <\/td><td>\n  &nbsp;\n  <\/td><td>\n  &nbsp;\n  <\/td><td>\n  &nbsp;\n  <\/td><td>\n  &nbsp;\n  <\/td><td>\n  &nbsp;\n  <\/td><\/tr><tr><td class=\"has-text-align-left\" data-align=\"left\">\n  <strong>W7<\/strong>\n  <\/td><td>\n  &nbsp;\n  <\/td><td>\n  &nbsp;\n  <\/td><td>\n  &nbsp;\n  <\/td><td>\n  &nbsp;\n  <\/td><td>\n  &nbsp;\n  <\/td><\/tr><tr><td class=\"has-text-align-left\" data-align=\"left\">\n  1.\n  <\/td><td>\n  Lahaina Alcedo Sauermann\n  <\/td><td>\n  6,0\n  <\/td><td>\n  2,83\n  <\/td><td>\n  13,50\n  <\/td><td>\n  4:00\n  <\/td><\/tr><tr><td class=\"has-text-align-left\" data-align=\"left\">\n  2.\n  <\/td><td>\n  Theda Bransch\n  <\/td><td>\n  6,4\n  <\/td><td>\n  2,53\n  <\/td><td>\n  11,50\n  <\/td><td>\n  3:54\n  <\/td><\/tr><tr><td class=\"has-text-align-left\" data-align=\"left\">\n  3.\n  <\/td><td>\n  Luise Baur\n  <\/td><td>\n  7,1\n  <\/td><td>\n  2,27\n  <\/td><td>\n  9,50\n  <\/td><td>\n  4:19\n  <\/td><\/tr><tr><td class=\"has-text-align-left\" data-align=\"left\">\n  4.\n  <\/td><td>\n  Martha Nold\n  <\/td><td>\n  6,9\n  <\/td><td>\n  2,10\n  <\/td><td>\n  6,00\n  <\/td><td>\n  4:28\n  <\/td><\/tr><tr><td class=\"has-text-align-left\" data-align=\"left\">\n  5.\n  <\/td><td>\n  Julia Seel\n  <\/td><td>\n  7,2\n  <\/td><td>\n  1,87\n  <\/td><td>\n  8,50\n  <\/td><td>\n  4:31\n  <\/td><\/tr><tr><td class=\"has-text-align-left\" data-align=\"left\">\n  &nbsp;\n  <\/td><td>\n  &nbsp;\n  <\/td><td>\n  &nbsp;\n  <\/td><td>\n  &nbsp;\n  <\/td><td>\n  &nbsp;\n  <\/td><td>\n  &nbsp;\n  <\/td><\/tr><tr><td class=\"has-text-align-left\" data-align=\"left\">\n  <strong>W8<\/strong>\n  <\/td><td>\n  &nbsp;\n  <\/td><td>\n  &nbsp;\n  <\/td><td>\n  &nbsp;\n  <\/td><td>\n  Standweit\n  <\/td><td>\n  &nbsp;\n  <\/td><\/tr><tr><td class=\"has-text-align-left\" data-align=\"left\">\n  1.\n  <\/td><td>\n  Charlotte Arnold\n  <\/td><td>\n  6,3\n  <\/td><td>\n  2,15\n  <\/td><td>\n  1,49\n  <\/td><td>\n  4:17\n  <\/td><\/tr><tr><td class=\"has-text-align-left\" data-align=\"left\">\n  2.\n  <\/td><td>\n  Anna Becker\n  <\/td><td>\n  6,6\n  <\/td><td>\n  2,29\n  <\/td><td>\n  1,40\n  <\/td><td>\n  4:26\n  <\/td><\/tr><tr><td class=\"has-text-align-left\" data-align=\"left\">\n  &nbsp;\n  <\/td><td>\n  &nbsp;\n  <\/td><td>\n  &nbsp;\n  <\/td><td>\n  &nbsp;\n  <\/td><td>\n  &nbsp;\n  <\/td><td>\n  &nbsp;\n  <\/td><\/tr><tr><td class=\"has-text-align-left\" data-align=\"left\">\n  <strong>W9<\/strong>\n  <\/td><td>\n  &nbsp;\n  <\/td><td>\n  &nbsp;\n  <\/td><td>\n  &nbsp;\n  <\/td><td>\n  Standweit\n  <\/td><td>\n  &nbsp;\n  <\/td><\/tr><tr><td class=\"has-text-align-left\" data-align=\"left\">\n  1.\n  <\/td><td>\n  Lara Nielatzner\n  <\/td><td>\n  5,6\n  <\/td><td>\n  3,39\n  <\/td><td>\n  1,79\n  <\/td><td>\n  3:57\n  <\/td><\/tr><tr><td class=\"has-text-align-left\" data-align=\"left\">\n  2.\n  <\/td><td>\n  Laura Bischoff\n  <\/td><td>\n  5,7\n  <\/td><td>\n  2,57\n  <\/td><td>\n  1,47\n  <\/td><td>\n  3:51\n  <\/td><\/tr><tr><td class=\"has-text-align-left\" data-align=\"left\">\n  3.\n  <\/td><td>\n  Anabel Auer\n  <\/td><td>\n  6,5\n  <\/td><td>\n  2,43\n  <\/td><td>\n  1,52\n  <\/td><td>\n  4:07\n  <\/td><\/tr><tr><td class=\"has-text-align-left\" data-align=\"left\">\n  &nbsp;\n  <\/td><td>\n  &nbsp;\n  <\/td><td>\n  &nbsp;\n  <\/td><td>\n  &nbsp;\n  <\/td><td>\n  &nbsp;\n  <\/td><td>\n  &nbsp;\n  <\/td><\/tr><tr><td class=\"has-text-align-left\" data-align=\"left\">\n  <strong>M4\/5<\/strong>\n  <\/td><td>\n  &nbsp;\n  <\/td><td>\n  &nbsp;\n  <\/td><td>\n  &nbsp;\n  <\/td><td>\n  &nbsp;\n  <\/td><td>\n  &nbsp;\n  <\/td><\/tr><tr><td class=\"has-text-align-left\" data-align=\"left\">\n  1.\n  <\/td><td>\n  Oskar Werdin\n  <\/td><td>\n  7,2\n  <\/td><td>\n  2,39\n  <\/td><td>\n  12,00\n  <\/td><td>\n  400: 2:17\n  <\/td><\/tr><tr><td class=\"has-text-align-left\" data-align=\"left\">\n  2.\n  <\/td><td>\n  Tim Marten Drautz\n  <\/td><td>\n  7,3\n  <\/td><td>\n  2,89\n  <\/td><td>\n  11,00\n  <\/td><td>\n  400: 2:24\n  <\/td><\/tr><tr><td class=\"has-text-align-left\" data-align=\"left\">\n  3.\n  <\/td><td>\n  Jan Wiedmann (M4)\n  <\/td><td>\n  9,0\n  <\/td><td>\n  1,68\n  <\/td><td>\n  7,50\n  <\/td><td>\n  400: 3:03\n  <\/td><\/tr><tr><td class=\"has-text-align-left\" data-align=\"left\">\n  4.\n  <\/td><td>\n  Marco Hank\n  <\/td><td>\n  10,2\n  <\/td><td>\n  1,05\n  <\/td><td>\n  7,50\n  <\/td><td>\n  400: 3:10\n  <\/td><\/tr><tr><td class=\"has-text-align-left\" data-align=\"left\">\n  &nbsp;\n  <\/td><td>\n  &nbsp;\n  <\/td><td>\n  &nbsp;\n  <\/td><td>\n  &nbsp;\n  <\/td><td>\n  &nbsp;\n  <\/td><td>\n  &nbsp;\n  <\/td><\/tr><tr><td class=\"has-text-align-left\" data-align=\"left\">\n  <strong>M6<\/strong>\n  <\/td><td>\n  &nbsp;\n  <\/td><td>\n  &nbsp;\n  <\/td><td>\n  &nbsp;\n  <\/td><td>\n  &nbsp;\n  <\/td><td>\n  &nbsp;\n  <\/td><\/tr><tr><td class=\"has-text-align-left\" data-align=\"left\">\n  1.\n  <\/td><td>\n  Carlo J\u00e4gersberg\n  <\/td><td>\n  6,1\n  <\/td><td>\n  2,55\n  <\/td><td>\n  16,00\n  <\/td><td>\n  4:11\n  <\/td><\/tr><tr><td class=\"has-text-align-left\" data-align=\"left\">\n  2.\n  <\/td><td>\n  Phil Sch\u00fctze\n  <\/td><td>\n  7,0\n  <\/td><td>\n  2,63\n  <\/td><td>\n  7,00\n  <\/td><td>\n  4:42\n  <\/td><\/tr><tr><td class=\"has-text-align-left\" data-align=\"left\">\n  3.\n  <\/td><td>\n  Lennard K\u00fchn\n  <\/td><td>\n  7,1\n  <\/td><td>\n  2,30\n  <\/td><td>\n  9,50\n  <\/td><td>\n  4:16\n  <\/td><\/tr><tr><td class=\"has-text-align-left\" data-align=\"left\">\n  &nbsp;\n  <\/td><td>\n  &nbsp;\n  <\/td><td>\n  &nbsp;\n  <\/td><td>\n  &nbsp;\n  <\/td><td>\n  &nbsp;\n  <\/td><td>\n  &nbsp;\n  <\/td><\/tr><tr><td class=\"has-text-align-left\" data-align=\"left\">\n  <strong>M7<\/strong>\n  <\/td><td>\n  &nbsp;\n  <\/td><td>\n  &nbsp;\n  <\/td><td>\n  &nbsp;\n  <\/td><td>\n  &nbsp;\n  <\/td><td>\n  &nbsp;\n  <\/td><\/tr><tr><td class=\"has-text-align-left\" data-align=\"left\">\n  1.\n  <\/td><td>\n  Maximilian Schmidt\n  <\/td><td>\n  6,4\n  <\/td><td>\n  2,44\n  <\/td><td>\n  13,00\n  <\/td><td>\n  3:47\n  <\/td><\/tr><tr><td class=\"has-text-align-left\" data-align=\"left\">\n  2.\n  <\/td><td>\n  Raphael Koppel\n  <\/td><td>\n  6,5\n  <\/td><td>\n  2,31\n  <\/td><td>\n  13,00\n  <\/td><td>\n  4:45\n  <\/td><\/tr><tr><td class=\"has-text-align-left\" data-align=\"left\">\n  3.\n  <\/td><td>\n  Joel Mimmo\n  <\/td><td>\n  6,8\n  <\/td><td>\n  2,08\n  <\/td><td>\n  13,00\n  <\/td><td>\n  3:50\n  <\/td><\/tr><tr><td class=\"has-text-align-left\" data-align=\"left\">\n  4.\n  <\/td><td>\n  Daniel Wagner\n  <\/td><td>\n  7,2\n  <\/td><td>\n  2,10\n  <\/td><td>\n  11,50\n  <\/td><td>\n  4:21\n  <\/td><\/tr><tr><td class=\"has-text-align-left\" data-align=\"left\">\n  5.\n  <\/td><td>\n  Gleb Sacharow\n  <\/td><td>\n  7,1\n  <\/td><td>\n  2,15\n  <\/td><td>\n  10,50\n  <\/td><td>\n  4:30\n  <\/td><\/tr><tr><td class=\"has-text-align-left\" data-align=\"left\">\n  &nbsp;\n  <\/td><td>\n  &nbsp;\n  <\/td><td>\n  &nbsp;\n  <\/td><td>\n  &nbsp;\n  <\/td><td>\n  &nbsp;\n  <\/td><td>\n  &nbsp;\n  <\/td><\/tr><tr><td class=\"has-text-align-left\" data-align=\"left\">\n  <strong>M8<\/strong>\n  <\/td><td>\n  &nbsp;\n  <\/td><td>\n  &nbsp;\n  <\/td><td>\n  &nbsp;\n  <\/td><td>\n  &nbsp;\n  <\/td><td>\n  &nbsp;\n  <\/td><\/tr><tr><td class=\"has-text-align-left\" data-align=\"left\">\n  1.\n  <\/td><td>\n  Mate Lukacs\n  <\/td><td>\n  5,5\n  <\/td><td>\n  2,71\n  <\/td><td>\n  16,00\n  <\/td><td>\n  3:59\n  <\/td><\/tr><tr><td class=\"has-text-align-left\" data-align=\"left\">\n  1.\n  <\/td><td>\n  Max Schr\u00f6der\n  <\/td><td>\n  5,8\n  <\/td><td>\n  2,88\n  <\/td><td>\n  13,00\n  <\/td><td>\n  3:29\n  <\/td><\/tr><tr><td class=\"has-text-align-left\" data-align=\"left\">\n  3.\n  <\/td><td>\n  Marc Sacharow\n  <\/td><td>\n  6,0\n  <\/td><td>\n  2,79\n  <\/td><td>\n  17,00\n  <\/td><td>\n  4:27\n  <\/td><\/tr><tr><td class=\"has-text-align-left\" data-align=\"left\">\n  4.\n  <\/td><td>\n  Maximilian Dunger\n  <\/td><td>\n  5,6\n  <\/td><td>\n  2,81\n  <\/td><td>\n  15,00\n  <\/td><td>\n  4:31\n  <\/td><\/tr><tr><td class=\"has-text-align-left\" data-align=\"left\">\n  5.\n  <\/td><td>\n  Ricardo Moritz\n  <\/td><td>\n  6,2\n  <\/td><td>\n  2,64\n  <\/td><td>\n  16,50\n  <\/td><td>\n  3:36\n  <\/td><\/tr><tr><td class=\"has-text-align-left\" data-align=\"left\">\n  6.\n  <\/td><td>\n  Samuel Bleich\n  <\/td><td>\n  6,1\n  <\/td><td>\n  2,57\n  <\/td><td>\n  13,00\n  <\/td><td>\n  4:06\n  <\/td><\/tr><tr><td class=\"has-text-align-left\" data-align=\"left\">\n  &nbsp;\n  <\/td><td>\n  &nbsp;\n  <\/td><td>\n  &nbsp;\n  <\/td><td>\n  &nbsp;\n  <\/td><td>\n  &nbsp;\n  <\/td><td>\n  &nbsp;\n  <\/td><\/tr><tr><td class=\"has-text-align-left\" data-align=\"left\">\n  &nbsp;\n  <\/td><td>\n  &nbsp;\n  <\/td><td>\n  &nbsp;\n  <\/td><td>\n  &nbsp;\n  <\/td><td>\n  &nbsp;\n  <\/td><td>\n  &nbsp;\n  <\/td><\/tr><tr><td class=\"has-text-align-left\" data-align=\"left\">\n  <strong>M9<\/strong>\n  <\/td><td>\n  &nbsp;\n  <\/td><td>   30 m   <\/td><td>\n  Weit\n  <\/td><td>\n  Standweit\n  <\/td><td>\n  800\n  <\/td><\/tr><tr><td class=\"has-text-align-left\" data-align=\"left\">\n  1.\n  <\/td><td>\n  Maximilian Schnepf\n  <\/td><td>\n  5,4\n  <\/td><td>\n  3,31\n  <\/td><td>\n  1,76\n  <\/td><td>\n  4:34\n  <\/td><\/tr><tr><td class=\"has-text-align-left\" data-align=\"left\">\n  2.\n  <\/td><td>\n  Jakob Seitz\n  <\/td><td>\n  5,6\n  <\/td><td>\n  2,90\n  <\/td><td>\n  1,69\n  <\/td><td>\n  3:39\n  <\/td><\/tr><tr><td class=\"has-text-align-left\" data-align=\"left\">\n  2.\n  <\/td><td>\n  Luan Alcedo Sauermann\n  <\/td><td>\n  5,9\n  <\/td><td>\n  3,11\n  <\/td><td>\n  1,60\n  <\/td><td>\n  3:37\n  <\/td><\/tr><tr><td class=\"has-text-align-left\" data-align=\"left\">\n  4.\n  <\/td><td>\n  Noah Filomeno\n  <\/td><td>\n  5,9\n  <\/td><td>\n  2,89\n  <\/td><td>\n  1,49\n  <\/td><td>\n  3:25\n  <\/td><\/tr><tr><td class=\"has-text-align-left\" data-align=\"left\">\n  4.\n  <\/td><td>\n  Justus Falk\n  <\/td><td>\n  6,1\n  <\/td><td>\n  3,12\n  <\/td><td>\n  1,80\n  <\/td><td>\n  4:44\n  <\/td><\/tr><tr><td class=\"has-text-align-left\" data-align=\"left\">\n  6.\n  <\/td><td>\n  Silas Weinmann\n  <\/td><td>\n  5,7\n  <\/td><td>\n  3,00\n  <\/td><td>\n  1,60\n  <\/td><td>\n  4:49\n  <\/td><\/tr><tr><td class=\"has-text-align-left\" data-align=\"left\">\n  7.\n  <\/td><td>\n  Manuel Haitz\n  <\/td><td>\n  6,0\n  <\/td><td>\n  2,69\n  <\/td><td>\n  1,57\n  <\/td><td>\n  3:48\n  <\/td><\/tr><tr><td class=\"has-text-align-left\" data-align=\"left\">\n  8.\n  <\/td><td>\n  Timo Haitz\n  <\/td><td>\n  6,0\n  <\/td><td>\n  2,85\n  <\/td><td>\n  1,38\n  <\/td><td>\n  3:40\n  <\/td><\/tr><tr><td class=\"has-text-align-left\" data-align=\"left\">\n  9.\n  <\/td><td>\n  Oskar Ritz\n  <\/td><td>\n  6,2\n  <\/td><td>\n  2,80\n  <\/td><td>\n  1,49\n  <\/td><td>\n  4:21\n  <\/td><\/tr><tr><td class=\"has-text-align-left\" data-align=\"left\">\n  &nbsp;\n  <\/td><td>\n  &nbsp;\n  <\/td><td>\n  &nbsp;\n  <\/td><td>\n  &nbsp;\n  <\/td><td>\n  &nbsp;\n  <\/td><td>\n  &nbsp;\n  <\/td><\/tr><tr><td class=\"has-text-align-left\" data-align=\"left\">\n  M10\n  <\/td><td>\n  au\u00dfer Wertung\n  <\/td><td>\n  &nbsp;\n  <\/td><td>\n  &nbsp;\n  <\/td><td>\n  &nbsp;\n  <\/td><td>\n  &nbsp;\n  <\/td><\/tr><tr><td class=\"has-text-align-left\" data-align=\"left\">\n  &nbsp;\n  <\/td><td>\n  Valentin Buk\n  <\/td><td>\n  5,4\n  <\/td><td>\n  3,43\n  <\/td><td>\n  1,70\n  <\/td><td>\n  4:40\n  <\/td><\/tr><\/tbody><\/table><\/figure>\n","protected":false},"excerpt":{"rendered":"<p>Che \u2013 \u201eWollt Ihr einen der bunten Sparkassenpokale gewinnen?\u201c war die Frage des Stadionsprechers und alle schrien \u201eJaaa\u201c.\u00a0 Am Ende waren alle Sieger: Goldpokal f\u00fcr Platz 1, Rotpokal f\u00fcr Zweite, blauer Pokal f\u00fcr Dritte und goldene Medaillen f\u00fcr alle danach. So waren auch die f\u00fcnf- bis neun-j\u00e4hrigen Sportlerinnen und Sportler extrem hei\u00df auf ihren \u201eSCL [&hellip;]<\/p>\n","protected":false},"author":20,"featured_media":0,"comment_status":"open","ping_status":"open","sticky":false,"template":"","format":"standard","meta":{"footnotes":""},"categories":[2,4,6,8,10],"tags":[],"class_list":["post-15848","post","type-post","status-publish","format-standard","hentry","category-berichte","category-ergebnisse","category-jugend","category-sportabzeichen","category-veranstaltungen"],"_links":{"self":[{"href":"https:\/\/www.sclbadenbaden.de\/index.php?rest_route=\/wp\/v2\/posts\/15848","targetHints":{"allow":["GET"]}}],"collection":[{"href":"https:\/\/www.sclbadenbaden.de\/index.php?rest_route=\/wp\/v2\/posts"}],"about":[{"href":"https:\/\/www.sclbadenbaden.de\/index.php?rest_route=\/wp\/v2\/types\/post"}],"author":[{"embeddable":true,"href":"https:\/\/www.sclbadenbaden.de\/index.php?rest_route=\/wp\/v2\/users\/20"}],"replies":[{"embeddable":true,"href":"https:\/\/www.sclbadenbaden.de\/index.php?rest_route=%2Fwp%2Fv2%2Fcomments&post=15848"}],"version-history":[{"count":4,"href":"https:\/\/www.sclbadenbaden.de\/index.php?rest_route=\/wp\/v2\/posts\/15848\/revisions"}],"predecessor-version":[{"id":15861,"href":"https:\/\/www.sclbadenbaden.de\/index.php?rest_route=\/wp\/v2\/posts\/15848\/revisions\/15861"}],"wp:attachment":[{"href":"https:\/\/www.sclbadenbaden.de\/index.php?rest_route=%2Fwp%2Fv2%2Fmedia&parent=15848"}],"wp:term":[{"taxonomy":"category","embeddable":true,"href":"https:\/\/www.sclbadenbaden.de\/index.php?rest_route=%2Fwp%2Fv2%2Fcategories&post=15848"},{"taxonomy":"post_tag","embeddable":true,"href":"https:\/\/www.sclbadenbaden.de\/index.php?rest_route=%2Fwp%2Fv2%2Ftags&post=15848"}],"curies":[{"name":"wp","href":"https:\/\/api.w.org\/{rel}","templated":true}]}}