{"id":15598,"date":"2020-02-21T14:40:18","date_gmt":"2020-02-21T13:40:18","guid":{"rendered":"https:\/\/www.sclbadenbaden.de\/?p=15598"},"modified":"2020-02-21T14:52:02","modified_gmt":"2020-02-21T13:52:02","slug":"startnummer-1-fuer-justus-baumgarten","status":"publish","type":"post","link":"https:\/\/www.sclbadenbaden.de\/?p=15598","title":{"rendered":"Startnummer 1 f\u00fcr Justus Baumgarten"},"content":{"rendered":"\n<figure class=\"wp-block-image size-large\"><img loading=\"lazy\" decoding=\"async\" width=\"1024\" height=\"1024\" src=\"https:\/\/sclbadenbaden.de\/wp-content\/uploads\/2020\/02\/Adam-Justus-1024x1024.jpg\" alt=\"\" class=\"wp-image-15599\" srcset=\"https:\/\/www.sclbadenbaden.de\/wp-content\/uploads\/2020\/02\/Adam-Justus-1024x1024.jpg 1024w, https:\/\/www.sclbadenbaden.de\/wp-content\/uploads\/2020\/02\/Adam-Justus-300x300.jpg 300w, https:\/\/www.sclbadenbaden.de\/wp-content\/uploads\/2020\/02\/Adam-Justus-150x150.jpg 150w, https:\/\/www.sclbadenbaden.de\/wp-content\/uploads\/2020\/02\/Adam-Justus-768x767.jpg 768w, https:\/\/www.sclbadenbaden.de\/wp-content\/uploads\/2020\/02\/Adam-Justus.jpg 1131w\" sizes=\"auto, (max-width: 1024px) 100vw, 1024px\" \/><figcaption>Justus Baumgarten und Trainer Adam Domicz wollen auch in diesem Jahr auf Edelmetall bei\u00dfen!<\/figcaption><\/figure>\n\n\n\n<p>Die deutschen Hallenmeisterschaften an diesem Wochenende in Leipzig sind der spannende Auftakt ins Olympia-Jahr. Mit dabei ist SCL Heel Langsprinter Justus Baumgarten \u00fcber 400 Meter &#8211; Halbfinale Samstag 14:55 Uhr, Finale Sonntag 15:20 Uhr <a href=\"https:\/\/www.sportschau.de\/weitere\/leichtathletik\/videostream-livestream---der-erste-tag-bei-den-deutschen-leichtathletik-hallenmeisterschaften-100.html\">(Livestream<\/a>). Mit seiner neuen Bestzeit von 48,15 Sekunden geht er mit der drittbesten gemeldeten Zeit ins Rennen. Allerdings: Die Top-Athleten liegen eng beieinander, sechs L\u00e4ufer mit einer Saisonbestzeit unter 48,40 Sekunden. In seinem ersten M\u00e4nnerjahr l\u00e4uft es f\u00fcr Justus bislang sehr gut. Baden-w\u00fcrttembergischer Hallen-Meister 2020, s\u00fcddeutscher Vizemeister  und eine Top-Platzierung in der deutschen Bestenliste. F\u00fcr Samstag und Sonntag hei\u00dft es also: Daumen dr\u00fccken!<\/p>\n","protected":false},"excerpt":{"rendered":"<p>Die deutschen Hallenmeisterschaften an diesem Wochenende in Leipzig sind der spannende Auftakt ins Olympia-Jahr. Mit dabei ist SCL Heel Langsprinter Justus Baumgarten \u00fcber 400 Meter &#8211; Halbfinale Samstag 14:55 Uhr, Finale Sonntag 15:20 Uhr (Livestream). Mit seiner neuen Bestzeit von 48,15 Sekunden geht er mit der drittbesten gemeldeten Zeit ins Rennen. Allerdings: Die Top-Athleten liegen [&hellip;]<\/p>\n","protected":false},"author":20,"featured_media":0,"comment_status":"open","ping_status":"open","sticky":false,"template":"","format":"standard","meta":{"footnotes":""},"categories":[1],"tags":[],"class_list":["post-15598","post","type-post","status-publish","format-standard","hentry","category-badische-meisterschaften"],"_links":{"self":[{"href":"https:\/\/www.sclbadenbaden.de\/index.php?rest_route=\/wp\/v2\/posts\/15598","targetHints":{"allow":["GET"]}}],"collection":[{"href":"https:\/\/www.sclbadenbaden.de\/index.php?rest_route=\/wp\/v2\/posts"}],"about":[{"href":"https:\/\/www.sclbadenbaden.de\/index.php?rest_route=\/wp\/v2\/types\/post"}],"author":[{"embeddable":true,"href":"https:\/\/www.sclbadenbaden.de\/index.php?rest_route=\/wp\/v2\/users\/20"}],"replies":[{"embeddable":true,"href":"https:\/\/www.sclbadenbaden.de\/index.php?rest_route=%2Fwp%2Fv2%2Fcomments&post=15598"}],"version-history":[{"count":3,"href":"https:\/\/www.sclbadenbaden.de\/index.php?rest_route=\/wp\/v2\/posts\/15598\/revisions"}],"predecessor-version":[{"id":15610,"href":"https:\/\/www.sclbadenbaden.de\/index.php?rest_route=\/wp\/v2\/posts\/15598\/revisions\/15610"}],"wp:attachment":[{"href":"https:\/\/www.sclbadenbaden.de\/index.php?rest_route=%2Fwp%2Fv2%2Fmedia&parent=15598"}],"wp:term":[{"taxonomy":"category","embeddable":true,"href":"https:\/\/www.sclbadenbaden.de\/index.php?rest_route=%2Fwp%2Fv2%2Fcategories&post=15598"},{"taxonomy":"post_tag","embeddable":true,"href":"https:\/\/www.sclbadenbaden.de\/index.php?rest_route=%2Fwp%2Fv2%2Ftags&post=15598"}],"curies":[{"name":"wp","href":"https:\/\/api.w.org\/{rel}","templated":true}]}}