{"id":15345,"date":"2019-09-24T21:38:17","date_gmt":"2019-09-24T20:38:17","guid":{"rendered":"http:\/\/www.sclbadenbaden.de\/?p=15345"},"modified":"2019-09-24T21:38:17","modified_gmt":"2019-09-24T20:38:17","slug":"die-weltmeisterschaft-carl-dohmann-in-doha","status":"publish","type":"post","link":"https:\/\/www.sclbadenbaden.de\/?p=15345","title":{"rendered":"Die Weltmeisterschaft: Carl Dohmann in Doha"},"content":{"rendered":"<div><a href=\"http:\/\/www.sclbadenbaden.de\/wp-content\/uploads\/2019\/09\/Carl-Berlin-quer.jpg\"><img loading=\"lazy\" decoding=\"async\" class=\"alignleft size-large wp-image-15346\" src=\"http:\/\/www.sclbadenbaden.de\/wp-content\/uploads\/2019\/09\/Carl-Berlin-quer-1024x576.jpg\" alt=\"\" width=\"1024\" height=\"576\" srcset=\"https:\/\/www.sclbadenbaden.de\/wp-content\/uploads\/2019\/09\/Carl-Berlin-quer-1024x576.jpg 1024w, https:\/\/www.sclbadenbaden.de\/wp-content\/uploads\/2019\/09\/Carl-Berlin-quer-150x84.jpg 150w, https:\/\/www.sclbadenbaden.de\/wp-content\/uploads\/2019\/09\/Carl-Berlin-quer-300x169.jpg 300w, https:\/\/www.sclbadenbaden.de\/wp-content\/uploads\/2019\/09\/Carl-Berlin-quer-768x432.jpg 768w\" sizes=\"auto, (max-width: 1024px) 100vw, 1024px\" \/><\/a>Es wird die verr\u00fcckteste Weltmeisterschaft der Leichtathletik aller Zeiten: Hochleistung mitten in der W\u00fcste. Ab&nbsp; Freitag werden im W\u00fcsten-Emirat Katar die Weltmeistertitel in der Leichtathletik vergeben. Mit dabei ist unser Top-Athlet Carl Dohmann. Er startet am Samstag 22:30 Uhr deutscher Zeit (23:30 Uhr Ortszeit) im 50 Kilometer Gehen. Der Kurs bei schw\u00fclwarmen 30 Grad inmitten der Nacht: Entlang der Al Corniche Street. Auf der einen Seite der Persische Golf auf der anderen Seite die futuristische und schrille Skyline der Hauptstadt Doha. Hier beschreibt Carl seine Tage vor dem gro\u00dfen Ereignis:<\/div>\n<div>Doha wird ein spannender Wettkampf, es wird in der Kombination eine v\u00f6llig neue Erfahrung. Noch nie hatte ich einen Wettkampf in der Nacht, noch nicht mal mein Trainer oder Bundestrainer haben das je erlebt. Und dann noch bei erwarteten 30 Grad und hoher Luftfeuchtigkeit, das wird eine Herausforderung.<\/div>\n<div>&nbsp;<\/div>\n<p><!--more--><\/p>\n<div>Ich habe mich darauf vorbereitet, sowohl bei Hitze als auch bei Schw\u00fcle zu gehen. Im Training war es in der zweiten Augusth\u00e4lfte in Freiburg sehr schw\u00fcl, diese Bedingungen habe ich gezielt genutzt, um dabei auch sehr hart zu trainieren. Den September halte ich mich mit den meisten anderen DLV-Gehern in S\u00fcdafrika auf, um uns bei bis zu 35 Grad auf die hohen Temperaturen einzustellen. Am Donnerstag fliege ich dann von S\u00fcdafrika direkt nach Doha. Dort muss ich dann &#8222;nur&#8220; die Hitze, Schw\u00fcle und das Gehen bei Nacht zusammenbringen. Letzteres bereite ich nicht gezielt vor, weil es den Biorhythmus zu sehr durcheinanderbringen w\u00fcrde. Ich gehe mittlerweile nur etwas sp\u00e4ter ins Bett und stehe etwas sp\u00e4ter auf, um in der Nacht l\u00e4nger durchzuhalten. Ansonsten behalte ich den Tagesablauf aber normal bei.<\/div>\n<div>&nbsp;<\/div>\n<div>Die Saison war bisher eine ziemliche Achterbahnfahrt f\u00fcr mich. Nachdem ich im Winter einige Wochen Ausfall wegen einer Verletzung am Schienbein und sp\u00e4ter auch wegen Krankheiten hatte, konnte ich erst ab dem Fr\u00fchsommer wirklich gut trainieren. Im Trainingslager Mitte Juli bis Mitte August in Bulgarien zog ich mir dann erneut einen Erk\u00e4ltungsvirus zu. Nachdem ich schon gro\u00dfe Zweifel hatte, ob ich zur WM rechtzeitig fit werde, konnte ich ab Mitte August endlich die gew\u00fcnschten Trainingsleistungen erzielen und gewann mit jeder gelungenen Einheit neues Selbstvertrauen. Jetzt kann ich wesentlich entspannter in den Wettkampf gehen und bin deshalb im Moment auch nicht nerv\u00f6s.<\/div>\n<div>&nbsp;<\/div>\n<div>Im Team ist die Stimmung auch ganz gut. Alle sind schon ziemlich auf den Wettkampf fokussiert und wir bereiten uns zum Teil auch sehr unterschiedlich vor. Trotzdem gehen wir doch immer wieder mal zusammen Kaffee trinken und essen immer zusammen zu Mittag und zu Abend. Weil wir mitten in Potchefstroom wohnen, einer mittelgro\u00dfe Stadt auf etwa 1350 Metern H\u00f6he, ist auch immer wieder f\u00fcr Abwechslung gesorgt. Viele Caf\u00e9s, Superm\u00e4rkte und ein gro\u00dfes Einkaufszentrum sind in der N\u00e4he. Ausfl\u00fcge machen wir allerdings nicht, da steht das Training doch deutlich mehr im Vordergrund.<\/div>\n<div>&nbsp;<\/div>\n<div>Diese Saison war schon sehr extrem, was die Zahl der Trainingslager angeht. Ich war im Dezember im Skitrainingslager in Balderschwang, im Januar in S\u00fcdafrika, im M\u00e4rz in Mexiko, im Sommer in Bulgarien und jetzt wieder in S\u00fcdafrika. Zwischendrin war ich im Mai beim Europacup in Litauen. Grunds\u00e4tzlich will ich mich nicht beklagen, aber auf Dauer wurde die Reiserei diese Saison doch belastend, auch wegen der ganzen gesundheitlichen R\u00fcckschl\u00e4ge. Daher bin ich froh, dass die n\u00e4chste Saison wieder eine &#8222;normale&#8220; L\u00e4nge hat, also der Jahresh\u00f6hepunkt nicht erst Ende September liegt.<\/div>\n<div>&nbsp;<\/div>\n<div>Neben dem Sport bin ich mittlerweile als freier Journalist t\u00e4tig. Damit habe ich Ende letzten Jahres angefangen. Das erste Jahr war sozusagen zum Reinschnuppern, danach soll es dann ein bisschen mehr werden.<\/div>\n","protected":false},"excerpt":{"rendered":"<p>Es wird die verr\u00fcckteste Weltmeisterschaft der Leichtathletik aller Zeiten: Hochleistung mitten in der W\u00fcste. Ab&nbsp; Freitag werden im W\u00fcsten-Emirat Katar die Weltmeistertitel in der Leichtathletik vergeben. Mit dabei ist unser Top-Athlet Carl Dohmann. Er startet am Samstag 22:30 Uhr deutscher Zeit (23:30 Uhr Ortszeit) im 50 Kilometer Gehen. Der Kurs bei schw\u00fclwarmen 30 Grad inmitten [&hellip;]<\/p>\n","protected":false},"author":20,"featured_media":0,"comment_status":"open","ping_status":"open","sticky":false,"template":"","format":"standard","meta":{"footnotes":""},"categories":[2,5],"tags":[],"class_list":["post-15345","post","type-post","status-publish","format-standard","hentry","category-berichte","category-internationalemeisterschaften"],"_links":{"self":[{"href":"https:\/\/www.sclbadenbaden.de\/index.php?rest_route=\/wp\/v2\/posts\/15345","targetHints":{"allow":["GET"]}}],"collection":[{"href":"https:\/\/www.sclbadenbaden.de\/index.php?rest_route=\/wp\/v2\/posts"}],"about":[{"href":"https:\/\/www.sclbadenbaden.de\/index.php?rest_route=\/wp\/v2\/types\/post"}],"author":[{"embeddable":true,"href":"https:\/\/www.sclbadenbaden.de\/index.php?rest_route=\/wp\/v2\/users\/20"}],"replies":[{"embeddable":true,"href":"https:\/\/www.sclbadenbaden.de\/index.php?rest_route=%2Fwp%2Fv2%2Fcomments&post=15345"}],"version-history":[{"count":1,"href":"https:\/\/www.sclbadenbaden.de\/index.php?rest_route=\/wp\/v2\/posts\/15345\/revisions"}],"predecessor-version":[{"id":15347,"href":"https:\/\/www.sclbadenbaden.de\/index.php?rest_route=\/wp\/v2\/posts\/15345\/revisions\/15347"}],"wp:attachment":[{"href":"https:\/\/www.sclbadenbaden.de\/index.php?rest_route=%2Fwp%2Fv2%2Fmedia&parent=15345"}],"wp:term":[{"taxonomy":"category","embeddable":true,"href":"https:\/\/www.sclbadenbaden.de\/index.php?rest_route=%2Fwp%2Fv2%2Fcategories&post=15345"},{"taxonomy":"post_tag","embeddable":true,"href":"https:\/\/www.sclbadenbaden.de\/index.php?rest_route=%2Fwp%2Fv2%2Ftags&post=15345"}],"curies":[{"name":"wp","href":"https:\/\/api.w.org\/{rel}","templated":true}]}}