{"id":15041,"date":"2019-05-18T19:17:18","date_gmt":"2019-05-18T18:17:18","guid":{"rendered":"http:\/\/www.sclbadenbaden.de\/?p=15041"},"modified":"2019-05-19T05:37:32","modified_gmt":"2019-05-19T04:37:32","slug":"justus-baumgarten-laeuft-1095-sekunden-mehrere-kreistitel","status":"publish","type":"post","link":"https:\/\/www.sclbadenbaden.de\/?p=15041","title":{"rendered":"Justus Baumgarten l\u00e4uft 10,95 Sekunden \/ Mehrere Kreistitel"},"content":{"rendered":"<p><a href=\"http:\/\/www.sclbadenbaden.de\/wp-content\/uploads\/2019\/05\/Justus2-gro\u00df.jpg\"><img loading=\"lazy\" decoding=\"async\" class=\"alignleft size-full wp-image-15042\" src=\"http:\/\/www.sclbadenbaden.de\/wp-content\/uploads\/2019\/05\/Justus2-gro\u00df.jpg\" alt=\"\" width=\"902\" height=\"507\" srcset=\"https:\/\/www.sclbadenbaden.de\/wp-content\/uploads\/2019\/05\/Justus2-gro\u00df.jpg 902w, https:\/\/www.sclbadenbaden.de\/wp-content\/uploads\/2019\/05\/Justus2-gro\u00df-150x84.jpg 150w, https:\/\/www.sclbadenbaden.de\/wp-content\/uploads\/2019\/05\/Justus2-gro\u00df-300x169.jpg 300w, https:\/\/www.sclbadenbaden.de\/wp-content\/uploads\/2019\/05\/Justus2-gro\u00df-768x432.jpg 768w\" sizes=\"auto, (max-width: 902px) 100vw, 902px\" \/><\/a><\/p>\n<p>&nbsp;<\/p>\n<p>&nbsp;<\/p>\n<p>&nbsp;<\/p>\n<p>&nbsp;<\/p>\n<p>&nbsp;<\/p>\n<p>&nbsp;<\/p>\n<p>&nbsp;<\/p>\n<p>Die Bedingungen ideal, 20 Grad, Sonnenschein, im B\u00fchlertaler Mittelbergstadion weht ein leichter R\u00fcckenwind von 0,9 Meter pro Sekunden. F\u00fcr die 100 Meter geht Justus Baumgarten U20 in <a href=\"http:\/\/www.sclbadenbaden.de\/wp-content\/uploads\/2019\/05\/Franziska-gro\u00df.jpg\"><img loading=\"lazy\" decoding=\"async\" class=\"alignleft size-medium wp-image-15043\" src=\"http:\/\/www.sclbadenbaden.de\/wp-content\/uploads\/2019\/05\/Franziska-gro\u00df-300x169.jpg\" alt=\"\" width=\"300\" height=\"169\" srcset=\"https:\/\/www.sclbadenbaden.de\/wp-content\/uploads\/2019\/05\/Franziska-gro\u00df-300x169.jpg 300w, https:\/\/www.sclbadenbaden.de\/wp-content\/uploads\/2019\/05\/Franziska-gro\u00df-150x84.jpg 150w, https:\/\/www.sclbadenbaden.de\/wp-content\/uploads\/2019\/05\/Franziska-gro\u00df-768x432.jpg 768w, https:\/\/www.sclbadenbaden.de\/wp-content\/uploads\/2019\/05\/Franziska-gro\u00df-1024x576.jpg 1024w, https:\/\/www.sclbadenbaden.de\/wp-content\/uploads\/2019\/05\/Franziska-gro\u00df.jpg 1147w\" sizes=\"auto, (max-width: 300px) 100vw, 300px\" \/><\/a>die Startposition. Konzentration, der Schuss und der deutsche Vizemeister \u00fcber die 400 Meter&nbsp; wuchtet sich aus dem Startblock, trommelt sich in kurzen Schritten in einen aufrechten Lauf und fliegt \u00fcber die Bahn, so schnell wie noch nie: 10,95 Sekunden, Bestzeit um 17 Hundertstel verbessert. Eine Stunde sp\u00e4ter gewinnt er auch die 200 Meter in 22,44 Sekunden. Am kommenden Wochenende stehen dann erstmals in dieser Sommersaison die 400 Meter auf dem Programm. <a href=\"https:\/\/www.facebook.com\/SCLHeel\/?ref=bookmarks\">Der Lauf in Bildern<\/a>&nbsp;B\u00e4renstark lief Franziska Ketschik erstmals die 100 Meterals Zweite in 13,96 Sekunden und die 200 Meter als Dritte in Bestzeit 28,55 Sekunden.<!--more--><a href=\"http:\/\/www.sclbadenbaden.de\/wp-content\/uploads\/2019\/05\/Lucy-BAder.jpg\"><img loading=\"lazy\" decoding=\"async\" class=\"alignleft size-medium wp-image-15044\" src=\"http:\/\/www.sclbadenbaden.de\/wp-content\/uploads\/2019\/05\/Lucy-BAder-300x300.jpg\" alt=\"\" width=\"300\" height=\"300\" srcset=\"https:\/\/www.sclbadenbaden.de\/wp-content\/uploads\/2019\/05\/Lucy-BAder-300x300.jpg 300w, https:\/\/www.sclbadenbaden.de\/wp-content\/uploads\/2019\/05\/Lucy-BAder-150x150.jpg 150w, https:\/\/www.sclbadenbaden.de\/wp-content\/uploads\/2019\/05\/Lucy-BAder-768x768.jpg 768w, https:\/\/www.sclbadenbaden.de\/wp-content\/uploads\/2019\/05\/Lucy-BAder.jpg 827w\" sizes=\"auto, (max-width: 300px) 100vw, 300px\" \/><\/a>F\u00fcr Kreismeistertitel sorgten Lucy Bader W 14 mit einem 2:59,31 Minuten Lauf \u00fcber die 800 Meter und einem zweiten Platz \u00fcber 300 Meter in 49,89 Sekunden.<\/p>\n<p>&nbsp;<\/p>\n<p>&nbsp;<\/p>\n<p>&nbsp;<\/p>\n<p>&nbsp;<\/p>\n<p>&nbsp;<\/p>\n<p>&nbsp;<\/p>\n<p>&nbsp;<\/p>\n<p><a href=\"http:\/\/www.sclbadenbaden.de\/wp-content\/uploads\/2019\/05\/Antonia.jpg\"><img loading=\"lazy\" decoding=\"async\" class=\"alignleft size-medium wp-image-15064\" src=\"http:\/\/www.sclbadenbaden.de\/wp-content\/uploads\/2019\/05\/Antonia-300x300.jpg\" alt=\"\" width=\"300\" height=\"300\" srcset=\"https:\/\/www.sclbadenbaden.de\/wp-content\/uploads\/2019\/05\/Antonia-300x300.jpg 300w, https:\/\/www.sclbadenbaden.de\/wp-content\/uploads\/2019\/05\/Antonia-150x150.jpg 150w, https:\/\/www.sclbadenbaden.de\/wp-content\/uploads\/2019\/05\/Antonia.jpg 597w\" sizes=\"auto, (max-width: 300px) 100vw, 300px\" \/><\/a><a href=\"http:\/\/www.sclbadenbaden.de\/wp-content\/uploads\/2019\/05\/Sofia.jpg\"><img loading=\"lazy\" decoding=\"async\" class=\"alignleft size-medium wp-image-15065\" src=\"http:\/\/www.sclbadenbaden.de\/wp-content\/uploads\/2019\/05\/Sofia-300x300.jpg\" alt=\"\" width=\"300\" height=\"300\" srcset=\"https:\/\/www.sclbadenbaden.de\/wp-content\/uploads\/2019\/05\/Sofia-300x300.jpg 300w, https:\/\/www.sclbadenbaden.de\/wp-content\/uploads\/2019\/05\/Sofia-150x150.jpg 150w, https:\/\/www.sclbadenbaden.de\/wp-content\/uploads\/2019\/05\/Sofia.jpg 493w\" sizes=\"auto, (max-width: 300px) 100vw, 300px\" \/><\/a><\/p>\n<p>Einen Doppelsieg \u00fcber die 800 Meter der&nbsp; W 12 M\u00e4dchen erliefen sich Antonia R\u00f6mer (860) in 2:59,97 Minuten und Sophia Schmitz (858) in 3:01,62 Minuten.<\/p>\n<p>&nbsp;<\/p>\n<p>&nbsp;<\/p>\n<p>&nbsp;<\/p>\n<p>&nbsp;<\/p>\n<p>&nbsp;<\/p>\n<p>&nbsp;<\/p>\n<p>&nbsp;<\/p>\n<p><a href=\"http:\/\/www.sclbadenbaden.de\/wp-content\/uploads\/2019\/05\/IMG_0802-Copy.jpg\"><img loading=\"lazy\" decoding=\"async\" class=\"alignleft size-medium wp-image-15045\" src=\"http:\/\/www.sclbadenbaden.de\/wp-content\/uploads\/2019\/05\/IMG_0802-Copy-300x200.jpg\" alt=\"\" width=\"300\" height=\"200\" srcset=\"https:\/\/www.sclbadenbaden.de\/wp-content\/uploads\/2019\/05\/IMG_0802-Copy-300x200.jpg 300w, https:\/\/www.sclbadenbaden.de\/wp-content\/uploads\/2019\/05\/IMG_0802-Copy-150x100.jpg 150w, https:\/\/www.sclbadenbaden.de\/wp-content\/uploads\/2019\/05\/IMG_0802-Copy-768x512.jpg 768w, https:\/\/www.sclbadenbaden.de\/wp-content\/uploads\/2019\/05\/IMG_0802-Copy-1024x683.jpg 1024w, https:\/\/www.sclbadenbaden.de\/wp-content\/uploads\/2019\/05\/IMG_0802-Copy.jpg 1425w\" sizes=\"auto, (max-width: 300px) 100vw, 300px\" \/><\/a>Lennart Rieck M 12 holte beim Speerwurf m\u00e4chtig aus, und verbesserte sich gegen\u00fcber der Vorwoche um satte 5 Meter auf 26,15 Meter.&nbsp;<\/p>\n<p>&nbsp;<\/p>\n<p>&nbsp;<\/p>\n<p>&nbsp;<\/p>\n<p>&nbsp;<\/p>\n<p><a href=\"http:\/\/www.sclbadenbaden.de\/wp-content\/uploads\/2019\/05\/IMG_0606-Copy.jpg\"><img loading=\"lazy\" decoding=\"async\" class=\"alignleft size-medium wp-image-15046\" src=\"http:\/\/www.sclbadenbaden.de\/wp-content\/uploads\/2019\/05\/IMG_0606-Copy-300x200.jpg\" alt=\"\" width=\"300\" height=\"200\" srcset=\"https:\/\/www.sclbadenbaden.de\/wp-content\/uploads\/2019\/05\/IMG_0606-Copy-300x200.jpg 300w, https:\/\/www.sclbadenbaden.de\/wp-content\/uploads\/2019\/05\/IMG_0606-Copy-150x100.jpg 150w, https:\/\/www.sclbadenbaden.de\/wp-content\/uploads\/2019\/05\/IMG_0606-Copy-768x512.jpg 768w, https:\/\/www.sclbadenbaden.de\/wp-content\/uploads\/2019\/05\/IMG_0606-Copy-1024x683.jpg 1024w, https:\/\/www.sclbadenbaden.de\/wp-content\/uploads\/2019\/05\/IMG_0606-Copy.jpg 1425w\" sizes=\"auto, (max-width: 300px) 100vw, 300px\" \/><\/a>M 15 Diskuswerfer Bj\u00f6rn Metzmeier hat ebenfalls m\u00e4chtig ausgeholt und seine Bestweite um 5 Meter auf 29,26 Meter gesteigert. Lohn der M\u00fche war der Kreistitel. Zwei zweite Pl\u00e4tze kamen noch im Kugelsto\u00dfen mit Bestweite 9,83 Meter und im Speerwurf mit Bestweite 33,89 Meter dazu.<\/p>\n<p>&nbsp;<\/p>\n<p>&nbsp;<\/p>\n<p>&nbsp;<\/p>\n<p><a href=\"http:\/\/www.sclbadenbaden.de\/wp-content\/uploads\/2019\/05\/Enno4.jpg\"><img loading=\"lazy\" decoding=\"async\" class=\"alignleft size-medium wp-image-15067\" src=\"http:\/\/www.sclbadenbaden.de\/wp-content\/uploads\/2019\/05\/Enno4-300x169.jpg\" alt=\"\" width=\"300\" height=\"169\" srcset=\"https:\/\/www.sclbadenbaden.de\/wp-content\/uploads\/2019\/05\/Enno4-300x169.jpg 300w, https:\/\/www.sclbadenbaden.de\/wp-content\/uploads\/2019\/05\/Enno4-150x84.jpg 150w, https:\/\/www.sclbadenbaden.de\/wp-content\/uploads\/2019\/05\/Enno4-768x432.jpg 768w, https:\/\/www.sclbadenbaden.de\/wp-content\/uploads\/2019\/05\/Enno4-1024x576.jpg 1024w, https:\/\/www.sclbadenbaden.de\/wp-content\/uploads\/2019\/05\/Enno4.jpg 1175w\" sizes=\"auto, (max-width: 300px) 100vw, 300px\" \/><\/a>Zwei Mal Zweiter wurde Enno Wallhorn \u00fcber 75 Meter in starken 10,60 Sekunden (Bestzeit)&nbsp; im Finallauf und mit 22,89 Meter im Speerwurf. Zwei vierte Pl\u00e4tze gab es f\u00fcr ihn im Weitsprung (4,08 Meter) und im Hochsprung (1,25 Meter).<\/p>\n<p>&nbsp;<\/p>\n<p>&nbsp;<\/p>\n<p>&nbsp;<\/p>\n<p>&nbsp;<\/p>\n<p><a href=\"http:\/\/www.sclbadenbaden.de\/wp-content\/uploads\/2019\/05\/IMG_0584-Copy.jpg\"><img loading=\"lazy\" decoding=\"async\" class=\"alignleft size-medium wp-image-15048\" src=\"http:\/\/www.sclbadenbaden.de\/wp-content\/uploads\/2019\/05\/IMG_0584-Copy-300x200.jpg\" alt=\"\" width=\"300\" height=\"200\" srcset=\"https:\/\/www.sclbadenbaden.de\/wp-content\/uploads\/2019\/05\/IMG_0584-Copy-300x200.jpg 300w, https:\/\/www.sclbadenbaden.de\/wp-content\/uploads\/2019\/05\/IMG_0584-Copy-150x100.jpg 150w, https:\/\/www.sclbadenbaden.de\/wp-content\/uploads\/2019\/05\/IMG_0584-Copy-768x512.jpg 768w, https:\/\/www.sclbadenbaden.de\/wp-content\/uploads\/2019\/05\/IMG_0584-Copy-1024x683.jpg 1024w, https:\/\/www.sclbadenbaden.de\/wp-content\/uploads\/2019\/05\/IMG_0584-Copy.jpg 1425w\" sizes=\"auto, (max-width: 300px) 100vw, 300px\" \/><\/a>Die W 12 M\u00e4dchen des SCL Heel flogen im im Weit- und Hochsprung zu mehreren Bestleistungen. Antonia R\u00f6mer freute sich im Hochsprung mit 1,30 Meter \u00fcber Platz zwei und als 5. im Weitsprung \u00fcber neue Rekordweite von 4,10 Meter.<\/p>\n<p>&nbsp;<\/p>\n<p>&nbsp;<\/p>\n<p>&nbsp;<\/p>\n<p>&nbsp;<\/p>\n<p><a href=\"http:\/\/www.sclbadenbaden.de\/wp-content\/uploads\/2019\/05\/IMG_0797-Copy.jpg\"><img loading=\"lazy\" decoding=\"async\" class=\"alignleft size-medium wp-image-15049\" src=\"http:\/\/www.sclbadenbaden.de\/wp-content\/uploads\/2019\/05\/IMG_0797-Copy-300x200.jpg\" alt=\"\" width=\"300\" height=\"200\" srcset=\"https:\/\/www.sclbadenbaden.de\/wp-content\/uploads\/2019\/05\/IMG_0797-Copy-300x200.jpg 300w, https:\/\/www.sclbadenbaden.de\/wp-content\/uploads\/2019\/05\/IMG_0797-Copy-150x100.jpg 150w, https:\/\/www.sclbadenbaden.de\/wp-content\/uploads\/2019\/05\/IMG_0797-Copy-768x512.jpg 768w, https:\/\/www.sclbadenbaden.de\/wp-content\/uploads\/2019\/05\/IMG_0797-Copy-1024x683.jpg 1024w, https:\/\/www.sclbadenbaden.de\/wp-content\/uploads\/2019\/05\/IMG_0797-Copy.jpg 1425w\" sizes=\"auto, (max-width: 300px) 100vw, 300px\" \/><\/a>Philippa Jung gewann \u00fcber 75 Meter das B-Finale in tollen 11,53 Sekunden. Valentina Hank wurde in diesem Lauf Vierte in 11,78 und Antonia R\u00f6mer Sechste mit 11,86 Sekunden.<\/p>\n<p>&nbsp;<\/p>\n<p>&nbsp;<\/p>\n<p>&nbsp;<\/p>\n<p>&nbsp;<\/p>\n<p><a href=\"http:\/\/www.sclbadenbaden.de\/wp-content\/uploads\/2019\/05\/Valentina.jpg\"><img loading=\"lazy\" decoding=\"async\" class=\"alignleft size-medium wp-image-15050\" src=\"http:\/\/www.sclbadenbaden.de\/wp-content\/uploads\/2019\/05\/Valentina-300x169.jpg\" alt=\"\" width=\"300\" height=\"169\" srcset=\"https:\/\/www.sclbadenbaden.de\/wp-content\/uploads\/2019\/05\/Valentina-300x169.jpg 300w, https:\/\/www.sclbadenbaden.de\/wp-content\/uploads\/2019\/05\/Valentina-150x85.jpg 150w, https:\/\/www.sclbadenbaden.de\/wp-content\/uploads\/2019\/05\/Valentina-768x433.jpg 768w, https:\/\/www.sclbadenbaden.de\/wp-content\/uploads\/2019\/05\/Valentina-1024x577.jpg 1024w, https:\/\/www.sclbadenbaden.de\/wp-content\/uploads\/2019\/05\/Valentina.jpg 1065w\" sizes=\"auto, (max-width: 300px) 100vw, 300px\" \/><\/a>Im Weitsprung gab es diese Ergebnisse: Valentina Hank 4,02 Meter; Sophia Schmitz 3,89 Meter, Clara Lakotta 3,84 Meter.&nbsp;<\/p>\n<p>&nbsp;<\/p>\n<p>&nbsp;<\/p>\n<p>&nbsp;<\/p>\n<p>&nbsp;<\/p>\n<p><a href=\"http:\/\/www.sclbadenbaden.de\/wp-content\/uploads\/2019\/05\/IMG_0581-Copy.jpg\"><img loading=\"lazy\" decoding=\"async\" class=\"alignleft size-medium wp-image-15051\" src=\"http:\/\/www.sclbadenbaden.de\/wp-content\/uploads\/2019\/05\/IMG_0581-Copy-300x200.jpg\" alt=\"\" width=\"300\" height=\"200\" srcset=\"https:\/\/www.sclbadenbaden.de\/wp-content\/uploads\/2019\/05\/IMG_0581-Copy-300x200.jpg 300w, https:\/\/www.sclbadenbaden.de\/wp-content\/uploads\/2019\/05\/IMG_0581-Copy-150x100.jpg 150w, https:\/\/www.sclbadenbaden.de\/wp-content\/uploads\/2019\/05\/IMG_0581-Copy-768x512.jpg 768w, https:\/\/www.sclbadenbaden.de\/wp-content\/uploads\/2019\/05\/IMG_0581-Copy-1024x683.jpg 1024w, https:\/\/www.sclbadenbaden.de\/wp-content\/uploads\/2019\/05\/IMG_0581-Copy.jpg 1425w\" sizes=\"auto, (max-width: 300px) 100vw, 300px\" \/><\/a><a href=\"http:\/\/www.sclbadenbaden.de\/wp-content\/uploads\/2019\/05\/IMG_0577-Copy.jpg\"><img loading=\"lazy\" decoding=\"async\" class=\"alignleft size-medium wp-image-15052\" src=\"http:\/\/www.sclbadenbaden.de\/wp-content\/uploads\/2019\/05\/IMG_0577-Copy-300x200.jpg\" alt=\"\" width=\"300\" height=\"200\" srcset=\"https:\/\/www.sclbadenbaden.de\/wp-content\/uploads\/2019\/05\/IMG_0577-Copy-300x200.jpg 300w, https:\/\/www.sclbadenbaden.de\/wp-content\/uploads\/2019\/05\/IMG_0577-Copy-150x100.jpg 150w, https:\/\/www.sclbadenbaden.de\/wp-content\/uploads\/2019\/05\/IMG_0577-Copy-768x512.jpg 768w, https:\/\/www.sclbadenbaden.de\/wp-content\/uploads\/2019\/05\/IMG_0577-Copy-1024x683.jpg 1024w, https:\/\/www.sclbadenbaden.de\/wp-content\/uploads\/2019\/05\/IMG_0577-Copy.jpg 1425w\" sizes=\"auto, (max-width: 300px) 100vw, 300px\" \/><\/a>Hochsprung: Philippa Jung 1,25 Meter, Clara Lacotta 1,20 Meter.<\/p>\n<p>&nbsp;<\/p>\n<p>&nbsp;<\/p>\n<p>&nbsp;<\/p>\n<p>&nbsp;<\/p>\n<p><a href=\"http:\/\/www.sclbadenbaden.de\/wp-content\/uploads\/2019\/05\/Team.jpg\"><img loading=\"lazy\" decoding=\"async\" class=\"alignleft size-large wp-image-15053\" src=\"http:\/\/www.sclbadenbaden.de\/wp-content\/uploads\/2019\/05\/Team-1024x576.jpg\" alt=\"\" width=\"1024\" height=\"576\" srcset=\"https:\/\/www.sclbadenbaden.de\/wp-content\/uploads\/2019\/05\/Team-1024x576.jpg 1024w, https:\/\/www.sclbadenbaden.de\/wp-content\/uploads\/2019\/05\/Team-150x84.jpg 150w, https:\/\/www.sclbadenbaden.de\/wp-content\/uploads\/2019\/05\/Team-300x169.jpg 300w, https:\/\/www.sclbadenbaden.de\/wp-content\/uploads\/2019\/05\/Team-768x432.jpg 768w, https:\/\/www.sclbadenbaden.de\/wp-content\/uploads\/2019\/05\/Team.jpg 1424w\" sizes=\"auto, (max-width: 1024px) 100vw, 1024px\" \/><\/a>75 Meter Vorlauf: Antonia R\u00f6mer 11,57; Philippa Jung 11,71; Valentina Hank 11,76; Clara Lakotta 11,81; Sophia Schmitz 12,26.<\/p>\n<p>Die Staffel \u00fcber 4&#215;75 Meter mit Antonia R\u00f6mer, Clara Lakotta, Valentina Hank und Philippa Jung lief in 45,12 Sekunden auf Platz 5.&nbsp;&nbsp;<\/p>\n<p><a href=\"https:\/\/www.laportal.net\/Competitions\/Details\/1795\">Zur Ergebnisliste<\/a><\/p>\n<p>&nbsp;<\/p>\n<p>&nbsp;<\/p>\n","protected":false},"excerpt":{"rendered":"<p>&nbsp; &nbsp; &nbsp; &nbsp; &nbsp; &nbsp; &nbsp; Die Bedingungen ideal, 20 Grad, Sonnenschein, im B\u00fchlertaler Mittelbergstadion weht ein leichter R\u00fcckenwind von 0,9 Meter pro Sekunden. F\u00fcr die 100 Meter geht Justus Baumgarten U20 in die Startposition. Konzentration, der Schuss und der deutsche Vizemeister \u00fcber die 400 Meter&nbsp; wuchtet sich aus dem Startblock, trommelt sich in [&hellip;]<\/p>\n","protected":false},"author":20,"featured_media":0,"comment_status":"open","ping_status":"open","sticky":false,"template":"","format":"standard","meta":{"footnotes":""},"categories":[2,4,6,7],"tags":[],"class_list":["post-15041","post","type-post","status-publish","format-standard","hentry","category-berichte","category-ergebnisse","category-jugend","category-kreismeisterschaften"],"_links":{"self":[{"href":"https:\/\/www.sclbadenbaden.de\/index.php?rest_route=\/wp\/v2\/posts\/15041","targetHints":{"allow":["GET"]}}],"collection":[{"href":"https:\/\/www.sclbadenbaden.de\/index.php?rest_route=\/wp\/v2\/posts"}],"about":[{"href":"https:\/\/www.sclbadenbaden.de\/index.php?rest_route=\/wp\/v2\/types\/post"}],"author":[{"embeddable":true,"href":"https:\/\/www.sclbadenbaden.de\/index.php?rest_route=\/wp\/v2\/users\/20"}],"replies":[{"embeddable":true,"href":"https:\/\/www.sclbadenbaden.de\/index.php?rest_route=%2Fwp%2Fv2%2Fcomments&post=15041"}],"version-history":[{"count":7,"href":"https:\/\/www.sclbadenbaden.de\/index.php?rest_route=\/wp\/v2\/posts\/15041\/revisions"}],"predecessor-version":[{"id":15074,"href":"https:\/\/www.sclbadenbaden.de\/index.php?rest_route=\/wp\/v2\/posts\/15041\/revisions\/15074"}],"wp:attachment":[{"href":"https:\/\/www.sclbadenbaden.de\/index.php?rest_route=%2Fwp%2Fv2%2Fmedia&parent=15041"}],"wp:term":[{"taxonomy":"category","embeddable":true,"href":"https:\/\/www.sclbadenbaden.de\/index.php?rest_route=%2Fwp%2Fv2%2Fcategories&post=15041"},{"taxonomy":"post_tag","embeddable":true,"href":"https:\/\/www.sclbadenbaden.de\/index.php?rest_route=%2Fwp%2Fv2%2Ftags&post=15041"}],"curies":[{"name":"wp","href":"https:\/\/api.w.org\/{rel}","templated":true}]}}